{"id":4737,"date":"2026-09-01T11:04:23","date_gmt":"2026-09-01T12:04:23","guid":{"rendered":"https:\/\/consultoria.cv\/ministro-clovis-isildo-silva-encerra-formacao-profissional-na-cadeia-central-da-praia\/"},"modified":"2026-09-01T11:04:23","modified_gmt":"2026-09-01T12:04:23","slug":"ministro-clovis-isildo-silva-encerra-formacao-profissional-na-cadeia-central-da-praia","status":"publish","type":"post","link":"https:\/\/consultoria.cv\/fr\/ministro-clovis-isildo-silva-encerra-formacao-profissional-na-cadeia-central-da-praia\/","title":{"rendered":"Ministro Cl\u00f3vis Isildo Silva encerra forma\u00e7\u00e3o profissional na Cadeia Central da Praia"},"content":{"rendered":"<div>\n<p>O Ministro da Justi\u00e7a, Presid\u00eancia do Conselho de Ministros, Assuntos Parlamentares e Comunica\u00e7\u00e3o Social, Cl\u00f3vis Silva, procedeu, nesta segunda-feira, 31 de agosto, o encerramento e entrega de certificados de forma\u00e7\u00e3o profissional na Cadeia Central da Praia.<\/p>\n<p>Esta forma\u00e7\u00e3o, destinada \u00e0 popula\u00e7\u00e3o reclusa da Cadeia Central da Praia, foi ministrada nas \u00e1reas de Horticultura, Bate-Chapa e Pintura Auto, sendo resultante de uma parceria entre a Dire\u00e7\u00e3o-Geral dos Servi\u00e7os Prisionais e de Reinser\u00e7\u00e3o Social (DGSPRS), o Instituto do Emprego e Forma\u00e7\u00e3o Profissional (IEFP), atrav\u00e9s dos Centros de Emprego e Forma\u00e7\u00e3o Profissional da Variante e de Ribeira Grande de Santiago.<\/p>\n<p>No total, conclu\u00edram a forma\u00e7\u00e3o 43 reclusos, sendo 15 em Bate-Chapa e Pintura Auto e 28 em Horticultura.<\/p>\n<p>Para o Ministro Cl\u00f3vis Isildo Silva, \u201co emprego \u00e9 o melhor m\u00e9todo para garantir a reintegra\u00e7\u00e3o social dos reclusos, quando cumprirem as suas penas, pois o rendimento que adv\u00e9m de um trabalho remunerat\u00f3rio garante a sustentabilidade individual e familiar e o pensar num amanh\u00e3 melhor\u201d.<\/p>\n<p>Segundo o Ministro, \u201ca forma\u00e7\u00e3o e capacita\u00e7\u00e3o profissional s\u00e3o ferramentas que permitem aos reclusos e n\u00e3o s\u00f3, procurar o emprego e melhorarem as suas condi\u00e7\u00f5es de vida e ter um futuro diferente\u201d.<\/p>\n<p>A finalizar, o governante que responde pela pasta da Justi\u00e7a sinaliza a \u201cnecessidade de uma abordagem junto das empresas para diminuir o estigma social que, muitas vezes, acompanha os indiv\u00edduos, na era p\u00f3s-reclus\u00e3o, sobretudo no acesso aos est\u00e1gios e empregos\u201d.<\/p>\n<p>A iniciativa vai ao encontro do Programa do Governo que prioriza a aposta na valoriza\u00e7\u00e3o do capital humano, na qualifica\u00e7\u00e3o profissional, na promo\u00e7\u00e3o da empregabilidade dos jovens e na implementa\u00e7\u00e3o de pol\u00edticas p\u00fablicas orientadas para a inclus\u00e3o social e para a redu\u00e7\u00e3o das desigualdades, com especial aten\u00e7\u00e3o aos grupos em situa\u00e7\u00e3o de maior vulnerabilidade. E nesse contexto, a reinser\u00e7\u00e3o social das pessoas privadas de liberdade assume-se como uma prioridade estrat\u00e9gica da pol\u00edtica de justi\u00e7a, reconhecendo-se que a execu\u00e7\u00e3o da pena deve ir al\u00e9m da priva\u00e7\u00e3o da liberdade, constituindo igualmente uma oportunidade de reabilita\u00e7\u00e3o, capacita\u00e7\u00e3o, aquisi\u00e7\u00e3o de compet\u00eancias e prepara\u00e7\u00e3o para uma integra\u00e7\u00e3o plena na vida econ\u00f3mica e social. A vis\u00e3o do Governo assenta na convic\u00e7\u00e3o de que a seguran\u00e7a p\u00fablica se fortalece quando se criam condi\u00e7\u00f5es efetivas para que os cidad\u00e3os, ap\u00f3s o cumprimento da pena, possam reconstruir os seus projetos de vida atrav\u00e9s do trabalho digno, da forma\u00e7\u00e3o e da participa\u00e7\u00e3o ativa na sociedade.<\/p>\n<p>Le poste <a rel=\"nofollow\" href=\"https:\/\/www.governo.cv\/ministro-clovis-isildo-silva-encerra-formacao-profissionais-na-cadeia-central-da-praia\/\" target=\"_blank\">Ministro Cl\u00f3vis Isildo Silva encerra forma\u00e7\u00e3o profissional na Cadeia Central da Praia<\/a> est apparu en premier sur <a rel=\"nofollow\" href=\"https:\/\/www.governo.cv\/\" target=\"_blank\">Gouvernement du Cap-Vert<\/a>.<\/p>\n<\/div>","protected":false},"excerpt":{"rendered":"<p>O Ministro da Justi\u00e7a, Presid\u00eancia do Conselho de Ministros, Assuntos Parlamentares e Comunica\u00e7\u00e3o Social, Cl\u00f3vis Silva, procedeu, nesta segunda-feira, 31 de agosto, o encerramento e entrega de certificados de forma\u00e7\u00e3o profissional na Cadeia Central da Praia. Esta forma\u00e7\u00e3o, destinada \u00e0 popula\u00e7\u00e3o reclusa da Cadeia Central da Praia, foi ministrada nas \u00e1reas de Horticultura, Bate-Chapa e [&hellip;]<\/p>\n","protected":false},"author":2,"featured_media":0,"comment_status":"closed","ping_status":"closed","sticky":false,"template":"","format":"standard","meta":{"_breakdance_hide_in_design_set":false,"_breakdance_tags":"","footnotes":""},"categories":[263],"tags":[264],"class_list":["post-4737","post","type-post","status-publish","format-standard","hentry","category-noticias","tag-noticias"],"_links":{"self":[{"href":"https:\/\/consultoria.cv\/fr\/wp-json\/wp\/v2\/posts\/4737","targetHints":{"allow":["GET"]}}],"collection":[{"href":"https:\/\/consultoria.cv\/fr\/wp-json\/wp\/v2\/posts"}],"about":[{"href":"https:\/\/consultoria.cv\/fr\/wp-json\/wp\/v2\/types\/post"}],"author":[{"embeddable":true,"href":"https:\/\/consultoria.cv\/fr\/wp-json\/wp\/v2\/users\/2"}],"replies":[{"embeddable":true,"href":"https:\/\/consultoria.cv\/fr\/wp-json\/wp\/v2\/comments?post=4737"}],"version-history":[{"count":0,"href":"https:\/\/consultoria.cv\/fr\/wp-json\/wp\/v2\/posts\/4737\/revisions"}],"wp:attachment":[{"href":"https:\/\/consultoria.cv\/fr\/wp-json\/wp\/v2\/media?parent=4737"}],"wp:term":[{"taxonomy":"category","embeddable":true,"href":"https:\/\/consultoria.cv\/fr\/wp-json\/wp\/v2\/categories?post=4737"},{"taxonomy":"post_tag","embeddable":true,"href":"https:\/\/consultoria.cv\/fr\/wp-json\/wp\/v2\/tags?post=4737"}],"curies":[{"name":"wp","href":"https:\/\/api.w.org\/{rel}","templated":true}]}}