{"id":4734,"date":"2026-09-01T11:02:20","date_gmt":"2026-09-01T12:02:20","guid":{"rendered":"https:\/\/consultoria.cv\/inspetor-geral-da-igae-toma-posse-governo-quer-uma-instituicao-moderna-preventiva-e-parceira-da-transformacao-economica\/"},"modified":"2026-09-01T11:02:20","modified_gmt":"2026-09-01T12:02:20","slug":"inspetor-geral-da-igae-toma-posse-governo-quer-uma-instituicao-moderna-preventiva-e-parceira-da-transformacao-economica","status":"publish","type":"post","link":"https:\/\/consultoria.cv\/fr\/inspetor-geral-da-igae-toma-posse-governo-quer-uma-instituicao-moderna-preventiva-e-parceira-da-transformacao-economica\/","title":{"rendered":"Inspetor-Geral da IGAE toma posse: Governo quer uma institui\u00e7\u00e3o moderna, preventiva e parceira da transforma\u00e7\u00e3o econ\u00f3mica"},"content":{"rendered":"<div>\n<p>O Governo, atrav\u00e9s do Ministro da Economia, Com\u00e9rcio, Ind\u00fastria e Transi\u00e7\u00e3o Digital, Ant\u00f3nio Baptista, defendeu, esta sexta-feira, 28 de agosto, uma Inspe\u00e7\u00e3o-Geral das Atividades Econ\u00f3micas (IGAE) moderna, profissional, digital e orientada para a preven\u00e7\u00e3o e para a transforma\u00e7\u00e3o da economia cabo-verdiana.<\/p>\n<p>Esta posi\u00e7\u00e3o foi defendida durante a tomada de posse de Elis\u00e2ngelo de Deus L\u00e9ger Monteiro como novo Inspetor-Geral da IGAE, testemunhada pelo Primeiro-Ministro, Francisco Carvalho, e que contou com a presen\u00e7a de membros do Governo, dirigentes e colaboradores da institui\u00e7\u00e3o, bem como de representantes de entidades p\u00fablicas e privadas ligadas aos setores da economia e da fiscaliza\u00e7\u00e3o.<\/p>\n<p>Na sua interven\u00e7\u00e3o, o Ministro Ant\u00f3nio Baptista sublinhou que a fiscaliza\u00e7\u00e3o econ\u00f3mica deve ser entendida como parte integrante da pol\u00edtica de desenvolvimento do pa\u00eds e defendeu que a IGAE deve ir al\u00e9m da fiscaliza\u00e7\u00e3o e da san\u00e7\u00e3o, assumindo um papel ativo na transforma\u00e7\u00e3o da economia cabo-verdiana.<\/p>\n<p>A ideia central defendida pelo Ministro, que considerou a fiscaliza\u00e7\u00e3o econ\u00f3mica como uma componente essencial da estrat\u00e9gia de desenvolvimento do pa\u00eds, foi \u201cFiscalizar para transformar\u201d.<\/p>\n<p>Mais do que isso, Ant\u00f3nio Baptista salientou que a ambi\u00e7\u00e3o de produzir mais, transformar mais, exportar mais e aumentar a presen\u00e7a dos produtos nacionais nos mercados exige o refor\u00e7o das normas de qualidade, seguran\u00e7a, rastreabilidade e certifica\u00e7\u00e3o.<\/p>\n<p>O Ministro defendeu ainda uma fiscaliza\u00e7\u00e3o que apoie e oriente os operadores que cumprem as regras, mas que atue com firmeza perante pr\u00e1ticas que coloquem em causa a sa\u00fade p\u00fablica, os consumidores e a concorr\u00eancia leal.<\/p>\n<p><strong>Uma IGAE mais digital e inteligente<\/strong><\/p>\n<p>Ao tomar posse, Elis\u00e2ngelo Monteiro, que j\u00e1 havia dirigido a IGAE entre 2015 e 2020, afirmou assumir novamente a fun\u00e7\u00e3o com \u201cresponsabilidade acrescida e sentido de humanidade mais apurado\u201d.<\/p>\n<p>O novo Inspetor-Geral assumiu o compromisso de refor\u00e7ar a moderniza\u00e7\u00e3o e a transforma\u00e7\u00e3o digital da institui\u00e7\u00e3o, apostando na inova\u00e7\u00e3o, na utiliza\u00e7\u00e3o de dados e numa forte componente cient\u00edfica para tornar a fiscaliza\u00e7\u00e3o mais eficaz e assertiva.<\/p>\n<p>\u201cEstamos confiantes de que seremos a pol\u00edcia econ\u00f3mica mais digital da nossa comunidade\u201d, afirmou Elis\u00e2ngelo Monteiro, que apelou igualmente ao refor\u00e7o dos investimentos e da capacidade institucional da IGAE, considerando que investir na institui\u00e7\u00e3o \u00e9 garantir maior prote\u00e7\u00e3o, seguran\u00e7a alimentar e um ambiente de neg\u00f3cios mais saud\u00e1vel e atrativo ao investimento e ao empreendedorismo.<\/p>\n<p>Le poste <a rel=\"nofollow\" href=\"https:\/\/www.governo.cv\/inspetor-geral-da-igae-toma-posse-governo-quer-uma-instituicao-moderna-preventiva-e-parceira-da-transformacao-economica\/\" target=\"_blank\">Inspetor-Geral da IGAE toma posse: Governo quer uma institui\u00e7\u00e3o moderna, preventiva e parceira da transforma\u00e7\u00e3o econ\u00f3mica<\/a> est apparu en premier sur <a rel=\"nofollow\" href=\"https:\/\/www.governo.cv\/\" target=\"_blank\">Gouvernement du Cap-Vert<\/a>.<\/p>\n<\/div>","protected":false},"excerpt":{"rendered":"<p>O Governo, atrav\u00e9s do Ministro da Economia, Com\u00e9rcio, Ind\u00fastria e Transi\u00e7\u00e3o Digital, Ant\u00f3nio Baptista, defendeu, esta sexta-feira, 28 de agosto, uma Inspe\u00e7\u00e3o-Geral das Atividades Econ\u00f3micas (IGAE) moderna, profissional, digital e orientada para a preven\u00e7\u00e3o e para a transforma\u00e7\u00e3o da economia cabo-verdiana. Esta posi\u00e7\u00e3o foi defendida durante a tomada de posse de Elis\u00e2ngelo de Deus L\u00e9ger [&hellip;]<\/p>\n","protected":false},"author":2,"featured_media":0,"comment_status":"closed","ping_status":"closed","sticky":false,"template":"","format":"standard","meta":{"_breakdance_hide_in_design_set":false,"_breakdance_tags":"","footnotes":""},"categories":[263],"tags":[264],"class_list":["post-4734","post","type-post","status-publish","format-standard","hentry","category-noticias","tag-noticias"],"_links":{"self":[{"href":"https:\/\/consultoria.cv\/fr\/wp-json\/wp\/v2\/posts\/4734","targetHints":{"allow":["GET"]}}],"collection":[{"href":"https:\/\/consultoria.cv\/fr\/wp-json\/wp\/v2\/posts"}],"about":[{"href":"https:\/\/consultoria.cv\/fr\/wp-json\/wp\/v2\/types\/post"}],"author":[{"embeddable":true,"href":"https:\/\/consultoria.cv\/fr\/wp-json\/wp\/v2\/users\/2"}],"replies":[{"embeddable":true,"href":"https:\/\/consultoria.cv\/fr\/wp-json\/wp\/v2\/comments?post=4734"}],"version-history":[{"count":0,"href":"https:\/\/consultoria.cv\/fr\/wp-json\/wp\/v2\/posts\/4734\/revisions"}],"wp:attachment":[{"href":"https:\/\/consultoria.cv\/fr\/wp-json\/wp\/v2\/media?parent=4734"}],"wp:term":[{"taxonomy":"category","embeddable":true,"href":"https:\/\/consultoria.cv\/fr\/wp-json\/wp\/v2\/categories?post=4734"},{"taxonomy":"post_tag","embeddable":true,"href":"https:\/\/consultoria.cv\/fr\/wp-json\/wp\/v2\/tags?post=4734"}],"curies":[{"name":"wp","href":"https:\/\/api.w.org\/{rel}","templated":true}]}}