{"id":4733,"date":"2026-08-31T23:07:23","date_gmt":"2026-09-01T00:07:23","guid":{"rendered":"https:\/\/consultoria.cv\/%f0%9d%90%82%f0%9d%90%9a%f0%9d%90%9b%f0%9d%90%a8-%f0%9d%90%95%f0%9d%90%9e%f0%9d%90%ab%f0%9d%90%9d%f0%9d%90%9e-%f0%9d%90%9e-%f0%9d%90%82%f0%9d%90%a1%f0%9d%90%a2%f0%9d%90%a7%f0%9d%90%9a-%f0%9d%90%ab\/"},"modified":"2026-08-31T23:07:23","modified_gmt":"2026-09-01T00:07:23","slug":"%f0%9d%90%82%f0%9d%90%9a%f0%9d%90%9b%f0%9d%90%a8-%f0%9d%90%95%f0%9d%90%9e%f0%9d%90%ab%f0%9d%90%9d%f0%9d%90%9e-%f0%9d%90%9e-%f0%9d%90%82%f0%9d%90%a1%f0%9d%90%a2%f0%9d%90%a7%f0%9d%90%9a-%f0%9d%90%ab","status":"publish","type":"post","link":"https:\/\/consultoria.cv\/fr\/%f0%9d%90%82%f0%9d%90%9a%f0%9d%90%9b%f0%9d%90%a8-%f0%9d%90%95%f0%9d%90%9e%f0%9d%90%ab%f0%9d%90%9d%f0%9d%90%9e-%f0%9d%90%9e-%f0%9d%90%82%f0%9d%90%a1%f0%9d%90%a2%f0%9d%90%a7%f0%9d%90%9a-%f0%9d%90%ab\/","title":{"rendered":"\ud835\udc02\ud835\udc1a\ud835\udc1b\ud835\udc28 \ud835\udc15\ud835\udc1e\ud835\udc2b\ud835\udc1d\ud835\udc1e \ud835\udc1e \ud835\udc02\ud835\udc21\ud835\udc22\ud835\udc27\ud835\udc1a \ud835\udc2b\ud835\udc1e\ud835\udc1f\ud835\udc28\ud835\udc2b\u00e7a\ud835\udc26 \ud835\udc02\ud835\udc28\ud835\udc28\ud835\udc29\ud835\udc1e\ud835\udc2ba\u00e7\u00e3o \ud835\udc27\ud835\udc28 \ud835\udc03\ud835\udc28m\u00ednio \ud835\udc1d\ud835\udc1a \ud835\udc02\ud835\udc28\ud835\udc26\ud835\udc2e\ud835\udc27\ud835\udc22\ud835\udc1c\ud835\udc1a\u00e7\u00e3o \ud835\udc12\ud835\udc28\ud835\udc1c\ud835\udc22\ud835\udc1a\ud835\udc25"},"content":{"rendered":"<div>\n<p>Por ocasi\u00e3o da participa\u00e7\u00e3o do Ministro da Justi\u00e7a, Presid\u00eancia do Conselho de Ministros, Assuntos Parlamentares e Comunica\u00e7\u00e3o Social, Cl\u00f3vis Isildo Silva, no 7\u00b0 F\u00f3rum China-\u00c1frica, realizado de 19 a 21 de agosto, em Pequim, China, foi assinado um Acordo de Coopera\u00e7\u00e3o em Radiodifus\u00e3o e Audiovisual Online entre Cabo Verde e a Rep\u00fablica Popular da China.<\/p>\n<p>O acordo visa refor\u00e7ar a coopera\u00e7\u00e3o entre os dois pa\u00edses no dom\u00ednio da comunica\u00e7\u00e3o social, atrav\u00e9s do interc\u00e2mbio de conte\u00fados e programas de r\u00e1dio, televis\u00e3o e audiovisual online, bem como da partilha de experi\u00eancias, conhecimentos e boas pr\u00e1ticas.<\/p>\n<p>O instrumento prev\u00ea ainda iniciativas conjuntas de forma\u00e7\u00e3o e capacita\u00e7\u00e3o de profissionais, interc\u00e2mbio de conte\u00fados e coopera\u00e7\u00e3o em \u00e1reas ligadas \u00e0 inova\u00e7\u00e3o tecnol\u00f3gica e \u00e0 transforma\u00e7\u00e3o digital dos meios de comunica\u00e7\u00e3o.<\/p>\n<p>A assinatura deste acordo constitui mais um passo no fortalecimento das rela\u00e7\u00f5es de amizade e coopera\u00e7\u00e3o entre Cabo Verde e a Rep\u00fablica Popular da China, abrindo novas oportunidades de interc\u00e2mbio e colabora\u00e7\u00e3o no setor da comunica\u00e7\u00e3o social.<\/p>\n<p>Le poste <a rel=\"nofollow\" href=\"https:\/\/www.governo.cv\/%F0%9D%90%82%F0%9D%90%9A%F0%9D%90%9B%F0%9D%90%A8-%F0%9D%90%95%F0%9D%90%9E%F0%9D%90%AB%F0%9D%90%9D%F0%9D%90%9E-%F0%9D%90%9E-%F0%9D%90%82%F0%9D%90%A1%F0%9D%90%A2%F0%9D%90%A7%F0%9D%90%9A-%F0%9D%90%AB\/\" target=\"_blank\">\ud835\udc02\ud835\udc1a\ud835\udc1b\ud835\udc28 \ud835\udc15\ud835\udc1e\ud835\udc2b\ud835\udc1d\ud835\udc1e \ud835\udc1e \ud835\udc02\ud835\udc21\ud835\udc22\ud835\udc27\ud835\udc1a \ud835\udc2b\ud835\udc1e\ud835\udc1f\ud835\udc28\ud835\udc2b\u00e7a\ud835\udc26 \ud835\udc02\ud835\udc28\ud835\udc28\ud835\udc29\ud835\udc1e\ud835\udc2ba\u00e7\u00e3o \ud835\udc27\ud835\udc28 \ud835\udc03\ud835\udc28m\u00ednio \ud835\udc1d\ud835\udc1a \ud835\udc02\ud835\udc28\ud835\udc26\ud835\udc2e\ud835\udc27\ud835\udc22\ud835\udc1c\ud835\udc1a\u00e7\u00e3o \ud835\udc12\ud835\udc28\ud835\udc1c\ud835\udc22\ud835\udc1a\ud835\udc25<\/a> est apparu en premier sur <a rel=\"nofollow\" href=\"https:\/\/www.governo.cv\/\" target=\"_blank\">Gouvernement du Cap-Vert<\/a>.<\/p>\n<\/div>","protected":false},"excerpt":{"rendered":"<p>Por ocasi\u00e3o da participa\u00e7\u00e3o do Ministro da Justi\u00e7a, Presid\u00eancia do Conselho de Ministros, Assuntos Parlamentares e Comunica\u00e7\u00e3o Social, Cl\u00f3vis Isildo Silva, no 7\u00b0 F\u00f3rum China-\u00c1frica, realizado de 19 a 21 de agosto, em Pequim, China, foi assinado um Acordo de Coopera\u00e7\u00e3o em Radiodifus\u00e3o e Audiovisual Online entre Cabo Verde e a Rep\u00fablica Popular da China. [&hellip;]<\/p>\n","protected":false},"author":2,"featured_media":0,"comment_status":"closed","ping_status":"closed","sticky":false,"template":"","format":"standard","meta":{"_breakdance_hide_in_design_set":false,"_breakdance_tags":"","footnotes":""},"categories":[263],"tags":[264],"class_list":["post-4733","post","type-post","status-publish","format-standard","hentry","category-noticias","tag-noticias"],"_links":{"self":[{"href":"https:\/\/consultoria.cv\/fr\/wp-json\/wp\/v2\/posts\/4733","targetHints":{"allow":["GET"]}}],"collection":[{"href":"https:\/\/consultoria.cv\/fr\/wp-json\/wp\/v2\/posts"}],"about":[{"href":"https:\/\/consultoria.cv\/fr\/wp-json\/wp\/v2\/types\/post"}],"author":[{"embeddable":true,"href":"https:\/\/consultoria.cv\/fr\/wp-json\/wp\/v2\/users\/2"}],"replies":[{"embeddable":true,"href":"https:\/\/consultoria.cv\/fr\/wp-json\/wp\/v2\/comments?post=4733"}],"version-history":[{"count":0,"href":"https:\/\/consultoria.cv\/fr\/wp-json\/wp\/v2\/posts\/4733\/revisions"}],"wp:attachment":[{"href":"https:\/\/consultoria.cv\/fr\/wp-json\/wp\/v2\/media?parent=4733"}],"wp:term":[{"taxonomy":"category","embeddable":true,"href":"https:\/\/consultoria.cv\/fr\/wp-json\/wp\/v2\/categories?post=4733"},{"taxonomy":"post_tag","embeddable":true,"href":"https:\/\/consultoria.cv\/fr\/wp-json\/wp\/v2\/tags?post=4733"}],"curies":[{"name":"wp","href":"https:\/\/api.w.org\/{rel}","templated":true}]}}