{"id":4732,"date":"2026-08-31T23:06:22","date_gmt":"2026-09-01T00:06:22","guid":{"rendered":"https:\/\/consultoria.cv\/francisco-carvalho-diz-que-veto-presidencial-a-nomeacao-do-pgr-faz-parte-do-jogo-democratico\/"},"modified":"2026-08-31T23:06:22","modified_gmt":"2026-09-01T00:06:22","slug":"francisco-carvalho-diz-que-veto-presidencial-a-nomeacao-do-pgr-faz-parte-do-jogo-democratico","status":"publish","type":"post","link":"https:\/\/consultoria.cv\/fr\/francisco-carvalho-diz-que-veto-presidencial-a-nomeacao-do-pgr-faz-parte-do-jogo-democratico\/","title":{"rendered":"Francisco Carvalho diz que veto presidencial \u00e0 nomea\u00e7\u00e3o do PGR faz parte do jogo democr\u00e1tico"},"content":{"rendered":"<div>\n<p>O Primeiro-Ministro, Francisco Carvalho, considera que a decis\u00e3o do Presidente da Rep\u00fablica, Jos\u00e9 Maria Neves, de n\u00e3o concordar com a proposta do Governo para a nomea\u00e7\u00e3o do novo Procurador-Geral da Rep\u00fablica (PGR) enquadra-se plenamente no funcionamento do Estado de Direito Democr\u00e1tico.<\/p>\n<p>A rea\u00e7\u00e3o foi feita esta ter\u00e7a-feira, 25 de agosto, \u00e0 margem da sess\u00e3o de abertura do I Conselho Alargado do Minist\u00e9rio da Educa\u00e7\u00e3o, quando questionado pelos jornalistas sobre a decis\u00e3o presidencial.<\/p>\n<p>Francisco Carvalho sublinhou que os poderes e compet\u00eancias dos diferentes \u00f3rg\u00e3os de soberania est\u00e3o definidos no quadro democr\u00e1tico, cabendo ao Governo escolher e propor o PGR, enquanto compete ao Presidente da Rep\u00fablica concordar ou n\u00e3o com a proposta. \u201cTudo dentro do jogo democr\u00e1tico\u201d, afirmou.<\/p>\n<p>O Primeiro-Ministro considerou ainda que eventuais diverg\u00eancias entre os \u00f3rg\u00e3os de soberania n\u00e3o devem causar surpresa, mas ser entendidas como parte normal do funcionamento das institui\u00e7\u00f5es democr\u00e1ticas. \u201cQuando o jogo democr\u00e1tico acontece, n\u00e3o \u00e9 para ficarmos espantados. \u00c9 para afirmarmos e vermos que a democracia est\u00e1 a acontecer\u201d, declarou.<\/p>\n<p>Sobre os pr\u00f3ximos passos, e questionado se o Governo disp\u00f5e de outro nome para propor ao cargo de Procurador-Geral da Rep\u00fablica, o Primeiro-Ministro foi perent\u00f3rio: \u201cClaro que temos outro nome. Vamos ver, entre os cabo-verdianos, quem devemos propor.\u201d<\/p>\n<p>Le poste <a rel=\"nofollow\" href=\"https:\/\/www.governo.cv\/francisco-carvalho-diz-que-veto-presidencial-a-nomeacao-do-pgr-faz-parte-do-jogo-democratico\/\" target=\"_blank\">Francisco Carvalho diz que veto presidencial \u00e0 nomea\u00e7\u00e3o do PGR faz parte do jogo democr\u00e1tico<\/a> est apparu en premier sur <a rel=\"nofollow\" href=\"https:\/\/www.governo.cv\/\" target=\"_blank\">Gouvernement du Cap-Vert<\/a>.<\/p>\n<\/div>","protected":false},"excerpt":{"rendered":"<p>O Primeiro-Ministro, Francisco Carvalho, considera que a decis\u00e3o do Presidente da Rep\u00fablica, Jos\u00e9 Maria Neves, de n\u00e3o concordar com a proposta do Governo para a nomea\u00e7\u00e3o do novo Procurador-Geral da Rep\u00fablica (PGR) enquadra-se plenamente no funcionamento do Estado de Direito Democr\u00e1tico. A rea\u00e7\u00e3o foi feita esta ter\u00e7a-feira, 25 de agosto, \u00e0 margem da sess\u00e3o de [&hellip;]<\/p>\n","protected":false},"author":2,"featured_media":0,"comment_status":"closed","ping_status":"closed","sticky":false,"template":"","format":"standard","meta":{"_breakdance_hide_in_design_set":false,"_breakdance_tags":"","footnotes":""},"categories":[263],"tags":[264],"class_list":["post-4732","post","type-post","status-publish","format-standard","hentry","category-noticias","tag-noticias"],"_links":{"self":[{"href":"https:\/\/consultoria.cv\/fr\/wp-json\/wp\/v2\/posts\/4732","targetHints":{"allow":["GET"]}}],"collection":[{"href":"https:\/\/consultoria.cv\/fr\/wp-json\/wp\/v2\/posts"}],"about":[{"href":"https:\/\/consultoria.cv\/fr\/wp-json\/wp\/v2\/types\/post"}],"author":[{"embeddable":true,"href":"https:\/\/consultoria.cv\/fr\/wp-json\/wp\/v2\/users\/2"}],"replies":[{"embeddable":true,"href":"https:\/\/consultoria.cv\/fr\/wp-json\/wp\/v2\/comments?post=4732"}],"version-history":[{"count":0,"href":"https:\/\/consultoria.cv\/fr\/wp-json\/wp\/v2\/posts\/4732\/revisions"}],"wp:attachment":[{"href":"https:\/\/consultoria.cv\/fr\/wp-json\/wp\/v2\/media?parent=4732"}],"wp:term":[{"taxonomy":"category","embeddable":true,"href":"https:\/\/consultoria.cv\/fr\/wp-json\/wp\/v2\/categories?post=4732"},{"taxonomy":"post_tag","embeddable":true,"href":"https:\/\/consultoria.cv\/fr\/wp-json\/wp\/v2\/tags?post=4732"}],"curies":[{"name":"wp","href":"https:\/\/api.w.org\/{rel}","templated":true}]}}