{"id":4731,"date":"2026-08-31T23:05:20","date_gmt":"2026-09-01T00:05:20","guid":{"rendered":"https:\/\/consultoria.cv\/grupo-banco-mundial-reafirma-se-como-parceiro-estrategico-de-cabo-verde\/"},"modified":"2026-08-31T23:05:20","modified_gmt":"2026-09-01T00:05:20","slug":"grupo-banco-mundial-reafirma-se-como-parceiro-estrategico-de-cabo-verde","status":"publish","type":"post","link":"https:\/\/consultoria.cv\/fr\/grupo-banco-mundial-reafirma-se-como-parceiro-estrategico-de-cabo-verde\/","title":{"rendered":"Grupo Banco Mundial reafirma-se como parceiro estrat\u00e9gico de Cabo Verde"},"content":{"rendered":"<div>\n<p>A Representante Residente do Grupo Banco Mundial em Cabo Verde, Indira Campos, foi recebida, esta manh\u00e3 de ter\u00e7a-feira, 25 de agosto, a seu pedido, pelo Primeiro Ministro e Ministro das Finan\u00e7as, Francisco Carvalho.<\/p>\n<p>Durante o encontro com o l\u00edder do Governo de Cabo Verde a Representante Residente do Grupo Banco Mundial abordou a elabora\u00e7\u00e3o do novo Quadro de Parceria com o Pa\u00eds, instrumento que ir\u00e1 definir as prioridades estrat\u00e9gicas da parceria entre o Grupo Banco Mundial e Cabo Verde para os pr\u00f3ximos anos, bem como a continuidade e o aprofundamento das \u00e1reas de interven\u00e7\u00e3o do programa em curso.<\/p>\n<p>No encontro, o Primeiro Ministro foi acompanhado pelo Ministro da Economia, Com\u00e9rcio, Ind\u00fastria e Economia Digital, Ant\u00f3nio Baptista, pelo Ministro da Coordena\u00e7\u00e3o da Elabora\u00e7\u00e3o de Projectos Especiais e Acesso a Fundos, Jos\u00e9 Carlos Varela e pela Secret\u00e1ria de Estado das Finan\u00e7as, Maria Jos\u00e9 Lopes.<\/p>\n<p>Na ocasi\u00e3o falou-se tamb\u00e9m da II Edi\u00e7\u00e3o do F\u00f3rum de Investimento da \u00c1frica lus\u00f3fona, que ter\u00e1 lugar na ilha do Sal, no pr\u00f3ximo m\u00eas de outubro, destacando a sua import\u00e2ncia como plataforma para promover o investimento privado, refor\u00e7ar parcerias e mobilizar oportunidades de neg\u00f3cio nos pa\u00edses africanos de l\u00edngua portuguesa, com Cabo Verde a assumir um papel central enquanto pa\u00eds anfitri\u00e3o e parceiro estrat\u00e9gico na promo\u00e7\u00e3o do investimento e da integra\u00e7\u00e3o econ\u00f3mica no espa\u00e7o lus\u00f3fono africano.<\/p>\n<p>A respons\u00e1vel do Banco Mundial felicitou Francisco Carvalho pelas novas fun\u00e7\u00f5es e manifestou a disponibilidade da sua organiza\u00e7\u00e3o em continuar a colaborar com as autoridades cabo-verdianas, visando a materializa\u00e7\u00e3o dos projetos que promovam o desenvolvimento, progresso e bem estar dos cabo-verdianos.<\/p>\n<p>O encontro permitiu ainda reafirmar o Grupo Banco Mundial como parceiro estrat\u00e9gico de Cabo Verde, atrav\u00e9s da mobiliza\u00e7\u00e3o de financiamento e da partilha de conhecimento e experi\u00eancia para apoiar as prioridades de desenvolvimento do pa\u00eds.<\/p>\n<p>O Banco Mundial tem apostado, na linha do que defende o Governo de Cabo Verde, num crescimento econ\u00f3mico inclusivo, diversifica\u00e7\u00e3o econ\u00f3mica, transi\u00e7\u00e3o energ\u00e9tica e na resili\u00eancia clim\u00e1tica.<\/p>\n<p>Le poste <a rel=\"nofollow\" href=\"https:\/\/www.governo.cv\/grupo-banco-mundial-reafirma-se-como-parceiro-estrategico-de-cabo-verde\/\" target=\"_blank\">Grupo Banco Mundial reafirma-se como parceiro estrat\u00e9gico de Cabo Verde<\/a> est apparu en premier sur <a rel=\"nofollow\" href=\"https:\/\/www.governo.cv\/\" target=\"_blank\">Gouvernement du Cap-Vert<\/a>.<\/p>\n<\/div>","protected":false},"excerpt":{"rendered":"<p>A Representante Residente do Grupo Banco Mundial em Cabo Verde, Indira Campos, foi recebida, esta manh\u00e3 de ter\u00e7a-feira, 25 de agosto, a seu pedido, pelo Primeiro Ministro e Ministro das Finan\u00e7as, Francisco Carvalho. Durante o encontro com o l\u00edder do Governo de Cabo Verde a Representante Residente do Grupo Banco Mundial abordou a elabora\u00e7\u00e3o do [&hellip;]<\/p>\n","protected":false},"author":2,"featured_media":0,"comment_status":"closed","ping_status":"closed","sticky":false,"template":"","format":"standard","meta":{"_breakdance_hide_in_design_set":false,"_breakdance_tags":"","footnotes":""},"categories":[263],"tags":[264],"class_list":["post-4731","post","type-post","status-publish","format-standard","hentry","category-noticias","tag-noticias"],"_links":{"self":[{"href":"https:\/\/consultoria.cv\/fr\/wp-json\/wp\/v2\/posts\/4731","targetHints":{"allow":["GET"]}}],"collection":[{"href":"https:\/\/consultoria.cv\/fr\/wp-json\/wp\/v2\/posts"}],"about":[{"href":"https:\/\/consultoria.cv\/fr\/wp-json\/wp\/v2\/types\/post"}],"author":[{"embeddable":true,"href":"https:\/\/consultoria.cv\/fr\/wp-json\/wp\/v2\/users\/2"}],"replies":[{"embeddable":true,"href":"https:\/\/consultoria.cv\/fr\/wp-json\/wp\/v2\/comments?post=4731"}],"version-history":[{"count":0,"href":"https:\/\/consultoria.cv\/fr\/wp-json\/wp\/v2\/posts\/4731\/revisions"}],"wp:attachment":[{"href":"https:\/\/consultoria.cv\/fr\/wp-json\/wp\/v2\/media?parent=4731"}],"wp:term":[{"taxonomy":"category","embeddable":true,"href":"https:\/\/consultoria.cv\/fr\/wp-json\/wp\/v2\/categories?post=4731"},{"taxonomy":"post_tag","embeddable":true,"href":"https:\/\/consultoria.cv\/fr\/wp-json\/wp\/v2\/tags?post=4731"}],"curies":[{"name":"wp","href":"https:\/\/api.w.org\/{rel}","templated":true}]}}