{"id":4488,"date":"2026-05-01T00:07:22","date_gmt":"2026-05-01T01:07:22","guid":{"rendered":"https:\/\/consultoria.cv\/cabo-verde-atinge-taxa-de-desemprego-mais-baixa-de-sempre-primeiro-ministro-realca-resultado-historico\/"},"modified":"2026-05-01T00:07:22","modified_gmt":"2026-05-01T01:07:22","slug":"cabo-verde-atinge-taxa-de-desemprego-mais-baixa-de-sempre-primeiro-ministro-realca-resultado-historico","status":"publish","type":"post","link":"https:\/\/consultoria.cv\/fr\/cabo-verde-atinge-taxa-de-desemprego-mais-baixa-de-sempre-primeiro-ministro-realca-resultado-historico\/","title":{"rendered":"Cabo Verde atinge taxa de desemprego mais baixa de sempre: Primeiro-Ministro real\u00e7a resultado hist\u00f3rico"},"content":{"rendered":"<div>\n<p>O Primeiro-Ministro, Jos\u00e9 Ulisses Correia e Silva, reagiu aos mais recentes dados do mercado de trabalho e real\u00e7ou que o pa\u00eds alcan\u00e7ou a taxa de desemprego mais baixa de sempre, fixada em 4,9% no segundo semestre de 2025.<\/p>\n<p>Numa publica\u00e7\u00e3o na sua p\u00e1gina de Facebook, o Chefe do Governo associou este resultado a um ciclo de crescimento econ\u00f3mico robusto e a investimentos estrat\u00e9gicos em \u00e1reas como a forma\u00e7\u00e3o profissional e o empreendedorismo. Para Ulisses Correia e Silva, trata-se de um marco hist\u00f3rico que reflete o impacto positivo das pol\u00edticas p\u00fablicas de qualifica\u00e7\u00e3o e formaliza\u00e7\u00e3o da economia.<\/p>\n<p>De acordo com os dados do Instituto Nacional de Estat\u00edstica (INE), foram criados mais de 14 mil empregos num per\u00edodo de um ano, contribuindo para uma redu\u00e7\u00e3o significativa do desemprego. No mesmo per\u00edodo, a taxa caiu 2,4 pontos percentuais face ao segundo semestre de 2024.<\/p>\n<p>A popula\u00e7\u00e3o empregada atingiu 215.317 pessoas, representando um crescimento de 7,1%, enquanto a taxa de atividade subiu para 60,4%, sinalizando uma maior participa\u00e7\u00e3o dos cidad\u00e3os no mercado de trabalho. Em sentido inverso, a popula\u00e7\u00e3o desempregada diminuiu cerca de 30%, fixando-se em 11.043 indiv\u00edduos em todo o arquip\u00e9lago.<\/p>\n<p>Os indicadores revelam ainda melhorias na qualidade do emprego. A taxa de subutiliza\u00e7\u00e3o do trabalho recuou para 23,3%, o que significa menos situa\u00e7\u00f5es de subemprego, enquanto a popula\u00e7\u00e3o inativa registou uma diminui\u00e7\u00e3o de 3,8%, situando a taxa de inatividade em 39,6%.<\/p>\n<p>Para o Primeiro-Ministro, os resultados agora alcan\u00e7ados devem ser consolidados com novas medidas que reforcem o rendimento das fam\u00edlias.<\/p>\n<p>\u201cDevemos seguir em frente para consolidar o emprego e melhorar o rendimento do trabalho, atrav\u00e9s do aumento do sal\u00e1rio m\u00ednimo nacional, de medidas fiscais e financeiras com impacto no rendimento\u201d, defendeu o Primeiro-Ministro, sublinhando que o foco agora passa pela valoriza\u00e7\u00e3o salarial e pela sustentabilidade dos ganhos alcan\u00e7ados.<\/p>\n<p>Com a taxa de desemprego abaixo dos 5%, Cabo Verde entra numa nova fase, marcada por maior estabilidade social e por uma agenda governativa centrada na valoriza\u00e7\u00e3o salarial, no aumento do poder de compra e no refor\u00e7o da competitividade do capital humano.<\/p>\n<p>O post <a rel=\"nofollow\" href=\"https:\/\/www.governo.cv\/cabo-verde-atinge-taxa-de-desemprego-mais-baixa-de-sempre-primeiro-ministro-realca-resultado-historico\/\" target=\"_blank\">Cabo Verde atinge taxa de desemprego mais baixa de sempre: Primeiro-Ministro real\u00e7a resultado hist\u00f3rico<\/a> apareceu primeiro em <a rel=\"nofollow\" href=\"https:\/\/www.governo.cv\/\" target=\"_blank\">Gouvernement du Cap-Vert<\/a>.<\/p>\n<\/div>","protected":false},"excerpt":{"rendered":"<p>O Primeiro-Ministro, Jos\u00e9 Ulisses Correia e Silva, reagiu aos mais recentes dados do mercado de trabalho e real\u00e7ou que o pa\u00eds alcan\u00e7ou a taxa de desemprego mais baixa de sempre, fixada em 4,9% no segundo semestre de 2025. Numa publica\u00e7\u00e3o na sua p\u00e1gina de Facebook, o Chefe do Governo associou este resultado a um ciclo [&hellip;]<\/p>\n","protected":false},"author":2,"featured_media":0,"comment_status":"closed","ping_status":"closed","sticky":false,"template":"","format":"standard","meta":{"_breakdance_hide_in_design_set":false,"_breakdance_tags":"","footnotes":""},"categories":[263],"tags":[264],"class_list":["post-4488","post","type-post","status-publish","format-standard","hentry","category-noticias","tag-noticias"],"_links":{"self":[{"href":"https:\/\/consultoria.cv\/fr\/wp-json\/wp\/v2\/posts\/4488","targetHints":{"allow":["GET"]}}],"collection":[{"href":"https:\/\/consultoria.cv\/fr\/wp-json\/wp\/v2\/posts"}],"about":[{"href":"https:\/\/consultoria.cv\/fr\/wp-json\/wp\/v2\/types\/post"}],"author":[{"embeddable":true,"href":"https:\/\/consultoria.cv\/fr\/wp-json\/wp\/v2\/users\/2"}],"replies":[{"embeddable":true,"href":"https:\/\/consultoria.cv\/fr\/wp-json\/wp\/v2\/comments?post=4488"}],"version-history":[{"count":0,"href":"https:\/\/consultoria.cv\/fr\/wp-json\/wp\/v2\/posts\/4488\/revisions"}],"wp:attachment":[{"href":"https:\/\/consultoria.cv\/fr\/wp-json\/wp\/v2\/media?parent=4488"}],"wp:term":[{"taxonomy":"category","embeddable":true,"href":"https:\/\/consultoria.cv\/fr\/wp-json\/wp\/v2\/categories?post=4488"},{"taxonomy":"post_tag","embeddable":true,"href":"https:\/\/consultoria.cv\/fr\/wp-json\/wp\/v2\/tags?post=4488"}],"curies":[{"name":"wp","href":"https:\/\/api.w.org\/{rel}","templated":true}]}}