{"id":4487,"date":"2026-05-01T00:06:20","date_gmt":"2026-05-01T01:06:20","guid":{"rendered":"https:\/\/consultoria.cv\/cabo-verde-acolhe-36-a-sessao-plenaria-da-cafac-em-2027-e-reforca-posicao-na-aviacao-civil-africana\/"},"modified":"2026-05-01T00:06:20","modified_gmt":"2026-05-01T01:06:20","slug":"cabo-verde-acolhe-36-a-sessao-plenaria-da-cafac-em-2027-e-reforca-posicao-na-aviacao-civil-africana","status":"publish","type":"post","link":"https:\/\/consultoria.cv\/fr\/cabo-verde-acolhe-36-a-sessao-plenaria-da-cafac-em-2027-e-reforca-posicao-na-aviacao-civil-africana\/","title":{"rendered":"Cabo Verde acolhe 36.\u00aa Sess\u00e3o Plen\u00e1ria da CAFAC em 2027 e refor\u00e7a posi\u00e7\u00e3o na avia\u00e7\u00e3o civil africana"},"content":{"rendered":"<div>\n<p>O Ministro do Turismo e Transportes, Jos\u00e9 Lu\u00eds S\u00e1 Nogueira, anunciou esta ter\u00e7a-feira, numa confer\u00eancia de imprensa, ao lado do Presidente da Ag\u00eancia de Avia\u00e7\u00e3o Civil (AAC), M\u00e1rio Margarito Gomes, que Cabo Verde vai acolher, em 2027, a 36.\u00aa Sess\u00e3o Plen\u00e1ria da Comiss\u00e3o Africana da Avia\u00e7\u00e3o Civil (CAFAC), na sequ\u00eancia de um memorando assinado recentemente em Marrocos.<\/p>\n<p>O governante explicou que o acordo estabelece as bases para a organiza\u00e7\u00e3o deste encontro continental, que reunir\u00e1 os Estados-membros da CAFAC para debater os principais desafios da avia\u00e7\u00e3o civil em \u00c1frica.<\/p>\n<p>A CAFAC, criada em 1969, \u00e9 uma organiza\u00e7\u00e3o que promove a coopera\u00e7\u00e3o entre pa\u00edses africanos em mat\u00e9rias como seguran\u00e7a da avia\u00e7\u00e3o civil, conectividade a\u00e9rea e integra\u00e7\u00e3o regional. Segundo o ministro, Cabo Verde tem sido um membro ativo e cred\u00edvel, o que contribuiu para a escolha do pa\u00eds como anfitri\u00e3o da pr\u00f3xima sess\u00e3o plen\u00e1ria.<\/p>\n<p>\u201cEste evento refor\u00e7a a visibilidade de Cabo Verde no setor da avia\u00e7\u00e3o civil africana e demonstra a confian\u00e7a dos parceiros internacionais na capacidade do pa\u00eds\u201d, destacou.<\/p>\n<p>Para al\u00e9m da organiza\u00e7\u00e3o do encontro, Cabo Verde poder\u00e1 vir a assumir a presid\u00eancia da organiza\u00e7\u00e3o durante o ciclo seguinte, o que, de acordo com Jos\u00e9 Lu\u00eds S\u00e1 Nogueira, abrir\u00e1 espa\u00e7o para um conjunto alargado de atividades e iniciativas no dom\u00ednio da avia\u00e7\u00e3o civil.<\/p>\n<p>O ministro sublinhou ainda que esta conquista est\u00e1 alinhada com a estrat\u00e9gia do Governo de refor\u00e7ar a conectividade a\u00e9rea, posicionando Cabo Verde como um hub no Atl\u00e2ntico M\u00e9dio. Neste sentido, referiu que a Cabo Verde Airlines est\u00e1 a analisar a possibilidade de expandir liga\u00e7\u00f5es para o continente africano, complementando as rotas j\u00e1 existentes operadas por outras companhias.<\/p>\n<p>No plano econ\u00f3mico, o governante destacou que a realiza\u00e7\u00e3o da sess\u00e3o plen\u00e1ria da CAFAC ter\u00e1 impactos positivos em v\u00e1rios setores, nomeadamente turismo, hotelaria, transportes e servi\u00e7os, al\u00e9m de representar uma oportunidade para promover Cabo Verde como destino junto de mercados africanos com crescente capacidade emissora.<\/p>\n<p>O evento dever\u00e1 igualmente impulsionar a forma\u00e7\u00e3o, o interc\u00e2mbio t\u00e9cnico e a coopera\u00e7\u00e3o institucional no setor, com destaque para o papel da Ag\u00eancia de Avia\u00e7\u00e3o Civil de Cabo Verde, que tem vindo a colaborar ativamente com a CAFAC e a preparar iniciativas como a cria\u00e7\u00e3o de uma academia de avia\u00e7\u00e3o civil no pa\u00eds.<\/p>\n<p>O post <a rel=\"nofollow\" href=\"https:\/\/www.governo.cv\/cabo-verde-acolhe-36-a-sessao-plenaria-da-cafac-em-2027-e-reforca-posicao-na-aviacao-civil-africana\/\" target=\"_blank\">Cabo Verde acolhe 36.\u00aa Sess\u00e3o Plen\u00e1ria da CAFAC em 2027 e refor\u00e7a posi\u00e7\u00e3o na avia\u00e7\u00e3o civil africana<\/a> apareceu primeiro em <a rel=\"nofollow\" href=\"https:\/\/www.governo.cv\/\" target=\"_blank\">Gouvernement du Cap-Vert<\/a>.<\/p>\n<\/div>","protected":false},"excerpt":{"rendered":"<p>O Ministro do Turismo e Transportes, Jos\u00e9 Lu\u00eds S\u00e1 Nogueira, anunciou esta ter\u00e7a-feira, numa confer\u00eancia de imprensa, ao lado do Presidente da Ag\u00eancia de Avia\u00e7\u00e3o Civil (AAC), M\u00e1rio Margarito Gomes, que Cabo Verde vai acolher, em 2027, a 36.\u00aa Sess\u00e3o Plen\u00e1ria da Comiss\u00e3o Africana da Avia\u00e7\u00e3o Civil (CAFAC), na sequ\u00eancia de um memorando assinado recentemente [&hellip;]<\/p>\n","protected":false},"author":2,"featured_media":0,"comment_status":"closed","ping_status":"closed","sticky":false,"template":"","format":"standard","meta":{"_breakdance_hide_in_design_set":false,"_breakdance_tags":"","footnotes":""},"categories":[263],"tags":[264],"class_list":["post-4487","post","type-post","status-publish","format-standard","hentry","category-noticias","tag-noticias"],"_links":{"self":[{"href":"https:\/\/consultoria.cv\/fr\/wp-json\/wp\/v2\/posts\/4487","targetHints":{"allow":["GET"]}}],"collection":[{"href":"https:\/\/consultoria.cv\/fr\/wp-json\/wp\/v2\/posts"}],"about":[{"href":"https:\/\/consultoria.cv\/fr\/wp-json\/wp\/v2\/types\/post"}],"author":[{"embeddable":true,"href":"https:\/\/consultoria.cv\/fr\/wp-json\/wp\/v2\/users\/2"}],"replies":[{"embeddable":true,"href":"https:\/\/consultoria.cv\/fr\/wp-json\/wp\/v2\/comments?post=4487"}],"version-history":[{"count":0,"href":"https:\/\/consultoria.cv\/fr\/wp-json\/wp\/v2\/posts\/4487\/revisions"}],"wp:attachment":[{"href":"https:\/\/consultoria.cv\/fr\/wp-json\/wp\/v2\/media?parent=4487"}],"wp:term":[{"taxonomy":"category","embeddable":true,"href":"https:\/\/consultoria.cv\/fr\/wp-json\/wp\/v2\/categories?post=4487"},{"taxonomy":"post_tag","embeddable":true,"href":"https:\/\/consultoria.cv\/fr\/wp-json\/wp\/v2\/tags?post=4487"}],"curies":[{"name":"wp","href":"https:\/\/api.w.org\/{rel}","templated":true}]}}