{"id":4485,"date":"2026-05-01T00:04:28","date_gmt":"2026-05-01T01:04:28","guid":{"rendered":"https:\/\/consultoria.cv\/governo-garante-condicoes-para-cobertura-imparcial-das-legislativas-e-destaca-avancos-na-comunicacao-social\/"},"modified":"2026-05-01T00:04:28","modified_gmt":"2026-05-01T01:04:28","slug":"governo-garante-condicoes-para-cobertura-imparcial-das-legislativas-e-destaca-avancos-na-comunicacao-social","status":"publish","type":"post","link":"https:\/\/consultoria.cv\/fr\/governo-garante-condicoes-para-cobertura-imparcial-das-legislativas-e-destaca-avancos-na-comunicacao-social\/","title":{"rendered":"Governo garante condi\u00e7\u00f5es para cobertura imparcial das Legislativas e destaca avan\u00e7os na comunica\u00e7\u00e3o social"},"content":{"rendered":"<div>\n<p>O Secret\u00e1rio de Estado Adjunto do Primeiro-Ministro, Louren\u00e7o Lopes, garantiu nesta segunda-feira, 27 de abril, que est\u00e3o reunidas todas as condi\u00e7\u00f5es para uma cobertura ampla, qualificada e isenta das elei\u00e7\u00f5es legislativas de 17 de maio e destacou os avan\u00e7os registados no setor da comunica\u00e7\u00e3o social em Cabo Verde ao longo do atual mandato.<\/p>\n<p>A afirma\u00e7\u00e3o foi proferida durante uma confer\u00eancia de imprensa dedicada ao ponto de situa\u00e7\u00e3o do setor p\u00fablico e privado da comunica\u00e7\u00e3o social, bem como \u00e0 an\u00e1lise da cobertura medi\u00e1tica do processo eleitoral.<\/p>\n<p>\u201cPodemos dizer que est\u00e3o garantidas as condi\u00e7\u00f5es para que haja uma cobertura qualificada, alargada e isenta das elei\u00e7\u00f5es\u201d, afirmou Louren\u00e7o Lopes, referindo-se ao trabalho dos \u00f3rg\u00e3os p\u00fablicos, nomeadamente a RTC e a Inforpress, que ir\u00e3o assegurar a cobertura em todos os c\u00edrculos eleitorais, de Santo Ant\u00e3o \u00e0 Brava.<\/p>\n<p>Segundo Louren\u00e7o Lopes, est\u00e3o asseguradas as condi\u00e7\u00f5es ao n\u00edvel dos profissionais, da log\u00edstica e do financiamento, permitindo que os \u00f3rg\u00e3os de comunica\u00e7\u00e3o social contribuam de forma significativa para o refor\u00e7o da democracia, sublinhando que uma cobertura de qualidade exige tratamento equitativo de todos os partidos e candidatos. \u201cOs \u00f3rg\u00e3os de comunica\u00e7\u00e3o social n\u00e3o t\u00eam compromisso com nenhum partido pol\u00edtico; o \u00fanico compromisso \u00e9 com a verdade\u201d, reafirmou.<\/p>\n<p>No que se refere \u00e0 regula\u00e7\u00e3o do setor, destacou o posicionamento de Cabo Verde como refer\u00eancia no continente africano. \u201cCabo Verde \u00e9 um exemplo em \u00c1frica em mat\u00e9ria de regula\u00e7\u00e3o dos media. Temos uma entidade reguladora verdadeiramente independente, que tem sido competente e que tem desempenhado plenamente o seu papel na fiscaliza\u00e7\u00e3o do setor da comunica\u00e7\u00e3o social\u201d, afirmou, acrescentando que o refor\u00e7o da ARC resulta da revis\u00e3o do estatuto em 2020, que transferiu compet\u00eancias do Governo para esta entidade.<\/p>\n<p>Relativamente ao setor p\u00fablico, Louren\u00e7o Lopes manifestou satisfa\u00e7\u00e3o pelos resultados alcan\u00e7ados no atual mandato. \u201c\u00c9 com grande satisfa\u00e7\u00e3o que me preparo para terminar este mandato 2021-2026 com ganhos significativos para a Inforpress e para a R\u00e1dio e Televis\u00e3o de Cabo Verde\u201d, destacou.<\/p>\n<p>No caso da Inforpress, destacou o cumprimento de mais de 90% dos objetivos definidos, incluindo a assinatura do novo contrato de servi\u00e7o noticioso com o Estado, em 2023, bem como a realiza\u00e7\u00e3o de investimentos ao n\u00edvel da forma\u00e7\u00e3o de jornalistas e o refor\u00e7o da presen\u00e7a internacional, com a coloca\u00e7\u00e3o de uma correspondente em Portugal.<\/p>\n<p>Quanto \u00e0 R\u00e1dio e Televis\u00e3o de Cabo Verde (RCV), evidenciou o refor\u00e7o do financiamento, que passou de 48 mil contos para 86 mil contos, no \u00e2mbito do novo contrato de presta\u00e7\u00e3o de servi\u00e7o p\u00fablico. O governante destacou ainda o investimento na moderniza\u00e7\u00e3o tecnol\u00f3gica, com recurso a um aval do Estado de cerca de um milh\u00e3o de euros, que permitiu a implementa\u00e7\u00e3o de um sistema Full HD e a cria\u00e7\u00e3o de est\u00fadios digitais.<\/p>\n<p>Relativamente aos \u00f3rg\u00e3os privados, referiu que existem mecanismos estabelecidos no \u00e2mbito do processo eleitoral, nomeadamente a emiss\u00e3o de tempos de antena compensados pela Comiss\u00e3o Nacional de Elei\u00e7\u00f5es, defendendo, no entanto, a necessidade de refor\u00e7ar os recursos dispon\u00edveis para garantir uma cobertura mais abrangente.<\/p>\n<p>Louren\u00e7o Lopes destacou ainda a import\u00e2ncia de uma comunica\u00e7\u00e3o social que represente a diversidade da sociedade cabo-verdiana e contribua para um processo eleitoral inclusivo e transparente, sublinhando igualmente o posicionamento do pa\u00eds entre os mais bem classificados da \u00c1frica lus\u00f3fona e entre os primeiros a n\u00edvel mundial em mat\u00e9ria de liberdade de imprensa.<\/p>\n<p>A confer\u00eancia de imprensa realizou-se no contexto da aproxima\u00e7\u00e3o ao Dia Mundial da Liberdade de Imprensa, assinalado a 3 de maio, data que este ano coincide com o per\u00edodo de campanha eleitoral. \u201cNum per\u00edodo mais tranquilo, sem os ru\u00eddos t\u00edpicos da campanha eleitoral, ser\u00e1 poss\u00edvel aprofundar esta reflex\u00e3o\u201d, concluiu.<\/p>\n<p>O post <a rel=\"nofollow\" href=\"https:\/\/www.governo.cv\/governo-garante-condicoes-para-cobertura-imparcial-das-legislativas-e-destaca-avancos-na-comunicacao-social\/\" target=\"_blank\">Governo garante condi\u00e7\u00f5es para cobertura imparcial das Legislativas e destaca avan\u00e7os na comunica\u00e7\u00e3o social<\/a> apareceu primeiro em <a rel=\"nofollow\" href=\"https:\/\/www.governo.cv\/\" target=\"_blank\">Gouvernement du Cap-Vert<\/a>.<\/p>\n<\/div>","protected":false},"excerpt":{"rendered":"<p>O Secret\u00e1rio de Estado Adjunto do Primeiro-Ministro, Louren\u00e7o Lopes, garantiu nesta segunda-feira, 27 de abril, que est\u00e3o reunidas todas as condi\u00e7\u00f5es para uma cobertura ampla, qualificada e isenta das elei\u00e7\u00f5es legislativas de 17 de maio e destacou os avan\u00e7os registados no setor da comunica\u00e7\u00e3o social em Cabo Verde ao longo do atual mandato. A afirma\u00e7\u00e3o [&hellip;]<\/p>\n","protected":false},"author":2,"featured_media":0,"comment_status":"closed","ping_status":"closed","sticky":false,"template":"","format":"standard","meta":{"_breakdance_hide_in_design_set":false,"_breakdance_tags":"","footnotes":""},"categories":[263],"tags":[264],"class_list":["post-4485","post","type-post","status-publish","format-standard","hentry","category-noticias","tag-noticias"],"_links":{"self":[{"href":"https:\/\/consultoria.cv\/fr\/wp-json\/wp\/v2\/posts\/4485","targetHints":{"allow":["GET"]}}],"collection":[{"href":"https:\/\/consultoria.cv\/fr\/wp-json\/wp\/v2\/posts"}],"about":[{"href":"https:\/\/consultoria.cv\/fr\/wp-json\/wp\/v2\/types\/post"}],"author":[{"embeddable":true,"href":"https:\/\/consultoria.cv\/fr\/wp-json\/wp\/v2\/users\/2"}],"replies":[{"embeddable":true,"href":"https:\/\/consultoria.cv\/fr\/wp-json\/wp\/v2\/comments?post=4485"}],"version-history":[{"count":0,"href":"https:\/\/consultoria.cv\/fr\/wp-json\/wp\/v2\/posts\/4485\/revisions"}],"wp:attachment":[{"href":"https:\/\/consultoria.cv\/fr\/wp-json\/wp\/v2\/media?parent=4485"}],"wp:term":[{"taxonomy":"category","embeddable":true,"href":"https:\/\/consultoria.cv\/fr\/wp-json\/wp\/v2\/categories?post=4485"},{"taxonomy":"post_tag","embeddable":true,"href":"https:\/\/consultoria.cv\/fr\/wp-json\/wp\/v2\/tags?post=4485"}],"curies":[{"name":"wp","href":"https:\/\/api.w.org\/{rel}","templated":true}]}}