{"id":4342,"date":"2026-04-01T00:06:14","date_gmt":"2026-04-01T01:06:14","guid":{"rendered":"https:\/\/consultoria.cv\/ministra-da-justica-empossa-membros-da-comissao-para-a-revisao-do-codigo-civil-cabo-verdiano\/"},"modified":"2026-04-01T00:06:14","modified_gmt":"2026-04-01T01:06:14","slug":"ministra-da-justica-empossa-membros-da-comissao-para-a-revisao-do-codigo-civil-cabo-verdiano","status":"publish","type":"post","link":"https:\/\/consultoria.cv\/fr\/ministra-da-justica-empossa-membros-da-comissao-para-a-revisao-do-codigo-civil-cabo-verdiano\/","title":{"rendered":"Ministra da Justi\u00e7a empossa membros da comiss\u00e3o para a revis\u00e3o do C\u00f3digo Civil Cabo-verdiano"},"content":{"rendered":"<div>\n<p>O ato ocorreu hoje e a referida Comiss\u00e3o foi criada por Despacho n\u00ba165\/2025, de 6 de agosto, com a miss\u00e3o de elaborar estudos com vista a uma eventual reforma do C\u00f3digo Civil que responda aos desafios da modernidade, da harmoniza\u00e7\u00e3o com a ordem constitucional e da coer\u00eancia sist\u00e9mica do direito privado.<\/p>\n<p>Integram a referida Comiss\u00e3o, Geraldo Almeida, que coordena, Carlos Veiga, Olavo Freire, Ronise \u00c9vora, Rui Figueiredo Soares, Yara Miranda, e, ainda, J\u00falio Martins J\u00fanior, em representa\u00e7\u00e3o da Ordem dos Advogados de Cabo Verde, e Mara Dantas dos Reis, em representa\u00e7\u00e3o do Minist\u00e9rio P\u00fablico.<\/p>\n<p>No ato empossamento, Joana Rosa justificou essa iniciativa e sublinhou que \u201co C\u00f3digo Civil vigente \u00e9 antigo, sofreu v\u00e1rias altera\u00e7\u00f5es pontuais ao longo do tempo, mas est\u00e1 desajustado \u00e0 realidade atual do pa\u00eds, numa lei t\u00e3o extensa e com tanta mat\u00e9ria coberta, que vai resolvendo pontualmente alguns problemas, mas cria outros, h\u00e1 contradi\u00e7\u00f5es e conflitos normativos que surgem, h\u00e1 inadequa\u00e7\u00f5es\u201d, pontuou.<\/p>\n<p>O post <a rel=\"nofollow\" href=\"https:\/\/www.governo.cv\/ministra-da-justica-empossa-membros-da-comissao-para-a-revisao-do-codigo-civil-cabo-verdiano\/\" target=\"_blank\">Ministra da Justi\u00e7a empossa membros da comiss\u00e3o para a revis\u00e3o do C\u00f3digo Civil Cabo-verdiano<\/a> apareceu primeiro em <a rel=\"nofollow\" href=\"https:\/\/www.governo.cv\/\" target=\"_blank\">Gouvernement du Cap-Vert<\/a>.<\/p>\n<\/div>","protected":false},"excerpt":{"rendered":"<p>O ato ocorreu hoje e a referida Comiss\u00e3o foi criada por Despacho n\u00ba165\/2025, de 6 de agosto, com a miss\u00e3o de elaborar estudos com vista a uma eventual reforma do C\u00f3digo Civil que responda aos desafios da modernidade, da harmoniza\u00e7\u00e3o com a ordem constitucional e da coer\u00eancia sist\u00e9mica do direito privado. Integram a referida Comiss\u00e3o, [&hellip;]<\/p>\n","protected":false},"author":2,"featured_media":0,"comment_status":"closed","ping_status":"closed","sticky":false,"template":"","format":"standard","meta":{"_breakdance_hide_in_design_set":false,"_breakdance_tags":"","footnotes":""},"categories":[263],"tags":[264],"class_list":["post-4342","post","type-post","status-publish","format-standard","hentry","category-noticias","tag-noticias"],"_links":{"self":[{"href":"https:\/\/consultoria.cv\/fr\/wp-json\/wp\/v2\/posts\/4342","targetHints":{"allow":["GET"]}}],"collection":[{"href":"https:\/\/consultoria.cv\/fr\/wp-json\/wp\/v2\/posts"}],"about":[{"href":"https:\/\/consultoria.cv\/fr\/wp-json\/wp\/v2\/types\/post"}],"author":[{"embeddable":true,"href":"https:\/\/consultoria.cv\/fr\/wp-json\/wp\/v2\/users\/2"}],"replies":[{"embeddable":true,"href":"https:\/\/consultoria.cv\/fr\/wp-json\/wp\/v2\/comments?post=4342"}],"version-history":[{"count":0,"href":"https:\/\/consultoria.cv\/fr\/wp-json\/wp\/v2\/posts\/4342\/revisions"}],"wp:attachment":[{"href":"https:\/\/consultoria.cv\/fr\/wp-json\/wp\/v2\/media?parent=4342"}],"wp:term":[{"taxonomy":"category","embeddable":true,"href":"https:\/\/consultoria.cv\/fr\/wp-json\/wp\/v2\/categories?post=4342"},{"taxonomy":"post_tag","embeddable":true,"href":"https:\/\/consultoria.cv\/fr\/wp-json\/wp\/v2\/tags?post=4342"}],"curies":[{"name":"wp","href":"https:\/\/api.w.org\/{rel}","templated":true}]}}