{"id":4340,"date":"2026-04-01T00:04:11","date_gmt":"2026-04-01T01:04:11","guid":{"rendered":"https:\/\/consultoria.cv\/ilha-do-fogo-recebe-a-v-edicao-das-olimpiadas-do-desporto-escolar\/"},"modified":"2026-04-01T00:04:11","modified_gmt":"2026-04-01T01:04:11","slug":"ilha-do-fogo-recebe-a-v-edicao-das-olimpiadas-do-desporto-escolar","status":"publish","type":"post","link":"https:\/\/consultoria.cv\/fr\/ilha-do-fogo-recebe-a-v-edicao-das-olimpiadas-do-desporto-escolar\/","title":{"rendered":"Ilha do Fogo recebe a V edi\u00e7\u00e3o das Olimp\u00edadas do Desporto Escolar"},"content":{"rendered":"<div>\n<p>A ilha do Fogo vai receber a V edi\u00e7\u00e3o das Olimp\u00edadas do Desporto Escolar (ODE). O an\u00fancio foi feito pelo ministro da Educa\u00e7\u00e3o, Amadeu Cruz, na cerim\u00f3nia de encerramento das ODE 2026, realizada no domingo (29), no largo do Memorial Am\u00edlcar Cabral.<\/p>\n<p>A escolha da \u201cilha do vulc\u00e3o\u201d para acolher o evento, segundo o Ministro, baseia-se na melhoria cont\u00ednua das condi\u00e7\u00f5es desportivas e educativas da regi\u00e3o. O governante garantiu que j\u00e1 est\u00e3o sendo estabelecidos os primeiros contatos com as c\u00e2maras municipais e empresas de transporte para assegurar o sucesso da log\u00edstica.<\/p>\n<p>Sobre a edi\u00e7\u00e3o das ODE que, chegou ao fim ontem, domingo, o titular da pasta da edu\u00e7\u00e3o fez um balan\u00e7o extremamente positivo e refor\u00e7ou a vontade do Executivo dar continuidade ao projeto que, em apenas quatro anos, se tornou um pilar na mobiliza\u00e7\u00e3o da juventude cabo-verdiana, atrav\u00e9s do desporto.<\/p>\n<p>A regi\u00e3o de Santiago Sul conquistou o primeiro lugar no quadro geral das Olimp\u00edadas do Desporto Escolar, consolidando a sua lideran\u00e7a atrav\u00e9s do n\u00famero de medalhas de ouro. Com uma performance consistente, a comitiva de Santiago Sul acumulou 35 medalhas no total, sendo 13 de ouro, 14 de prata e 8 de bronze, garantindo o topo do p\u00f3dio na classifica\u00e7\u00e3o oficial da competi\u00e7\u00e3o.<\/p>\n<p>Numa disputa renhida pela lideran\u00e7a, a regi\u00e3o do Sal, terminou na segunda posi\u00e7\u00e3o, apesar de ter sido a delega\u00e7\u00e3o com o maior volume total de medalhas do evento. Com 36 medalhas conquistadas \u2013 uma a mais que o primeiro classificado -, o Sal somou 11 medalhas de ouro, 11 de prata e 14 de bronze, ficando atr\u00e1s de Santiago Sul apenas pelo crit\u00e9rio de desempate de medalhas douradas. O p\u00f3dio ficou completo com a regi\u00e3o de Santo Ant\u00e3o, que assegurou o terceiro lugar com 18 medalhas (8 de ouro, 7 de prata e 3 de bronze).<\/p>\n<p>O desempenho das restantes regi\u00f5es demonstrou a competitividade do desporto escolar em todo o arquip\u00e9lago. S\u00e3o Vicente alcan\u00e7ou o quarto lugar (8 medalhas), seguido pelo Fogo em quinto (7 medalhas) e pela Brava em sexto (5 medalhas). A Boavista ocupou o s\u00e9timo posto com 3 medalhas, enquanto S\u00e3o Nicolau ficou em oitavo lugar com 5 medalhas, mas sem registo de ouros. Nas \u00faltimas posi\u00e7\u00f5es do quadro, as regi\u00f5es de Santiago Norte e Maio fecharam a tabela, tendo conquistado apenas medalhas de bronze.<\/p>\n<p>Sob o lema \u201cGanhamos Todos\u201d, as ODE s\u00e3o uma iniciativa do Governo, atrav\u00e9s dos Minist\u00e9rios da Educa\u00e7\u00e3o e do Desporto e Juventude. A competi\u00e7\u00e3o, que decorreu na cidade da Praia entre os dias 22 e 29 de mar\u00e7o, coloca o desporto como ferramenta de integra\u00e7\u00e3o e excel\u00eancia entre os jovens estudantes das diversas ilhas do pa\u00eds.<\/p>\n<p>O post <a rel=\"nofollow\" href=\"https:\/\/www.governo.cv\/ilha-do-fogo-recebe-a-v-edicao-das-olimpiadas-do-desporto-escolar\/\" target=\"_blank\">Ilha do Fogo recebe a V edi\u00e7\u00e3o das Olimp\u00edadas do Desporto Escolar<\/a> apareceu primeiro em <a rel=\"nofollow\" href=\"https:\/\/www.governo.cv\/\" target=\"_blank\">Gouvernement du Cap-Vert<\/a>.<\/p>\n<\/div>","protected":false},"excerpt":{"rendered":"<p>A ilha do Fogo vai receber a V edi\u00e7\u00e3o das Olimp\u00edadas do Desporto Escolar (ODE). O an\u00fancio foi feito pelo ministro da Educa\u00e7\u00e3o, Amadeu Cruz, na cerim\u00f3nia de encerramento das ODE 2026, realizada no domingo (29), no largo do Memorial Am\u00edlcar Cabral. A escolha da \u201cilha do vulc\u00e3o\u201d para acolher o evento, segundo o Ministro, [&hellip;]<\/p>\n","protected":false},"author":2,"featured_media":0,"comment_status":"closed","ping_status":"closed","sticky":false,"template":"","format":"standard","meta":{"_breakdance_hide_in_design_set":false,"_breakdance_tags":"","footnotes":""},"categories":[263],"tags":[264],"class_list":["post-4340","post","type-post","status-publish","format-standard","hentry","category-noticias","tag-noticias"],"_links":{"self":[{"href":"https:\/\/consultoria.cv\/fr\/wp-json\/wp\/v2\/posts\/4340","targetHints":{"allow":["GET"]}}],"collection":[{"href":"https:\/\/consultoria.cv\/fr\/wp-json\/wp\/v2\/posts"}],"about":[{"href":"https:\/\/consultoria.cv\/fr\/wp-json\/wp\/v2\/types\/post"}],"author":[{"embeddable":true,"href":"https:\/\/consultoria.cv\/fr\/wp-json\/wp\/v2\/users\/2"}],"replies":[{"embeddable":true,"href":"https:\/\/consultoria.cv\/fr\/wp-json\/wp\/v2\/comments?post=4340"}],"version-history":[{"count":0,"href":"https:\/\/consultoria.cv\/fr\/wp-json\/wp\/v2\/posts\/4340\/revisions"}],"wp:attachment":[{"href":"https:\/\/consultoria.cv\/fr\/wp-json\/wp\/v2\/media?parent=4340"}],"wp:term":[{"taxonomy":"category","embeddable":true,"href":"https:\/\/consultoria.cv\/fr\/wp-json\/wp\/v2\/categories?post=4340"},{"taxonomy":"post_tag","embeddable":true,"href":"https:\/\/consultoria.cv\/fr\/wp-json\/wp\/v2\/tags?post=4340"}],"curies":[{"name":"wp","href":"https:\/\/api.w.org\/{rel}","templated":true}]}}