{"id":3976,"date":"2026-03-08T21:02:11","date_gmt":"2026-03-08T22:02:11","guid":{"rendered":"https:\/\/consultoria.cv\/?p=3976"},"modified":"2026-03-13T09:58:08","modified_gmt":"2026-03-13T10:58:08","slug":"mulheres-empresarias-em-cabo-verde-desafios-oportunidades-e-o-caminho-para-o-empoderamento-economico","status":"publish","type":"post","link":"https:\/\/consultoria.cv\/fr\/mulheres-empresarias-em-cabo-verde-desafios-oportunidades-e-o-caminho-para-o-empoderamento-economico\/","title":{"rendered":"Mulheres Empres\u00e1rias em Cabo Verde: Desafios, Oportunidades e o Caminho para o Empoderamento Econ\u00f3mico"},"content":{"rendered":"<p>O empreendedorismo feminino em Cabo Verde representa um dos pilares mais din\u00e2micos da economia nacional, mas tamb\u00e9m um dos sectores mais desafiadores. Com <strong>43% das mulheres envolvidas em atividades empresariais<\/strong>, uma das taxas mais elevadas da \u00c1frica Subsariana, o arquip\u00e9lago posiciona-se como refer\u00eancia regional no que concerne \u00e0 participa\u00e7\u00e3o feminina no tecido empresarial <a href=\"https:\/\/africa.harvard.edu\/file_url\/1163\" target=\"_blank\" rel=\"noreferrer noopener\"><\/a>. No entanto, por detr\u00e1s destes n\u00fameros promissores escondem-se realidades complexas que merecem an\u00e1lise aprofundada.<\/p>\n\n\n\n<p>Neste artigo, exploramos os <strong>desafios estruturais<\/strong>, le <strong>oportunidades de crescimento<\/strong> et le <strong>estrat\u00e9gias de sucesso<\/strong> para mulheres empres\u00e1rias em Cabo Verde, com base nos dados mais recentes do Instituto Nacional de Estat\u00edstica (INE) e outras fontes oficiais.<\/p>\n\n\n\n<h2 class=\"wp-block-heading\"><strong>O Panorama do Empreendedorismo Feminino em Cabo Verde<\/strong><\/h2>\n\n\n\n<h3 class=\"wp-block-heading\"><strong>Dados Estat\u00edsticos Oficiais (INE 2024)<\/strong><\/h3>\n\n\n\n<p>Segundo o relat\u00f3rio &#8220;Mulheres e Homens em Cabo Verde: Fatos e N\u00fameros 2024&#8221;, publicado pelo INE em colabora\u00e7\u00e3o com o ICIEG (Instituto Cabo-verdiano para a Igualdade e Equidade de G\u00e9nero), o mercado de trabalho cabo-verdiano apresenta caracter\u00edsticas distintivas no que respeita \u00e0 participa\u00e7\u00e3o feminina:<\/p>\n\n\n\n<ul class=\"wp-block-list\">\n<li><strong>Taxa de desemprego feminino<\/strong>: 8,8% (vs. 6,4% entre homens) no primeiro semestre de 2025<\/li>\n\n\n\n<li><strong>Participa\u00e7\u00e3o na for\u00e7a de trabalho<\/strong>: 52,1% das mulheres vs. 66,3% dos homens<\/li>\n\n\n\n<li><strong>Fosso de g\u00e9nero na atividade econ\u00f3mica<\/strong>: 14% de diferen\u00e7a entre homens e mulheres em idade ativa<\/li>\n<\/ul>\n\n\n\n<p>Estes n\u00fameros revelam um paradoxo: apesar de Cabo Verde apresentar uma das maiores taxas de empreendedorismo feminino da regi\u00e3o, as mulheres continuam a enfrentar barreiras significativas no acesso a oportunidades econ\u00f3micas formais e est\u00e1veis.<\/p>\n\n\n\n<h2 class=\"wp-block-heading\"><strong>Desafios Estruturais das Mulheres Empres\u00e1rias<\/strong><\/h2>\n\n\n\n<h3 class=\"wp-block-heading\"><strong>1. O Sector Informal e a Precariedade Econ\u00f3mica<\/strong><\/h3>\n\n\n\n<p>O terceiro Inqu\u00e9rito ao Sector Informal do INE (2024) revelou dados preocupantes sobre a realidade das mulheres no empresariado informal:<\/p>\n\n\n\n<ul class=\"wp-block-list\">\n<li><strong>Maioria absoluta<\/strong>: As mulheres lideram a maioria das Unidades de Produ\u00e7\u00e3o Informal (UPIs), predominantemente unipessoais<\/li>\n\n\n\n<li><strong>Diferen\u00e7a salarial<\/strong>: As mulheres no sector informal ganham em m\u00e9dia <strong>40% menos<\/strong> que os homens (11.655 escudos vs. 19.263 escudos mensais)<\/li>\n\n\n\n<li><strong>Rendimento m\u00e9dio<\/strong>: 14.599 escudos mensais no sector informal, equivalente a apenas \u20ac132,15<\/li>\n<\/ul>\n\n\n\n<blockquote class=\"wp-block-quote is-layout-flow wp-block-quote-is-layout-flow\">\n<p><em>&#8220;A maior parte do trabalho que garante o bem-estar social (74%) era invis\u00edvel e n\u00e3o contabilizado&#8221;<\/em> \u2014 INE, Inqu\u00e9rito sobre o Uso do Tempo<\/p>\n<\/blockquote>\n\n\n\n<h3 class=\"wp-block-heading\"><strong>2. Dupla Jornada e Trabalho N\u00e3o Remunerado<\/strong><\/h3>\n\n\n\n<p>O relat\u00f3rio do ICIEG destaca que as mulheres cabo-verdianas dedicam, em m\u00e9dia, <strong>mais 3 horas e 30 minutos por dia<\/strong> a tarefas n\u00e3o remuneradas comparativamente aos homens. <\/p>\n\n\n\n<p>Esta &#8220;dupla jornada&#8221;, que combina responsabilidades dom\u00e9sticas com atividades empresariais, limita significativamente o tempo dispon\u00edvel para o desenvolvimento profissional e a expans\u00e3o de neg\u00f3cios.<\/p>\n\n\n\n<p><strong>Principais motivos de inatividade entre mulheres<\/strong>:<\/p>\n\n\n\n<ul class=\"wp-block-list\">\n<li>Responsabilidades pessoais ou familiares: <strong>17,7%<\/strong> (vs. 2,1% entre homens)<\/li>\n\n\n\n<li>Gravidez e cuidados de sa\u00fade: <strong>19,4%<\/strong> das mulheres citam invalidez, doen\u00e7a ou gravidez como barreiras<\/li>\n<\/ul>\n\n\n\n<h3 class=\"wp-block-heading\"><strong>3. Acesso ao Financiamento e Formaliza\u00e7\u00e3o<\/strong><\/h3>\n\n\n\n<p>O acesso ao cr\u00e9dito continua a ser um dos obst\u00e1culos mais significativos. Dados recentes indicam que apenas <strong>30% do cr\u00e9dito empresarial<\/strong> \u00e9 concedido a empresas lideradas por mulheres. <\/p>\n\n\n\n<p>Al\u00e9m disso, o INE constatou que a maioria dos empres\u00e1rios informais n\u00e3o estaria disposta a registar as suas atividades ou pagar impostos, indicando &#8220;trabalho \u00e1rduo a fazer para integr\u00e1-los nos circuitos formais&#8221;.<\/p>\n\n\n\n<h2 class=\"wp-block-heading\"><strong>Oportunidades e Tend\u00eancias de Crescimento<\/strong><\/h2>\n\n\n\n<h3 class=\"wp-block-heading\"><strong>1. Pol\u00edticas P\u00fablicas e Programas de Apoio<\/strong><\/h3>\n\n\n\n<p>O governo cabo-verdiano tem implementado medidas significativas para promover o empreendedorismo feminino:<\/p>\n\n\n\n<p><strong>Banco Jovem &amp; Mulher<\/strong>: Programa espec\u00edfico de financiamento para o empreendedorismo e startups lideradas por mulheres, mencionado pelo Primeiro-Ministro como instrumento chave para redu\u00e7\u00e3o do desemprego juvenil.<\/p>\n\n\n\n<p><strong>Cr\u00e9dito BAI Mulher Empreendedora<\/strong>: Linha de cr\u00e9dito especializada que facilita o acesso ao financiamento banc\u00e1rio, contribuindo para a redu\u00e7\u00e3o das desigualdades de g\u00e9nero no sector empresarial.<\/p>\n\n\n\n<h3 class=\"wp-block-heading\"><strong>2. Crescimento Econ\u00f3mico e Inser\u00e7\u00e3o Feminina<\/strong><\/h3>\n\n\n\n<p>Os dados de 2024\/2025 revelam tend\u00eancias positivas:<\/p>\n\n\n\n<ul class=\"wp-block-list\">\n<li><strong>Crescimento do emprego<\/strong>: 7,3% de aumento no primeiro semestre de 2025<\/li>\n\n\n\n<li><strong>Maior participa\u00e7\u00e3o feminina<\/strong>: Mais 5.144 mulheres integraram a popula\u00e7\u00e3o ativa em 2024<\/li>\n\n\n\n<li><strong>Redu\u00e7\u00e3o do desemprego<\/strong>: Taxa de 8% em 2024, o valor mais baixo desde a independ\u00eancia<\/li>\n<\/ul>\n\n\n\n<h3 class=\"wp-block-heading\"><strong>3. Sector do Turismo e Economia Azul<\/strong><\/h3>\n\n\n\n<p>O turismo, que representa aproximadamente <strong>25% do PIB<\/strong> cabo-verdiano, oferece oportunidades significativas<\/p>\n\n\n\n<p>. As mulheres representam <strong>60% da for\u00e7a de trabalho<\/strong> em alojamento e restaura\u00e7\u00e3o, embora enfrentem desafios de remunera\u00e7\u00e3o e estabilidade contratual.<\/p>\n\n\n\n<p><strong>Oportunidades espec\u00edficas<\/strong>:<\/p>\n\n\n\n<ul class=\"wp-block-list\">\n<li>Empreendedorismo em turismo sustent\u00e1vel<\/li>\n\n\n\n<li>Artesanato e produtos locais<\/li>\n\n\n\n<li>Servi\u00e7os de catering e experi\u00eancias culturais<\/li>\n\n\n\n<li>Consultoria e gest\u00e3o hoteleira<\/li>\n<\/ul>\n\n\n\n<h2 class=\"wp-block-heading\"><strong>Estrat\u00e9gias de Sucesso para Mulheres Empres\u00e1rias<\/strong><\/h2>\n\n\n\n<h3 class=\"wp-block-heading\"><strong>1. Formaliza\u00e7\u00e3o e Acesso a Benef\u00edcios<\/strong><\/h3>\n\n\n\n<p>A transi\u00e7\u00e3o do sector informal para o formal permite:<\/p>\n\n\n\n<ul class=\"wp-block-list\">\n<li>Acesso a seguran\u00e7a social (apenas 48% da popula\u00e7\u00e3o tem cobertura de presta\u00e7\u00f5es sociais)<\/li>\n\n\n\n<li>Possibilidade de concorrer a grandes encomendas e contratos p\u00fablicos<\/li>\n\n\n\n<li>Acesso a programas de forma\u00e7\u00e3o e mentoria empresarial<\/li>\n<\/ul>\n\n\n\n<h3 class=\"wp-block-heading\"><strong>2. Capacita\u00e7\u00e3o e Desenvolvimento de Compet\u00eancias<\/strong><\/h3>\n\n\n\n<p>O Plano Nacional de Igualdade de G\u00e9nero destaca a necessidade de:<\/p>\n\n\n\n<ul class=\"wp-block-list\">\n<li>Forma\u00e7\u00e3o em gest\u00e3o empresarial e planeamento estrat\u00e9gico<\/li>\n\n\n\n<li>Comp\u00e9tences num\u00e9riques et technologiques<\/li>\n\n\n\n<li>Acesso a redes de networking e mentoria feminina<\/li>\n<\/ul>\n\n\n\n<h3 class=\"wp-block-heading\"><strong>3. Diversifica\u00e7\u00e3o e Inova\u00e7\u00e3o<\/strong><\/h3>\n\n\n\n<p>As empresas lideradas por mulheres devem explorar:<\/p>\n\n\n\n<ul class=\"wp-block-list\">\n<li><strong>\u00c9conomie num\u00e9rique<\/strong>: Com\u00e9rcio eletr\u00f3nico e marketing digital<\/li>\n\n\n\n<li><strong>Agriculture durable<\/strong>: Aproveitando o facto de 49,7% da popula\u00e7\u00e3o agr\u00edcola ativa ser feminina<\/li>\n\n\n\n<li><strong>Servi\u00e7os profissionais<\/strong>: Consultoria, contabilidade e servi\u00e7os de apoio empresarial<\/li>\n<\/ul>\n\n\n\n<h2 class=\"wp-block-heading\"><strong>O Papel da Consultoria na Transforma\u00e7\u00e3o Empresarial<\/strong><\/h2>\n\n\n\n<p>A S&amp;D Consultoria posiciona-se como parceira estrat\u00e9gica para mulheres empres\u00e1rias que pretendem:<\/p>\n\n\n\n<p>\u2705 <strong>Formalizar os seus neg\u00f3cios<\/strong> e cumprir obriga\u00e7\u00f5es fiscais e contabil\u00edsticas<br>\u2705 <strong>Aceder a financiamento<\/strong> atrav\u00e9s da elabora\u00e7\u00e3o de planos de neg\u00f3cios robustos<br>\u2705 <strong>Otimizar processos<\/strong> e implementar sistemas de gest\u00e3o eficientes<br>\u2705 <strong>Expandir mercados<\/strong> atrav\u00e9s de estrat\u00e9gias de marketing digital<br>\u2705 <strong>Cumprir requisitos legais<\/strong> e aproveitar incentivos fiscais dispon\u00edveis<\/p>\n\n\n\n<hr class=\"wp-block-separator has-alpha-channel-opacity\"\/>\n\n\n\n<h2 class=\"wp-block-heading\"><strong>Conclus\u00e3o: O Futuro do Empreendedorismo Feminino em Cabo Verde<\/strong><\/h2>\n\n\n\n<p>Os dados do INE revelam uma realidade em transforma\u00e7\u00e3o. Por um lado, as mulheres cabo-verdianas demonstram <strong>resili\u00eancia e capacidade empreendedora<\/strong> not\u00e1veis, liderando significativa parcela do tecido empresarial formal e informal. Por outro, persistem <strong>desigualdades estruturais<\/strong> que limitam o potencial de crescimento e a sustentabilidade dos seus neg\u00f3cios.<\/p>\n\n\n\n<p>A redu\u00e7\u00e3o do fosso de g\u00e9nero no acesso ao financiamento, a formaliza\u00e7\u00e3o progressive do sector informal e o investimento em capacita\u00e7\u00e3o empresarial s\u00e3o passos essenciais para consolidar o empoderamento econ\u00f3mico das mulheres em Cabo Verde.<\/p>\n\n\n\n<p>Com o apoio de pol\u00edticas p\u00fablicas adequadas e parcerias estrat\u00e9gicas com entidades como a S&amp;D Consultoria, as mulheres empres\u00e1rias cabo-verdianas est\u00e3o posicionadas para transformar desafios em oportunidades de crescimento sustent\u00e1vel.<\/p>\n\n\n\n<hr class=\"wp-block-separator has-alpha-channel-opacity\"\/>\n\n\n\n<h3 class=\"wp-block-heading\"><strong>Refer\u00eancias e Fontes<\/strong><\/h3>\n\n\n\n<ul class=\"wp-block-list\">\n<li>Instituto Nacional de Estat\u00edstica (INE) \u2014 Inqu\u00e9rito Multiobjetivo Cont\u00ednuo 2024\/2025<\/li>\n\n\n\n<li>INE\/ICIEG \u2014 &#8220;Mulheres e Homens em Cabo Verde: Fatos e N\u00fameros 2024&#8221;<\/li>\n\n\n\n<li>INE \u2014 Terceiro Inqu\u00e9rito ao Sector Informal (2024)<\/li>\n\n\n\n<li>Plano Nacional de Igualdade de G\u00e9nero (ICIEG)<\/li>\n\n\n\n<li>Global Entrepreneurship Monitor (GEM) \u2014 Women&#8217;s Entrepreneurship Report<\/li>\n<\/ul>\n\n\n\n<hr class=\"wp-block-separator has-alpha-channel-opacity\"\/>\n\n\n\n<p><em>S&amp;D Consultoria \u2014 Especialistas em apoio empresarial, contabilidade e consultoria de gest\u00e3o em Cabo Verde. Contacte-nos para saber como podemos ajudar o seu neg\u00f3cio a crescer.<\/em><\/p>","protected":false},"excerpt":{"rendered":"<p>O empreendedorismo feminino em Cabo Verde representa um dos pilares mais din\u00e2micos da economia nacional, mas tamb\u00e9m um dos sectores mais desafiadores. Com 43% das mulheres envolvidas em atividades empresariais, uma das taxas mais elevadas da \u00c1frica Subsariana, o arquip\u00e9lago posiciona-se como refer\u00eancia regional no que concerne \u00e0 participa\u00e7\u00e3o feminina no tecido empresarial . No [&hellip;]<\/p>\n","protected":false},"author":2,"featured_media":3977,"comment_status":"closed","ping_status":"open","sticky":false,"template":"","format":"standard","meta":{"_breakdance_hide_in_design_set":false,"_breakdance_tags":"","footnotes":""},"categories":[1,171,177],"tags":[292],"class_list":["post-3976","post","type-post","status-publish","format-standard","has-post-thumbnail","hentry","category-blog","category-consultoria-empresarial","category-empreendedorismo","tag-empreendedores-cabo-verdianos"],"_links":{"self":[{"href":"https:\/\/consultoria.cv\/fr\/wp-json\/wp\/v2\/posts\/3976","targetHints":{"allow":["GET"]}}],"collection":[{"href":"https:\/\/consultoria.cv\/fr\/wp-json\/wp\/v2\/posts"}],"about":[{"href":"https:\/\/consultoria.cv\/fr\/wp-json\/wp\/v2\/types\/post"}],"author":[{"embeddable":true,"href":"https:\/\/consultoria.cv\/fr\/wp-json\/wp\/v2\/users\/2"}],"replies":[{"embeddable":true,"href":"https:\/\/consultoria.cv\/fr\/wp-json\/wp\/v2\/comments?post=3976"}],"version-history":[{"count":1,"href":"https:\/\/consultoria.cv\/fr\/wp-json\/wp\/v2\/posts\/3976\/revisions"}],"predecessor-version":[{"id":3978,"href":"https:\/\/consultoria.cv\/fr\/wp-json\/wp\/v2\/posts\/3976\/revisions\/3978"}],"wp:featuredmedia":[{"embeddable":true,"href":"https:\/\/consultoria.cv\/fr\/wp-json\/wp\/v2\/media\/3977"}],"wp:attachment":[{"href":"https:\/\/consultoria.cv\/fr\/wp-json\/wp\/v2\/media?parent=3976"}],"wp:term":[{"taxonomy":"category","embeddable":true,"href":"https:\/\/consultoria.cv\/fr\/wp-json\/wp\/v2\/categories?post=3976"},{"taxonomy":"post_tag","embeddable":true,"href":"https:\/\/consultoria.cv\/fr\/wp-json\/wp\/v2\/tags?post=3976"}],"curies":[{"name":"wp","href":"https:\/\/api.w.org\/{rel}","templated":true}]}}