{"id":3910,"date":"2026-03-01T00:04:17","date_gmt":"2026-03-01T01:04:17","guid":{"rendered":"https:\/\/consultoria.cv\/memorando-de-entendimento-entre-governo-e-cv-airports-e-primeiro-passo-para-construcao-do-futuro-aeroporto-internacional-de-s-antao\/"},"modified":"2026-03-13T09:21:10","modified_gmt":"2026-03-13T10:21:10","slug":"memorando-de-entendimento-entre-governo-e-cv-airports-e-primeiro-passo-para-construcao-do-futuro-aeroporto-internacional-de-s-antao","status":"publish","type":"post","link":"https:\/\/consultoria.cv\/fr\/memorando-de-entendimento-entre-governo-e-cv-airports-e-primeiro-passo-para-construcao-do-futuro-aeroporto-internacional-de-s-antao\/","title":{"rendered":"Memorando de Entendimento entre Governo e CV Airports \u00e9 primeiro passo para constru\u00e7\u00e3o do futuro Aeroporto Internacional de S. Ant\u00e3o"},"content":{"rendered":"<div>\n<p>Foi assinado esta manh\u00e3, na cidade da Praia, o Memorando de Entendimento entre o Governo de Cabo Verde e a Cabo Verde Airports, que integra a VINCI e a ANA, para criar condi\u00e7\u00f5es para constru\u00e7\u00e3o de um aeroporto internacional em Santo Ant\u00e3o.<\/p>\n<p>Para o Primeiro Ministro, Ulisses Correia e Silva, o Governo est\u00e1 a cumprir algo que foi pensado, refletido e estudado, com base em estudos de localiza\u00e7\u00e3o, viabilidade, sustentabilidade de longo prazo e exist\u00eancia de mercado. \u201c\u00c9 uma op\u00e7\u00e3o estrat\u00e9gica para ligar Santo Ant\u00e3o ao mundo, diretamente, atrav\u00e9s de transportes a\u00e9reos. Somos ilhas. A primeira prioridade \u00e9 conectarmo-nos entre n\u00f3s e depois com o mundo\u201d, disse o Chefe do Executivo cabo-verdiano.<\/p>\n<p>\u201cSanto Ant\u00e3o tem condi\u00e7\u00f5es muito especiais: natureza, ecoturismo, montanhas, vales, cultura, patrim\u00f3nio e uma aldeia de Fontainhas, considerada uma das mais belas do mundo\u201d, adiantou.<\/p>\n<p>Ainda segundo Ulisses Correia e Silva, \u201cas ilhas n\u00e3o competem, complementam-se\u201d, frisou, sublinhando que h\u00e1 operadores tur\u00edsticos de refer\u00eancia j\u00e1 posicionados, aguardando a melhoria da conectividade para avan\u00e7ar com investimentos hoteleiros. \u201cHaver\u00e1 mais fluxo e mais oferta, mas a ess\u00eancia ser\u00e1 preservada. Com escala e conectividade, esta \u00e9 uma op\u00e7\u00e3o certa para desenvolver Santo Ant\u00e3o\u201d, acrescentou.<\/p>\n<p>Antes do evento realizado no Pal\u00e1cio da V\u00e1rzea \u2013 que por quest\u00f5es da agenda da CV Airports, n\u00e3o foi poss\u00edvel a sua realiza\u00e7\u00e3o em S. Ant\u00e3o, como inicialmente previsto -, fez-se uma visita \u00e0s obras de moderniza\u00e7\u00e3o do Aeroporto Internacional Nelson Mandela, na Praia, assinalando mais um marco na concess\u00e3o das infraestruturas aeroportu\u00e1rias. \u201cDois anos e meio depois do in\u00edcio da parceria com a VINCI, os resultados s\u00e3o evidentes\u201d, apontou o Primeiro Ministro.<\/p>\n<p>O pacote da primeira fase representa 70 milh\u00f5es de euros e a segunda fase, 142 milh\u00f5es. \u201cPor detr\u00e1s de cada euro est\u00e1 mais do que infraestrutura: est\u00e1 a cria\u00e7\u00e3o de condi\u00e7\u00f5es para termos aeroportos modernos, funcionais, seguros, com boa qualidade de servi\u00e7o, capazes de deixar boa impress\u00e3o a quem chega e a quem parte\u201d, declarou.<\/p>\n<p>Conforme avan\u00e7ou Ulisses Correia e Silva, h\u00e1 um forte investimento na sustentabilidade. \u201cQueremos \u2018vender\u2019 Cabo Verde com o selo da sustentabilidade, com a meta de chegar a 2030 com mais de 50% de eletricidade a partir da energia solar e e\u00f3lica\u201d.<\/p>\n<p>\u201cEste modelo de parceria p\u00fablico-privada funciona. Crescemos juntos, investimos, criamos emprego, modernizamos e transformamos Cabo Verde numa perspetiva de m\u00e9dio e longo prazo\u201d, concluiu.<\/p>\n<p>Com a assinatura deste Memorando est\u00e1 assim dado o primeiro passo para a constru\u00e7\u00e3o do aeroporto de S. Ant\u00e3o, conforme garantiu o Director Executivo de concess\u00f5es da Vinci Airports, Nicolas Notebaert, ao anunciar o arranque de um estudo de concep\u00e7\u00e3o, seu financiamento e viabilidade dessa infra-estrutura aeroportu\u00e1ria, devendo os resultados serem apresentados nos pr\u00f3ximos meses.<\/p>\n<p>\u00a0<\/p>\n<p>O post <a rel=\"nofollow\" href=\"https:\/\/www.governo.cv\/memorando-de-entendimento-entre-governo-e-cv-airports-e-primeiro-passo-para-construcao-do-futuro-aeroporto-internacional-de-s-antao\/\" target=\"_blank\">Memorando de Entendimento entre Governo e CV Airports \u00e9 primeiro passo para constru\u00e7\u00e3o do futuro Aeroporto Internacional de S. Ant\u00e3o<\/a> apareceu primeiro em <a rel=\"nofollow\" href=\"https:\/\/www.governo.cv\/\" target=\"_blank\">Gouvernement du Cap-Vert<\/a>.<\/p>\n<\/div>","protected":false},"excerpt":{"rendered":"<p>Foi assinado esta manh\u00e3, na cidade da Praia, o Memorando de Entendimento entre o Governo de Cabo Verde e a Cabo Verde Airports, que integra a VINCI e a ANA, para criar condi\u00e7\u00f5es para constru\u00e7\u00e3o de um aeroporto internacional em Santo Ant\u00e3o. Para o Primeiro Ministro, Ulisses Correia e Silva, o Governo est\u00e1 a cumprir [&hellip;]<\/p>\n","protected":false},"author":2,"featured_media":4077,"comment_status":"closed","ping_status":"closed","sticky":false,"template":"","format":"standard","meta":{"_breakdance_hide_in_design_set":false,"_breakdance_tags":"","footnotes":""},"categories":[263],"tags":[264],"class_list":["post-3910","post","type-post","status-publish","format-standard","has-post-thumbnail","hentry","category-noticias","tag-noticias"],"_links":{"self":[{"href":"https:\/\/consultoria.cv\/fr\/wp-json\/wp\/v2\/posts\/3910","targetHints":{"allow":["GET"]}}],"collection":[{"href":"https:\/\/consultoria.cv\/fr\/wp-json\/wp\/v2\/posts"}],"about":[{"href":"https:\/\/consultoria.cv\/fr\/wp-json\/wp\/v2\/types\/post"}],"author":[{"embeddable":true,"href":"https:\/\/consultoria.cv\/fr\/wp-json\/wp\/v2\/users\/2"}],"replies":[{"embeddable":true,"href":"https:\/\/consultoria.cv\/fr\/wp-json\/wp\/v2\/comments?post=3910"}],"version-history":[{"count":1,"href":"https:\/\/consultoria.cv\/fr\/wp-json\/wp\/v2\/posts\/3910\/revisions"}],"predecessor-version":[{"id":4278,"href":"https:\/\/consultoria.cv\/fr\/wp-json\/wp\/v2\/posts\/3910\/revisions\/4278"}],"wp:featuredmedia":[{"embeddable":true,"href":"https:\/\/consultoria.cv\/fr\/wp-json\/wp\/v2\/media\/4077"}],"wp:attachment":[{"href":"https:\/\/consultoria.cv\/fr\/wp-json\/wp\/v2\/media?parent=3910"}],"wp:term":[{"taxonomy":"category","embeddable":true,"href":"https:\/\/consultoria.cv\/fr\/wp-json\/wp\/v2\/categories?post=3910"},{"taxonomy":"post_tag","embeddable":true,"href":"https:\/\/consultoria.cv\/fr\/wp-json\/wp\/v2\/tags?post=3910"}],"curies":[{"name":"wp","href":"https:\/\/api.w.org\/{rel}","templated":true}]}}