{"id":3909,"date":"2026-03-01T00:03:16","date_gmt":"2026-03-01T01:03:16","guid":{"rendered":"https:\/\/consultoria.cv\/queremos-um-forum-mais-representativo-e-mais-plural-em-materia-de-governacao-aberta-em-cabo-verde-eurico-monteiro\/"},"modified":"2026-03-13T09:21:47","modified_gmt":"2026-03-13T10:21:47","slug":"queremos-um-forum-mais-representativo-e-mais-plural-em-materia-de-governacao-aberta-em-cabo-verde-eurico-monteiro","status":"publish","type":"post","link":"https:\/\/consultoria.cv\/fr\/queremos-um-forum-mais-representativo-e-mais-plural-em-materia-de-governacao-aberta-em-cabo-verde-eurico-monteiro\/","title":{"rendered":"\u201cQueremos um F\u00f3rum mais representativo e mais plural em mat\u00e9ria de Governa\u00e7\u00e3o Aberta em Cabo Verde\u201d \u2013 Eurico Monteiro"},"content":{"rendered":"<div>\n<p>O Ministro da Moderniza\u00e7\u00e3o do Estado e da Administra\u00e7\u00e3o P\u00fablica defendeu, esta quinta-feira, 26 de fevereiro, uma maior participa\u00e7\u00e3o da sociedade civil, tendo em vista a constru\u00e7\u00e3o de um F\u00f3rum mais representativo e mais plural em mat\u00e9ria de Governa\u00e7\u00e3o Aberta em Cabo Verde.<\/p>\n<p>Eurico Monteiro fez esta afirma\u00e7\u00e3o durante a abertura da VII reuni\u00e3o do F\u00f3rum Nacional Multissetorial da <em>Open Government Partnership<\/em>\/Parceria para o Governo Aberto (OGP), que reuniu diversos <em>stakeholders<\/em> na Praia, para reformula\u00e7\u00e3o dos elementos constituintes deste \u00f3rg\u00e3o e prepara\u00e7\u00e3o do III Plano de A\u00e7\u00e3o Nacional para a Governa\u00e7\u00e3o Aberta.<\/p>\n<p>\u201c\u00c9 isto que d\u00e1 credibilidade ao F\u00f3rum, porquanto permite uma vis\u00e3o mais cr\u00edtica e alinhada com as necessidades da sociedade\u201d, sublinhou o Ministro, para quem este encontro representa, antes de mais, um momento de reforma institucional, para dar mais peso \u00e0 Sociedade Civil, \u00e0 academia e demais representa\u00e7\u00f5es, n\u00e3o ficando apenas o Estado com o poder decis\u00f3rio sobre quest\u00f5es importantes do pa\u00eds.<\/p>\n<p>\u201cEstamos na caminhada para a constru\u00e7\u00e3o do terceiro Plano de A\u00e7\u00e3o Nacional para a Governa\u00e7\u00e3o Aberta, ap\u00f3s concluir o segundo Plano, com sucesso, em 2025, e, para tal, queremos construir um F\u00f3rum verdadeiramente representativo, por forma a que este importante instrumento reflita, fundamentalmente, a preocupa\u00e7\u00e3o das pessoas, porque hoje n\u00f3s n\u00e3o falamos da democracia pela circunst\u00e2ncia de haver elei\u00e7\u00f5es regulares para mudan\u00e7a do Governo, mas sobretudo, quando as pessoas t\u00eam uma participa\u00e7\u00e3o mais ativa na vida pol\u00edtica, social e cultural do pa\u00eds\u201d, explicou Eurico Monteiro.<\/p>\n<p>Essa participa\u00e7\u00e3o ativa que se quer, particularmente na vida pol\u00edtica, entende o Ministro, depende muito da relev\u00e2ncia da informa\u00e7\u00e3o disponibilizada \u00e0s pessoas. Para isto, sublinhou o governante, a governa\u00e7\u00e3o aberta \u00e9 fundamental. \u201cAs pessoas precisam do acesso \u00e0 informa\u00e7\u00e3o, do que se passa verdadeiramente no pa\u00eds, porque, s\u00f3 a partir desses dados \u00e9 que podem criticar, apoiar, apresentar sugest\u00f5es, alternativas e, naturalmente, aumentar o seu grau de exig\u00eancia em rela\u00e7\u00e3o \u00e0 performance do Governo e em rela\u00e7\u00e3o \u00e0s pol\u00edticas p\u00fablicas implementadas\u201d, disse.<\/p>\n<p>\u00a0<\/p>\n<p>Para o Ministro, n\u00e3o obstante, ser ainda necess\u00e1rio fazer mais, \u201cj\u00e1 demos passos importantes, em mat\u00e9ria de transpar\u00eancia\u201d. A t\u00edtulo de exemplo, citou, o pr\u00f3prio Portal da Transpar\u00eancia, onde se pode ter acesso a dados importantes da execu\u00e7\u00e3o das pol\u00edticas p\u00fablicas, nomeadamente daquilo que est\u00e1 no Or\u00e7amento do Estado e nas contas nacionais; das despesas, dos contratos, \u201cde todas as aquisi\u00e7\u00f5es de uma forma geral, o que inspira confian\u00e7a nas pessoas\u201d.<\/p>\n<p>\u201cSe quiser saber quanto \u00e9 que a C\u00e2mara Municipal da Praia recebeu durante este ano ou no ano passado, encontra facilmente esses dados porque atrav\u00e9s do Portal da Transpar\u00eancia pode-se aceder a toda essa informa\u00e7\u00e3o. \u00a0Tudo o que se espera em termos de receitas, as contrata\u00e7\u00f5es que foram feitas, as despesas efetuadas, tudo isto, hoje, est\u00e1 \u00e0 disposi\u00e7\u00e3o dos cidad\u00e3os, gra\u00e7as ao Portal da Transpar\u00eancia, implementando por este Governo\u201d, indicou o governante, segundo quem, essas a\u00e7\u00f5es s\u00e3o importantes para fazer uma avalia\u00e7\u00e3o correta e adequada dos \u00f3rg\u00e3os no poder.<\/p>\n<p>\u201cMas tamb\u00e9m a Administra\u00e7\u00e3o P\u00fablica, toda ela, est\u00e1 talhada, n\u00e3o s\u00f3 nesta parte or\u00e7amental e financeira, para apresentar esses dados e dar essas informa\u00e7\u00f5es\u201d, finalizou o Ministro, apontando o Portal \u00danico dos Servi\u00e7os Digitais do Estado <strong>GOV.CV<\/strong>\u00a0 <a href=\"https:\/\/www.gov.cv\/\" target=\"_blank\" rel=\"noopener noreferrer nofollow\">https:\/\/www.gov.cv<\/a>, lan\u00e7ado recentemente, como mecanismo para aumentar a participa\u00e7\u00e3o dos cidad\u00e3os e, sobretudo, a conectividade entre o cidad\u00e3o e o Estado.<\/p>\n<p>O post <a rel=\"nofollow\" href=\"https:\/\/www.governo.cv\/queremos-um-forum-mais-representativo-e-mais-plural-em-materia-de-governacao-aberta-em-cabo-verde-eurico-monteiro\/\" target=\"_blank\">\u201cQueremos um F\u00f3rum mais representativo e mais plural em mat\u00e9ria de Governa\u00e7\u00e3o Aberta em Cabo Verde\u201d \u2013 Eurico Monteiro<\/a> apareceu primeiro em <a rel=\"nofollow\" href=\"https:\/\/www.governo.cv\/\" target=\"_blank\">Gouvernement du Cap-Vert<\/a>.<\/p>\n<\/div>","protected":false},"excerpt":{"rendered":"<p>O Ministro da Moderniza\u00e7\u00e3o do Estado e da Administra\u00e7\u00e3o P\u00fablica defendeu, esta quinta-feira, 26 de fevereiro, uma maior participa\u00e7\u00e3o da sociedade civil, tendo em vista a constru\u00e7\u00e3o de um F\u00f3rum mais representativo e mais plural em mat\u00e9ria de Governa\u00e7\u00e3o Aberta em Cabo Verde. Eurico Monteiro fez esta afirma\u00e7\u00e3o durante a abertura da VII reuni\u00e3o do [&hellip;]<\/p>\n","protected":false},"author":2,"featured_media":4073,"comment_status":"closed","ping_status":"closed","sticky":false,"template":"","format":"standard","meta":{"_breakdance_hide_in_design_set":false,"_breakdance_tags":"","footnotes":""},"categories":[263],"tags":[264],"class_list":["post-3909","post","type-post","status-publish","format-standard","has-post-thumbnail","hentry","category-noticias","tag-noticias"],"_links":{"self":[{"href":"https:\/\/consultoria.cv\/fr\/wp-json\/wp\/v2\/posts\/3909","targetHints":{"allow":["GET"]}}],"collection":[{"href":"https:\/\/consultoria.cv\/fr\/wp-json\/wp\/v2\/posts"}],"about":[{"href":"https:\/\/consultoria.cv\/fr\/wp-json\/wp\/v2\/types\/post"}],"author":[{"embeddable":true,"href":"https:\/\/consultoria.cv\/fr\/wp-json\/wp\/v2\/users\/2"}],"replies":[{"embeddable":true,"href":"https:\/\/consultoria.cv\/fr\/wp-json\/wp\/v2\/comments?post=3909"}],"version-history":[{"count":1,"href":"https:\/\/consultoria.cv\/fr\/wp-json\/wp\/v2\/posts\/3909\/revisions"}],"predecessor-version":[{"id":4280,"href":"https:\/\/consultoria.cv\/fr\/wp-json\/wp\/v2\/posts\/3909\/revisions\/4280"}],"wp:featuredmedia":[{"embeddable":true,"href":"https:\/\/consultoria.cv\/fr\/wp-json\/wp\/v2\/media\/4073"}],"wp:attachment":[{"href":"https:\/\/consultoria.cv\/fr\/wp-json\/wp\/v2\/media?parent=3909"}],"wp:term":[{"taxonomy":"category","embeddable":true,"href":"https:\/\/consultoria.cv\/fr\/wp-json\/wp\/v2\/categories?post=3909"},{"taxonomy":"post_tag","embeddable":true,"href":"https:\/\/consultoria.cv\/fr\/wp-json\/wp\/v2\/tags?post=3909"}],"curies":[{"name":"wp","href":"https:\/\/api.w.org\/{rel}","templated":true}]}}