{"id":3908,"date":"2026-03-01T00:02:15","date_gmt":"2026-03-01T01:02:15","guid":{"rendered":"https:\/\/consultoria.cv\/primeiro-ministro-visita-cadeia-central-da-praia-e-constata-uma-transformacao-profunda-na-humanizacao-do-sistema-prisional\/"},"modified":"2026-03-01T00:02:15","modified_gmt":"2026-03-01T01:02:15","slug":"primeiro-ministro-visita-cadeia-central-da-praia-e-constata-uma-transformacao-profunda-na-humanizacao-do-sistema-prisional","status":"publish","type":"post","link":"https:\/\/consultoria.cv\/fr\/primeiro-ministro-visita-cadeia-central-da-praia-e-constata-uma-transformacao-profunda-na-humanizacao-do-sistema-prisional\/","title":{"rendered":"Primeiro Ministro visita Cadeia Central da Praia e constata \u201cuma transforma\u00e7\u00e3o profunda\u201d na humaniza\u00e7\u00e3o do sistema prisional"},"content":{"rendered":"<div>\n<p>O Primeiro Ministro, Ulisses Correia e Silva, visitou esta manh\u00e3, 26, a Cadeia Central da Praia, onde p\u00f4de constatar \u201cuma transforma\u00e7\u00e3o profunda, n\u00e3o apenas nas infraestruturas, mas sobretudo na humaniza\u00e7\u00e3o, reinser\u00e7\u00e3o social no sistema prisional\u201d.<\/p>\n<p>\u201cHoje existem melhores condi\u00e7\u00f5es de acomoda\u00e7\u00e3o e, acima de tudo, oportunidades reais de forma\u00e7\u00e3o profissional nas \u00e1reas de mec\u00e2nica, agricultura, panifica\u00e7\u00e3o, corte e costura, eletromec\u00e2nica, artes e outras unidades produtivas\u201d, considerou.<\/p>\n<p>\u201cA pris\u00e3o priva a liberdade, mas n\u00e3o pode privar a dignidade da pessoa humana\u201d, frisou, adiantando que viu um esfor\u00e7o claro para preparar mulheres e homens para que, ao cumprirem as suas penas, possam regressar \u00e0 sociedade com compet\u00eancias, profiss\u00e3o e cabe\u00e7a erguida.<\/p>\n<p>\u201cAs cadeias devem ser tamb\u00e9m escolas de sa\u00edda. A reinser\u00e7\u00e3o depende do trabalho das institui\u00e7\u00f5es, mas tamb\u00e9m da consci\u00eancia e do compromisso dos pr\u00f3prios reclusos em aproveitar as oportunidades criadas\u201d, sustentou Ulisses Correia e Silva que aproveitar uma mensagem: \u201ca liberdade chegar\u00e1. Aproveitem este tempo para se qualificarem e regressarem \u00e0s suas fam\u00edlias com dignidade, preparados para uma nova vida\u201d.<\/p>\n<p>\u00a0<\/p>\n<p>\u00a0<\/p>\n<p>O post <a rel=\"nofollow\" href=\"https:\/\/www.governo.cv\/primeiro-ministro-visita-cadeia-central-da-praia-e-constata-uma-transformacao-profunda-na-humanizacao-do-sistema-prisional\/\" target=\"_blank\">Primeiro Ministro visita Cadeia Central da Praia e constata \u201cuma transforma\u00e7\u00e3o profunda\u201d na humaniza\u00e7\u00e3o do sistema prisional<\/a> apareceu primeiro em <a rel=\"nofollow\" href=\"https:\/\/www.governo.cv\/\" target=\"_blank\">Gouvernement du Cap-Vert<\/a>.<\/p>\n<\/div>","protected":false},"excerpt":{"rendered":"<p>O Primeiro Ministro, Ulisses Correia e Silva, visitou esta manh\u00e3, 26, a Cadeia Central da Praia, onde p\u00f4de constatar \u201cuma transforma\u00e7\u00e3o profunda, n\u00e3o apenas nas infraestruturas, mas sobretudo na humaniza\u00e7\u00e3o, reinser\u00e7\u00e3o social no sistema prisional\u201d. \u201cHoje existem melhores condi\u00e7\u00f5es de acomoda\u00e7\u00e3o e, acima de tudo, oportunidades reais de forma\u00e7\u00e3o profissional nas \u00e1reas de mec\u00e2nica, agricultura, [&hellip;]<\/p>\n","protected":false},"author":2,"featured_media":0,"comment_status":"closed","ping_status":"closed","sticky":false,"template":"","format":"standard","meta":{"_breakdance_hide_in_design_set":false,"_breakdance_tags":"","footnotes":""},"categories":[263],"tags":[264],"class_list":["post-3908","post","type-post","status-publish","format-standard","hentry","category-noticias","tag-noticias"],"_links":{"self":[{"href":"https:\/\/consultoria.cv\/fr\/wp-json\/wp\/v2\/posts\/3908","targetHints":{"allow":["GET"]}}],"collection":[{"href":"https:\/\/consultoria.cv\/fr\/wp-json\/wp\/v2\/posts"}],"about":[{"href":"https:\/\/consultoria.cv\/fr\/wp-json\/wp\/v2\/types\/post"}],"author":[{"embeddable":true,"href":"https:\/\/consultoria.cv\/fr\/wp-json\/wp\/v2\/users\/2"}],"replies":[{"embeddable":true,"href":"https:\/\/consultoria.cv\/fr\/wp-json\/wp\/v2\/comments?post=3908"}],"version-history":[{"count":0,"href":"https:\/\/consultoria.cv\/fr\/wp-json\/wp\/v2\/posts\/3908\/revisions"}],"wp:attachment":[{"href":"https:\/\/consultoria.cv\/fr\/wp-json\/wp\/v2\/media?parent=3908"}],"wp:term":[{"taxonomy":"category","embeddable":true,"href":"https:\/\/consultoria.cv\/fr\/wp-json\/wp\/v2\/categories?post=3908"},{"taxonomy":"post_tag","embeddable":true,"href":"https:\/\/consultoria.cv\/fr\/wp-json\/wp\/v2\/tags?post=3908"}],"curies":[{"name":"wp","href":"https:\/\/api.w.org\/{rel}","templated":true}]}}