{"id":3861,"date":"2026-02-01T00:07:24","date_gmt":"2026-02-01T01:07:24","guid":{"rendered":"https:\/\/consultoria.cv\/comunicado-conjunto-do-ministerio-da-saude-de-cabo-verde-e-do-ministerio-da-saude-de-portugal\/"},"modified":"2026-02-01T00:07:24","modified_gmt":"2026-02-01T01:07:24","slug":"comunicado-conjunto-do-ministerio-da-saude-de-cabo-verde-e-do-ministerio-da-saude-de-portugal","status":"publish","type":"post","link":"https:\/\/consultoria.cv\/fr\/comunicado-conjunto-do-ministerio-da-saude-de-cabo-verde-e-do-ministerio-da-saude-de-portugal\/","title":{"rendered":"Comunicado Conjunto do Minist\u00e9rio da Sa\u00fade de Cabo Verde e do Minist\u00e9rio da Sa\u00fade de Portugal"},"content":{"rendered":"<div>\n<p>O Minist\u00e9rio da Sa\u00fade da Rep\u00fablica Portuguesa e o Minist\u00e9rio da Sa\u00fade da Rep\u00fablica de Cabo Verde, reafirmando os la\u00e7os hist\u00f3ricos, institucionais e de coopera\u00e7\u00e3o existentes no dom\u00ednio da sa\u00fade, reconhecem a import\u00e2ncia estrat\u00e9gica do aprofundamento cont\u00ednuo da coopera\u00e7\u00e3o bilateral para a promo\u00e7\u00e3o da sa\u00fade e do bem-estar das popula\u00e7\u00f5es, bem como para o refor\u00e7o da capacidade, resili\u00eancia e sustentabilidade dos respetivos sistemas de sa\u00fade.<\/p>\n<p>A presente de visita enquadra-se no \u00e2mbito do Programa de Coopera\u00e7\u00e3o em Sa\u00fade e dos Memorandos de Entendimento celebrados entre a Rep\u00fablica de Cabo Verde e a Rep\u00fablica Portuguesa na VII Cimeira Bilateral realizada em Lisboa, em janeiro de 2025, que estabeleceram as bases para o desenvolvimento de linhas de trabalho conjuntas.<\/p>\n<p>Neste contexto, identificaram como \u00e1reas priorit\u00e1rias de colabora\u00e7\u00e3o, entre outras a definir futuramente de comum acordo, as seguintes:<\/p>\n<ol>\n<li><strong>Forma\u00e7\u00e3o e capacita\u00e7\u00e3o de recursos humanos em sa\u00fade<\/strong>, com especial enfoque no setor farmac\u00eautico, incluindo a Avalia\u00e7\u00e3o de Tecnologias da Sa\u00fade, bem como noutras \u00e1reas cl\u00ednicas estrat\u00e9gicas, designadamente oncologia, ortotraumatologia, cardiologia e oftalmologia, atrav\u00e9s de modalidades de forma\u00e7\u00e3o a definir entre as Partes, incluindo forma\u00e7\u00e3o graduada e especializada, est\u00e1gios, miss\u00f5es t\u00e9cnicas, teleforma\u00e7\u00e3o e interc\u00e2mbio institucional.<\/li>\n<\/ol>\n<p>2. <strong>Vigil\u00e2ncia epidemiol\u00f3gica e sa\u00fade p\u00fablica<\/strong>, atrav\u00e9s da promo\u00e7\u00e3o da coopera\u00e7\u00e3o no dom\u00ednio da preven\u00e7\u00e3o, dete\u00e7\u00e3o precoce, monitoriza\u00e7\u00e3o e resposta a eventos de sa\u00fade p\u00fablica,\u00a0 \u00a0incluindo vigil\u00e2ncia gen\u00f3mica, implementa\u00e7\u00e3o de sistemas abrangentes de vigil\u00e2ncia de doen\u00e7as transmiss\u00edveis e doen\u00e7as cr\u00f3nicas n\u00e3o transmiss\u00edveis, monitoriza\u00e7\u00e3o da resist\u00eancia aos antimicrobianos, capacita\u00e7\u00e3o em biosseguran\u00e7a e transporte de amostras, bem como o desenvolvimento de projeto piloto de rastreio neonatal.<\/p>\n<p>3. <strong>Emerg\u00eancia m\u00e9dica e resposta a situa\u00e7\u00f5es de crise<\/strong>, incluindo o refor\u00e7o da emerg\u00eancia m\u00e9dica pr\u00e9-hospitalar e hospitalar, medicina de cat\u00e1strofe, desenvolvimento e capacita\u00e7\u00e3o de Emergency Medical Teams (EMT), bem como apoio \u00e0 coordena\u00e7\u00e3o operacional e \u00e0s comunica\u00e7\u00f5es em contexto de emerg\u00eancia.<\/p>\n<p>4. <strong>Evacua\u00e7\u00f5es m\u00e9dicas<\/strong>, atrav\u00e9s da estrutura\u00e7\u00e3o de um modelo mais integrado e clinicamente orientado, com recurso \u00e0 tele-sa\u00fade na fase de pr\u00e9-evacua\u00e7\u00e3o e na prepara\u00e7\u00e3o do regresso dos doentes ao pa\u00eds de origem, promovendo maior efici\u00eancia, racionalidade na utiliza\u00e7\u00e3o de recursos e melhores ganhos cl\u00ednicos, econ\u00f3micos e sociais.<\/p>\n<p>5. <strong>Apoio a miss\u00f5es m\u00e9dicas<\/strong>, contribuindo para a presta\u00e7\u00e3o de cuidados de sa\u00fade especializados, partilha de boas pr\u00e1ticas, transfer\u00eancia de conhecimento e capacita\u00e7\u00e3o de profissionais de sa\u00fade.<\/p>\n<p>A coopera\u00e7\u00e3o bilateral nestas mat\u00e9rias ser\u00e1 coordenada pela Sub-Comiss\u00e3o de Sa\u00fade da Comiss\u00e3o Permanente Bilateral, assegurando o acompanhamento t\u00e9cnico, a defini\u00e7\u00e3o de planos de a\u00e7\u00e3o, a monitoriza\u00e7\u00e3o dos resultados e a articula\u00e7\u00e3o interinstitucional necess\u00e1ria \u00e0 execu\u00e7\u00e3o das iniciativas acordadas. Neste sentido, ambos os Minist\u00e9rios acordam em realizar uma primeira reuni\u00e3o da Sub-Comiss\u00e3o de Sa\u00fade at\u00e9 ao final do m\u00eas de mar\u00e7o do presente ano.<\/p>\n<p>O Minist\u00e9rio da Sa\u00fade da Rep\u00fablica de Cabo Verde e o Minist\u00e9rio da Sa\u00fade da Rep\u00fablica de Portugal reiteram, assim, o seu compromisso de aprofundar uma coopera\u00e7\u00e3o t\u00e9cnica estruturada, orientada para resultados e baseada em evid\u00eancia, envolvendo institui\u00e7\u00f5es p\u00fablicas, setores privado e social e demais entidades relevantes de ambos os pa\u00edses, com vista \u00e0 melhoria dos desfechos em sa\u00fade, \u00e0 redu\u00e7\u00e3o de vulnerabilidades e ao refor\u00e7o da resili\u00eancia dos respetivos sistemas de sa\u00fade.<\/p>\n<p>Cidade da Praia, aos 30 de janeiro de 2026<\/p>\n<p>O post <a rel=\"nofollow\" href=\"https:\/\/www.governo.cv\/comunicado-conjunto-do-ministerio-da-saude-de-cabo-verde-e-do-ministerio-da-saude-de-portugal\/\" target=\"_blank\">Comunicado Conjunto do Minist\u00e9rio da Sa\u00fade de Cabo Verde e do Minist\u00e9rio da Sa\u00fade de Portugal<\/a> apareceu primeiro em <a rel=\"nofollow\" href=\"https:\/\/www.governo.cv\/\" target=\"_blank\">Gouvernement du Cap-Vert<\/a>.<\/p>\n<\/div>","protected":false},"excerpt":{"rendered":"<p>O Minist\u00e9rio da Sa\u00fade da Rep\u00fablica Portuguesa e o Minist\u00e9rio da Sa\u00fade da Rep\u00fablica de Cabo Verde, reafirmando os la\u00e7os hist\u00f3ricos, institucionais e de coopera\u00e7\u00e3o existentes no dom\u00ednio da sa\u00fade, reconhecem a import\u00e2ncia estrat\u00e9gica do aprofundamento cont\u00ednuo da coopera\u00e7\u00e3o bilateral para a promo\u00e7\u00e3o da sa\u00fade e do bem-estar das popula\u00e7\u00f5es, bem como para o refor\u00e7o [&hellip;]<\/p>\n","protected":false},"author":2,"featured_media":0,"comment_status":"closed","ping_status":"closed","sticky":false,"template":"","format":"standard","meta":{"_breakdance_hide_in_design_set":false,"_breakdance_tags":"","footnotes":""},"categories":[263],"tags":[264],"class_list":["post-3861","post","type-post","status-publish","format-standard","hentry","category-noticias","tag-noticias"],"_links":{"self":[{"href":"https:\/\/consultoria.cv\/fr\/wp-json\/wp\/v2\/posts\/3861","targetHints":{"allow":["GET"]}}],"collection":[{"href":"https:\/\/consultoria.cv\/fr\/wp-json\/wp\/v2\/posts"}],"about":[{"href":"https:\/\/consultoria.cv\/fr\/wp-json\/wp\/v2\/types\/post"}],"author":[{"embeddable":true,"href":"https:\/\/consultoria.cv\/fr\/wp-json\/wp\/v2\/users\/2"}],"replies":[{"embeddable":true,"href":"https:\/\/consultoria.cv\/fr\/wp-json\/wp\/v2\/comments?post=3861"}],"version-history":[{"count":0,"href":"https:\/\/consultoria.cv\/fr\/wp-json\/wp\/v2\/posts\/3861\/revisions"}],"wp:attachment":[{"href":"https:\/\/consultoria.cv\/fr\/wp-json\/wp\/v2\/media?parent=3861"}],"wp:term":[{"taxonomy":"category","embeddable":true,"href":"https:\/\/consultoria.cv\/fr\/wp-json\/wp\/v2\/categories?post=3861"},{"taxonomy":"post_tag","embeddable":true,"href":"https:\/\/consultoria.cv\/fr\/wp-json\/wp\/v2\/tags?post=3861"}],"curies":[{"name":"wp","href":"https:\/\/api.w.org\/{rel}","templated":true}]}}