{"id":3860,"date":"2026-02-01T00:06:22","date_gmt":"2026-02-01T01:06:22","guid":{"rendered":"https:\/\/consultoria.cv\/cabo-verde-reforca-a-protecao-da-saude-dos-atletas-com-formacao-especializada-em-medicina-desportiva\/"},"modified":"2026-02-01T00:06:22","modified_gmt":"2026-02-01T01:06:22","slug":"cabo-verde-reforca-a-protecao-da-saude-dos-atletas-com-formacao-especializada-em-medicina-desportiva","status":"publish","type":"post","link":"https:\/\/consultoria.cv\/fr\/cabo-verde-reforca-a-protecao-da-saude-dos-atletas-com-formacao-especializada-em-medicina-desportiva\/","title":{"rendered":"Cabo Verde refor\u00e7a a prote\u00e7\u00e3o da sa\u00fade dos atletas com forma\u00e7\u00e3o especializada em Medicina Desportiva"},"content":{"rendered":"<div>\n<p>Cabo Verde deu mais um passo significativo no refor\u00e7o da prote\u00e7\u00e3o da sa\u00fade dos atletas, com a conclus\u00e3o do curso de p\u00f3s-gradua\u00e7\u00e3o em Medicina Desportiva por m\u00e9dicos integrantes da Comiss\u00e3o de Autoriza\u00e7\u00e3o de Utiliza\u00e7\u00e3o Terap\u00eautica (CAUT) da Organiza\u00e7\u00e3o Nacional Antidopagem de Cabo Verde (ONAD-CV).<\/p>\n<p>Num ato simb\u00f3lico realizado esta sexta-feira, 30 de janeiro, quatro m\u00e9dicos cabo-verdianos receberam os certificados de conclus\u00e3o da referida forma\u00e7\u00e3o, promovida pelo Governo de Cabo Verde, atrav\u00e9s da ONAD-CV e ministrada pela Sociedade Portuguesa de Medicina Desportiva.<\/p>\n<p>Esta forma\u00e7\u00e3o especializada, reveste-se de elevada import\u00e2ncia estrat\u00e9gica para o pa\u00eds, ao contribuir para o refor\u00e7o da compet\u00eancia t\u00e9cnica, da credibilidade cient\u00edfica e da independ\u00eancia decis\u00f3ria da CAUT da ONAD-CV, assegurando avalia\u00e7\u00f5es rigorosas, \u00e9ticas e alinhadas com os padr\u00f5es internacionais no combate \u00e0 dopagem no desporto.<\/p>\n<p>O ato contou com a presen\u00e7a do Presidente da ONAD-CV, Emanuel dos Passos, e do Presidente da Sociedade Portuguesa de Medicina Desportiva, Dr. Ant\u00f3nio Val\u00e9rio Rosa, sublinhando a import\u00e2ncia da coopera\u00e7\u00e3o institucional e internacional no dom\u00ednio da medicina desportiva e da \u00e9tica no desporto.<\/p>\n<p>Ao presidir a cerim\u00f3nia, o Ministro da Juventude e Desporto sublinhou que a sa\u00fade do atleta \u00e9 um pilar essencial para a sustentabilidade do desporto nacional. Carlos Monteiro considerou que a medicina desportiva assume um papel central no desenvolvimento do desporto, colocando a sa\u00fade e o bem-estar dos atletas no centro das pol\u00edticas p\u00fablicas.<\/p>\n<p>Anunciou, ainda que, em meados de setembro de 2026, ser\u00e1 aberta uma nova vaga de inscri\u00e7\u00f5es para esta forma\u00e7\u00e3o, com o objetivo de alargar a cobertura nacional de profissionais qualificados e garantir um acompanhamento mais eficaz dos atletas e das sele\u00e7\u00f5es nacionais, tanto a n\u00edvel interno como nas competi\u00e7\u00f5es internacionais.<\/p>\n<p>Em representa\u00e7\u00e3o dos m\u00e9dicos da CAUT, \u00c9lvio Gon\u00e7alves, considerou a p\u00f3s-gradua\u00e7\u00e3o de extrema relev\u00e2ncia, por ter proporcionado um s\u00f3lido aprofundamento t\u00e9cnico-cient\u00edfico, fundamental para uma resposta mais eficaz nas \u00e1reas da sa\u00fade e da \u00e9tica do atleta.<\/p>\n<p>Por sua vez, o Presidente da ONAD-CV, Emanuel dos Passos, sublinhou que a forma\u00e7\u00e3o especializada de m\u00e9dicos \u00e9 determinante para garantir que as decis\u00f5es da CAUT sejam sustentadas em conhecimento cient\u00edfico, refor\u00e7ando a confian\u00e7a e a transpar\u00eancia no sistema antidopagem nacional.<\/p>\n<p>\u00a0<\/p>\n<p>O post <a rel=\"nofollow\" href=\"https:\/\/www.governo.cv\/cabo-verde-reforca-a-protecao-da-saude-dos-atletas-com-formacao-especializada-em-medicina-desportiva\/\" target=\"_blank\">Cabo Verde refor\u00e7a a prote\u00e7\u00e3o da sa\u00fade dos atletas com forma\u00e7\u00e3o especializada em Medicina Desportiva<\/a> apareceu primeiro em <a rel=\"nofollow\" href=\"https:\/\/www.governo.cv\/\" target=\"_blank\">Gouvernement du Cap-Vert<\/a>.<\/p>\n<\/div>","protected":false},"excerpt":{"rendered":"<p>Cabo Verde deu mais um passo significativo no refor\u00e7o da prote\u00e7\u00e3o da sa\u00fade dos atletas, com a conclus\u00e3o do curso de p\u00f3s-gradua\u00e7\u00e3o em Medicina Desportiva por m\u00e9dicos integrantes da Comiss\u00e3o de Autoriza\u00e7\u00e3o de Utiliza\u00e7\u00e3o Terap\u00eautica (CAUT) da Organiza\u00e7\u00e3o Nacional Antidopagem de Cabo Verde (ONAD-CV). Num ato simb\u00f3lico realizado esta sexta-feira, 30 de janeiro, quatro m\u00e9dicos [&hellip;]<\/p>\n","protected":false},"author":2,"featured_media":0,"comment_status":"closed","ping_status":"closed","sticky":false,"template":"","format":"standard","meta":{"_breakdance_hide_in_design_set":false,"_breakdance_tags":"","footnotes":""},"categories":[263],"tags":[264],"class_list":["post-3860","post","type-post","status-publish","format-standard","hentry","category-noticias","tag-noticias"],"_links":{"self":[{"href":"https:\/\/consultoria.cv\/fr\/wp-json\/wp\/v2\/posts\/3860","targetHints":{"allow":["GET"]}}],"collection":[{"href":"https:\/\/consultoria.cv\/fr\/wp-json\/wp\/v2\/posts"}],"about":[{"href":"https:\/\/consultoria.cv\/fr\/wp-json\/wp\/v2\/types\/post"}],"author":[{"embeddable":true,"href":"https:\/\/consultoria.cv\/fr\/wp-json\/wp\/v2\/users\/2"}],"replies":[{"embeddable":true,"href":"https:\/\/consultoria.cv\/fr\/wp-json\/wp\/v2\/comments?post=3860"}],"version-history":[{"count":0,"href":"https:\/\/consultoria.cv\/fr\/wp-json\/wp\/v2\/posts\/3860\/revisions"}],"wp:attachment":[{"href":"https:\/\/consultoria.cv\/fr\/wp-json\/wp\/v2\/media?parent=3860"}],"wp:term":[{"taxonomy":"category","embeddable":true,"href":"https:\/\/consultoria.cv\/fr\/wp-json\/wp\/v2\/categories?post=3860"},{"taxonomy":"post_tag","embeddable":true,"href":"https:\/\/consultoria.cv\/fr\/wp-json\/wp\/v2\/tags?post=3860"}],"curies":[{"name":"wp","href":"https:\/\/api.w.org\/{rel}","templated":true}]}}