{"id":3857,"date":"2026-02-01T00:01:51","date_gmt":"2026-02-01T01:01:51","guid":{"rendered":"https:\/\/consultoria.cv\/cabo-verde-tem-conseguido-bons-indicadores-ao-nivel-da-saude-da-mulher-e-da-crianca-ana-paula-martins-ministra-saude-de-portugal\/"},"modified":"2026-02-01T00:01:51","modified_gmt":"2026-02-01T01:01:51","slug":"cabo-verde-tem-conseguido-bons-indicadores-ao-nivel-da-saude-da-mulher-e-da-crianca-ana-paula-martins-ministra-saude-de-portugal","status":"publish","type":"post","link":"https:\/\/consultoria.cv\/fr\/cabo-verde-tem-conseguido-bons-indicadores-ao-nivel-da-saude-da-mulher-e-da-crianca-ana-paula-martins-ministra-saude-de-portugal\/","title":{"rendered":"Cabo Verde tem conseguido bons indicadores ao n\u00edvel da sa\u00fade da mulher e da crian\u00e7a \u2013 Ana Paula Martins, Ministra Sa\u00fade de Portugal"},"content":{"rendered":"<div>\n<p>A Ministra da Sa\u00fade de Portugal, real\u00e7ou, nesta quinta-feira, 29 de janeiro, os bons indicadores alcan\u00e7ados por Cabo Verde nos dom\u00ednios da sa\u00fade da mulher e da crian\u00e7a. Ana Paula Martins fez esta constata\u00e7\u00e3o no \u00e2mbito de uma visita de trabalho ao Hospital Regional Santa Rita Vieira, na Regi\u00e3o Sanit\u00e1ria de Santiago Norte.<\/p>\n<p>Durante a visita, acompanhada pelo seu hom\u00f3logo cabo-verdiano, Jorge Figueiredo, Ana Paula Martins percorreu v\u00e1rios servi\u00e7os da unidade hospitalar, nomeadamente o Banco de Urg\u00eancia de Adultos, a Maternidade, a Pediatria, o Servi\u00e7o de Fisioterapia, o Laborat\u00f3rio de An\u00e1lises Cl\u00ednicas e o Banco de Sangue, tendo igualmente passado pelo Gabinete T\u00e9cnico da Regi\u00e3o Sanit\u00e1ria de Santiago Norte.<\/p>\n<p>A visita teve como objetivo constatar, <em>in loco<\/em>, a organiza\u00e7\u00e3o e o funcionamento de cada um destes servi\u00e7os, os cuidados de sa\u00fade prestados e a proximidade das estruturas sanit\u00e1rias com a popula\u00e7\u00e3o do interior da ilha de Santiago. Na ocasi\u00e3o, a ministra valorizou ainda a aposta de Cabo Verde na regionaliza\u00e7\u00e3o do sistema de sa\u00fade.<\/p>\n<p>Segundo Ana Paula Martins, \u00e9 uma grande aposta do Governo cabo-verdiano e do Minist\u00e9rio da Sa\u00fade a sua grande preocupa\u00e7\u00e3o com a regionaliza\u00e7\u00e3o da sa\u00fade que tem conseguido extraordin\u00e1rios indicadores nestas d\u00e9cadas de desenvolvimento, no \u00e2mbito da sa\u00fade da mulher e da crian\u00e7a.<\/p>\n<p>\u201cIsto \u00e9 fundamental e aqui tamb\u00e9m destaco a sa\u00fade do adolescente. Portanto eu diria que foi uma visita muito frutuosa que nos coloca, enquanto dois pa\u00edses irm\u00e3os lado-a-lado naquilo que s\u00e3o modelos modernos de fazer a gest\u00e3o de um sistema de saude.\u201d<\/p>\n<p>A ministra reafirmou tamb\u00e9m a total dissipabilidade de Portugal para o refor\u00e7o da parceria para a forma\u00e7\u00e3o dos profissionais de sa\u00fade, no sentido de continuar a garantir que os programas em curso se mantem, inovam e melhorem cada vez mais.<\/p>\n<p>O post <a rel=\"nofollow\" href=\"https:\/\/www.governo.cv\/cabo-verde-tem-conseguido-bons-indicadores-ao-nivel-da-saude-da-mulher-e-da-crianca-ana-paula-martins-ministra-saude-de-portugal\/\" target=\"_blank\">Cabo Verde tem conseguido bons indicadores ao n\u00edvel da sa\u00fade da mulher e da crian\u00e7a \u2013 Ana Paula Martins, Ministra Sa\u00fade de Portugal<\/a> apareceu primeiro em <a rel=\"nofollow\" href=\"https:\/\/www.governo.cv\/\" target=\"_blank\">Gouvernement du Cap-Vert<\/a>.<\/p>\n<\/div>","protected":false},"excerpt":{"rendered":"<p>A Ministra da Sa\u00fade de Portugal, real\u00e7ou, nesta quinta-feira, 29 de janeiro, os bons indicadores alcan\u00e7ados por Cabo Verde nos dom\u00ednios da sa\u00fade da mulher e da crian\u00e7a. Ana Paula Martins fez esta constata\u00e7\u00e3o no \u00e2mbito de uma visita de trabalho ao Hospital Regional Santa Rita Vieira, na Regi\u00e3o Sanit\u00e1ria de Santiago Norte. Durante a [&hellip;]<\/p>\n","protected":false},"author":2,"featured_media":0,"comment_status":"closed","ping_status":"closed","sticky":false,"template":"","format":"standard","meta":{"_breakdance_hide_in_design_set":false,"_breakdance_tags":"","footnotes":""},"categories":[263],"tags":[264],"class_list":["post-3857","post","type-post","status-publish","format-standard","hentry","category-noticias","tag-noticias"],"_links":{"self":[{"href":"https:\/\/consultoria.cv\/fr\/wp-json\/wp\/v2\/posts\/3857","targetHints":{"allow":["GET"]}}],"collection":[{"href":"https:\/\/consultoria.cv\/fr\/wp-json\/wp\/v2\/posts"}],"about":[{"href":"https:\/\/consultoria.cv\/fr\/wp-json\/wp\/v2\/types\/post"}],"author":[{"embeddable":true,"href":"https:\/\/consultoria.cv\/fr\/wp-json\/wp\/v2\/users\/2"}],"replies":[{"embeddable":true,"href":"https:\/\/consultoria.cv\/fr\/wp-json\/wp\/v2\/comments?post=3857"}],"version-history":[{"count":0,"href":"https:\/\/consultoria.cv\/fr\/wp-json\/wp\/v2\/posts\/3857\/revisions"}],"wp:attachment":[{"href":"https:\/\/consultoria.cv\/fr\/wp-json\/wp\/v2\/media?parent=3857"}],"wp:term":[{"taxonomy":"category","embeddable":true,"href":"https:\/\/consultoria.cv\/fr\/wp-json\/wp\/v2\/categories?post=3857"},{"taxonomy":"post_tag","embeddable":true,"href":"https:\/\/consultoria.cv\/fr\/wp-json\/wp\/v2\/tags?post=3857"}],"curies":[{"name":"wp","href":"https:\/\/api.w.org\/{rel}","templated":true}]}}