{"id":3837,"date":"2026-01-01T00:06:24","date_gmt":"2026-01-01T01:06:24","guid":{"rendered":"https:\/\/consultoria.cv\/governo-reforca-estrategia-de-promocao-internacional-com-contributo-da-supermodelo-maria-borges\/"},"modified":"2026-01-01T00:06:24","modified_gmt":"2026-01-01T01:06:24","slug":"governo-reforca-estrategia-de-promocao-internacional-com-contributo-da-supermodelo-maria-borges","status":"publish","type":"post","link":"https:\/\/consultoria.cv\/fr\/governo-reforca-estrategia-de-promocao-internacional-com-contributo-da-supermodelo-maria-borges\/","title":{"rendered":"Governo refor\u00e7a estrat\u00e9gia de promo\u00e7\u00e3o internacional com contributo da supermodelo Maria Borges"},"content":{"rendered":"<div>\n<p>O Vice-Primeiro-Ministro e Ministro das Finan\u00e7as, Olavo Correia, expressou no dia 30 de dezembro, o total apoio do Governo \u00e0 iniciativa da supermodelo internacional Maria Borges, que pretende colocar a sua influ\u00eancia global ao servi\u00e7o da promo\u00e7\u00e3o da imagem de Cabo Verde nos grandes palcos internacionais.<\/p>\n<p>O governante falou \u00e0 margem do encontro com a supermodelo internacional Maria Borges, realizado no dia 30 de dezembro. A modelo encontra-se em Cabo Verde de 28 de dezembro a 03 de janeiro, numa agenda dedicada \u00e0 promo\u00e7\u00e3o do pa\u00eds junto de novos p\u00fablicos e mercados globais, integrando a estrat\u00e9gia do Governo de refor\u00e7ar a presen\u00e7a de Cabo Verde nos principais palcos internacionais.<\/p>\n<p>Durante o encontro, Olavo Correia manifestou o total apoio do Governo \u00e0 iniciativa da modelo angolana em utilizar a sua influ\u00eancia global para promover a imagem do arquip\u00e9lago. Segundo destacou, parcerias com figuras de grande proje\u00e7\u00e3o internacional s\u00e3o fundamentais para consolidar a marca Cabo Verde e amplificar a confian\u00e7a que o pa\u00eds transmite enquanto Estado de direito democr\u00e1tico e destino tur\u00edstico emergente.<\/p>\n<p>O Vice-Primeiro-Ministro sublinhou que Cabo Verde vive um momento decisivo da sua trajet\u00f3ria, marcado pela transi\u00e7\u00e3o para um pa\u00eds de rendimento alto e por profundas transforma\u00e7\u00f5es energ\u00e9ticas, digitais, econ\u00f3micas e sociais. Nesse caminho de crescimento, afirmou ser crucial associar o pa\u00eds a personalidades de excel\u00eancia que possam refor\u00e7ar a sua identidade, impulsionar o turismo, dinamizar o desporto e abrir portas a novas oportunidades internacionais.<\/p>\n<p>Maria Borges demonstrou forte interesse em apoiar esta vis\u00e3o, destacando o seu amor pelo turismo e o compromisso em utilizar a sua vasta experi\u00eancia global para atrair mais visitantes ao arquip\u00e9lago. Reconhecida mundialmente pela sua participa\u00e7\u00e3o em cinco edi\u00e7\u00f5es consecutivas do Victoria\u2019s Secret Fashion Show (2013\u20132017) e pelo trabalho com grandes casas de alta-costura como Versace e Giorgio Armani, a modelo representa um ativo estrat\u00e9gico para o posicionamento externo de Cabo Verde.<\/p>\n<p>Olavo Correia refor\u00e7ou que a influ\u00eancia e credibilidade da supermodelo fazem dela uma voz capaz de projetar Cabo Verde com modernidade, rigor e autenticidade, acelerando o processo de afirma\u00e7\u00e3o internacional que o pa\u00eds tem vindo a construir.<\/p>\n<p>O Governo manifestou o compromisso de trabalhar para transformar esta parceria em a\u00e7\u00f5es concretas, alinhadas com os objetivos nacionais de desenvolvimento sustent\u00e1vel, diversifica\u00e7\u00e3o econ\u00f3mica e promo\u00e7\u00e3o da qualidade de vida. Segundo o ministro das Finan\u00e7as, Cabo Verde est\u00e1 preparado para aproveitar as oportunidades globais e reposicionar-se como um destino competitivo, acolhedor e inovador.<\/p>\n<p>A visita de Maria Borges a Cabo Verde marca, assim, mais um passo no refor\u00e7o da colabora\u00e7\u00e3o entre o pa\u00eds e personalidades de destaque mundial, num movimento que pretende consolidar a sua presen\u00e7a no cen\u00e1rio internacional e ampliar a proje\u00e7\u00e3o da marca Cabo Verde.<\/p>\n<p>\u00a0<\/p>\n<p>O post <a rel=\"nofollow\" href=\"https:\/\/www.governo.cv\/governo-reforca-estrategia-de-promocao-internacional-com-contributo-da-supermodelo-maria-borges\/\" target=\"_blank\">Governo refor\u00e7a estrat\u00e9gia de promo\u00e7\u00e3o internacional com contributo da supermodelo Maria Borges<\/a> apareceu primeiro em <a rel=\"nofollow\" href=\"https:\/\/www.governo.cv\/\" target=\"_blank\">Gouvernement du Cap-Vert<\/a>.<\/p>\n<\/div>","protected":false},"excerpt":{"rendered":"<p>O Vice-Primeiro-Ministro e Ministro das Finan\u00e7as, Olavo Correia, expressou no dia 30 de dezembro, o total apoio do Governo \u00e0 iniciativa da supermodelo internacional Maria Borges, que pretende colocar a sua influ\u00eancia global ao servi\u00e7o da promo\u00e7\u00e3o da imagem de Cabo Verde nos grandes palcos internacionais. O governante falou \u00e0 margem do encontro com a [&hellip;]<\/p>\n","protected":false},"author":2,"featured_media":0,"comment_status":"closed","ping_status":"closed","sticky":false,"template":"","format":"standard","meta":{"_breakdance_hide_in_design_set":false,"_breakdance_tags":"","footnotes":""},"categories":[263],"tags":[264],"class_list":["post-3837","post","type-post","status-publish","format-standard","hentry","category-noticias","tag-noticias"],"_links":{"self":[{"href":"https:\/\/consultoria.cv\/fr\/wp-json\/wp\/v2\/posts\/3837","targetHints":{"allow":["GET"]}}],"collection":[{"href":"https:\/\/consultoria.cv\/fr\/wp-json\/wp\/v2\/posts"}],"about":[{"href":"https:\/\/consultoria.cv\/fr\/wp-json\/wp\/v2\/types\/post"}],"author":[{"embeddable":true,"href":"https:\/\/consultoria.cv\/fr\/wp-json\/wp\/v2\/users\/2"}],"replies":[{"embeddable":true,"href":"https:\/\/consultoria.cv\/fr\/wp-json\/wp\/v2\/comments?post=3837"}],"version-history":[{"count":0,"href":"https:\/\/consultoria.cv\/fr\/wp-json\/wp\/v2\/posts\/3837\/revisions"}],"wp:attachment":[{"href":"https:\/\/consultoria.cv\/fr\/wp-json\/wp\/v2\/media?parent=3837"}],"wp:term":[{"taxonomy":"category","embeddable":true,"href":"https:\/\/consultoria.cv\/fr\/wp-json\/wp\/v2\/categories?post=3837"},{"taxonomy":"post_tag","embeddable":true,"href":"https:\/\/consultoria.cv\/fr\/wp-json\/wp\/v2\/tags?post=3837"}],"curies":[{"name":"wp","href":"https:\/\/api.w.org\/{rel}","templated":true}]}}