{"id":3834,"date":"2026-01-01T00:04:12","date_gmt":"2026-01-01T01:04:12","guid":{"rendered":"https:\/\/consultoria.cv\/ministra-joana-rosa-visita-casa-de-oracao-em-tira-chapeu\/"},"modified":"2026-01-01T00:04:12","modified_gmt":"2026-01-01T01:04:12","slug":"ministra-joana-rosa-visita-casa-de-oracao-em-tira-chapeu","status":"publish","type":"post","link":"https:\/\/consultoria.cv\/fr\/ministra-joana-rosa-visita-casa-de-oracao-em-tira-chapeu\/","title":{"rendered":"Ministra Joana Rosa visita Casa de Ora\u00e7\u00e3o em Tira Chap\u00e9u"},"content":{"rendered":"<div>\n<p>A Ministra da Justi\u00e7a, Joana Rosa, visitou nesta segunda-feira, 29 de dezembro, a Casa de Ora\u00e7\u00e3o, em Tira Chap\u00e9u, Cidade da Praia, para acompanhar a apresenta\u00e7\u00e3o do projeto do Centro de Forma\u00e7\u00e3o, Evangeliza\u00e7\u00e3o e Anima\u00e7\u00e3o Mission\u00e1ria e de Emerg\u00eancia Infantojuvenil e M\u00e3es Solteiras (CEFEMIS) e, na ocasi\u00e3o, a Ministra prometeu apoiar a conclus\u00e3o do referido projeto.<\/p>\n<p>De salientar que o CEFEMIS \u00e9 uma infraestrutura, em curso, da Par\u00f3quia de S\u00e3o Jos\u00e9, e surge como uma resposta concreta \u00e0 realidade de m\u00e3es solteiras e crian\u00e7as em situa\u00e7\u00e3o de risco social, refletindo a miss\u00e3o da Igreja de cuidar dos mais vulner\u00e1veis e promover a dignidade da pessoa humana e da fam\u00edlia, bem como os valores do Evangelho, centrados na Pessoa de Jesus Cristo que veio para salvar o Homem no seu todo.<\/p>\n<p>O projeto pretende acolher, orientar e capacitar fam\u00edlias desestruturadas, oferecendo apoio imediato, espiritual e pr\u00e1tico, especialmente nas comunidades de Tira Chap\u00e9u, Bela Vista, Alto da Gl\u00f3ria, Terra Branca e Santaninha, que comp\u00f5em a Par\u00f3quia de S. Jos\u00e9 e estar\u00e1 tamb\u00e9m aberto \u00e0s necessidades de outras comunidades da Cidade da Praia.<\/p>\n<p>O post <a rel=\"nofollow\" href=\"https:\/\/www.governo.cv\/ministra-joana-rosa-visita-casa-de-oracao-em-tira-chapeu\/\" target=\"_blank\">Ministra Joana Rosa visita Casa de Ora\u00e7\u00e3o em Tira Chap\u00e9u<\/a> apareceu primeiro em <a rel=\"nofollow\" href=\"https:\/\/www.governo.cv\/\" target=\"_blank\">Gouvernement du Cap-Vert<\/a>.<\/p>\n<\/div>","protected":false},"excerpt":{"rendered":"<p>A Ministra da Justi\u00e7a, Joana Rosa, visitou nesta segunda-feira, 29 de dezembro, a Casa de Ora\u00e7\u00e3o, em Tira Chap\u00e9u, Cidade da Praia, para acompanhar a apresenta\u00e7\u00e3o do projeto do Centro de Forma\u00e7\u00e3o, Evangeliza\u00e7\u00e3o e Anima\u00e7\u00e3o Mission\u00e1ria e de Emerg\u00eancia Infantojuvenil e M\u00e3es Solteiras (CEFEMIS) e, na ocasi\u00e3o, a Ministra prometeu apoiar a conclus\u00e3o do referido [&hellip;]<\/p>\n","protected":false},"author":2,"featured_media":0,"comment_status":"closed","ping_status":"closed","sticky":false,"template":"","format":"standard","meta":{"_breakdance_hide_in_design_set":false,"_breakdance_tags":"","footnotes":""},"categories":[263],"tags":[264],"class_list":["post-3834","post","type-post","status-publish","format-standard","hentry","category-noticias","tag-noticias"],"_links":{"self":[{"href":"https:\/\/consultoria.cv\/fr\/wp-json\/wp\/v2\/posts\/3834","targetHints":{"allow":["GET"]}}],"collection":[{"href":"https:\/\/consultoria.cv\/fr\/wp-json\/wp\/v2\/posts"}],"about":[{"href":"https:\/\/consultoria.cv\/fr\/wp-json\/wp\/v2\/types\/post"}],"author":[{"embeddable":true,"href":"https:\/\/consultoria.cv\/fr\/wp-json\/wp\/v2\/users\/2"}],"replies":[{"embeddable":true,"href":"https:\/\/consultoria.cv\/fr\/wp-json\/wp\/v2\/comments?post=3834"}],"version-history":[{"count":0,"href":"https:\/\/consultoria.cv\/fr\/wp-json\/wp\/v2\/posts\/3834\/revisions"}],"wp:attachment":[{"href":"https:\/\/consultoria.cv\/fr\/wp-json\/wp\/v2\/media?parent=3834"}],"wp:term":[{"taxonomy":"category","embeddable":true,"href":"https:\/\/consultoria.cv\/fr\/wp-json\/wp\/v2\/categories?post=3834"},{"taxonomy":"post_tag","embeddable":true,"href":"https:\/\/consultoria.cv\/fr\/wp-json\/wp\/v2\/tags?post=3834"}],"curies":[{"name":"wp","href":"https:\/\/api.w.org\/{rel}","templated":true}]}}