{"id":3811,"date":"2025-12-01T00:03:11","date_gmt":"2025-12-01T01:03:11","guid":{"rendered":"https:\/\/consultoria.cv\/%f0%9d%90%8fro%f0%9d%90%af%f0%9d%90%a2%f0%9d%90%a7%f0%9d%90%a1%f0%9d%90%a8-%f0%9d%9f%90%f0%9d%9f%8e%f0%9d%9f%90%f0%9d%9f%93-%f0%9d%90%9a%f0%9d%90%9b%f0%9d%90%ab%f0%9d%90%a2%f0%9d%90%ae-%f0%9d%90%a8\/"},"modified":"2025-12-01T00:03:11","modified_gmt":"2025-12-01T01:03:11","slug":"%f0%9d%90%8fro%f0%9d%90%af%f0%9d%90%a2%f0%9d%90%a7%f0%9d%90%a1%f0%9d%90%a8-%f0%9d%9f%90%f0%9d%9f%8e%f0%9d%9f%90%f0%9d%9f%93-%f0%9d%90%9a%f0%9d%90%9b%f0%9d%90%ab%f0%9d%90%a2%f0%9d%90%ae-%f0%9d%90%a8","status":"publish","type":"post","link":"https:\/\/consultoria.cv\/fr\/%f0%9d%90%8fro%f0%9d%90%af%f0%9d%90%a2%f0%9d%90%a7%f0%9d%90%a1%f0%9d%90%a8-%f0%9d%9f%90%f0%9d%9f%8e%f0%9d%9f%90%f0%9d%9f%93-%f0%9d%90%9a%f0%9d%90%9b%f0%9d%90%ab%f0%9d%90%a2%f0%9d%90%ae-%f0%9d%90%a8\/","title":{"rendered":"\ud835\udc0fR\u00d3\ud835\udc2f\ud835\udc22\ud835\udc27\ud835\udc21\ud835\udc28 \ud835\udfd0\ud835\udfce\ud835\udfd0\ud835\udfd3 \ud835\udc1a\ud835\udc1b\ud835\udc2b\ud835\udc22\ud835\udc2e \ud835\udc28\ud835\udc1f\ud835\udc22\ud835\udc1c\ud835\udc22\ud835\udc1a\ud835\udc25\ud835\udc26\ud835\udc1e\ud835\udc27\ud835\udc2d\ud835\udc1e \ud835\udc27\ud835\udc1a \ud835\udc02\ud835\udc1a\ud835\udc2c\ud835\udc1a\ud835\udc2c \ud835\udc1d\ud835\udc28 \ud835\udc12\ud835\udc28\ud835\udc25 \ud835\udc1e\ud835\udc26 \ud835\udc12\ud835\udc1a\u0303\ud835\udc28 \ud835\udc05\ud835\udc22\ud835\udc25\ud835\udc22\ud835\udc29\ud835\udc1e (ilha do Fogo)"},"content":{"rendered":"<div>\n<p>A primeira edi\u00e7\u00e3o do PR\u00d3vinho \u2013 Sal\u00e3o Internacional do Vinho, Bebidas e Produtos Agropecu\u00e1rios abriu oficialmente esta sexta-feira, 28 de novembro, na Casas do Sol, cidade de S\u00e3o Filipe, numa cerim\u00f3nia que reuniu representante do Governo, autoridades locais, parceiros internacionais, produtores e agentes do sector vitivin\u00edcola.<\/p>\n<p>A sess\u00e3o contou com interven\u00e7\u00f5es da Secret\u00e1ria de Estado das Comunidades, Vanuza Barbosa, em representa\u00e7\u00e3o do Ministro do Turismo e dos Transportes, Jos\u00e9 Lu\u00eds S\u00e1 Nogueira, da Administradora Executiva do ITCV, V\u00e2nia Rodrigues, do Presidente da C\u00e2mara Municipal de S\u00e3o Filipe, Nu\u00edas Silva, e do CEO da Infoplus, Carlos Morgado.<\/p>\n<p>Nos discursos, foi destacada a import\u00e2ncia estrat\u00e9gica do Enoturismo para a diversifica\u00e7\u00e3o econ\u00f3mica do pa\u00eds, bem como o potencial singular da ilha do Fogo \u2014 marcada pela sua hist\u00f3ria e resili\u00eancia \u2014 para se afirmar como destino de refer\u00eancia no mercado internacional.<\/p>\n<p>Ap\u00f3s a sess\u00e3o de abertura, a comitiva percorreu os expositores presentes no sal\u00e3o, onde produtores apresentaram vinhos, bebidas e produtos agropecu\u00e1rios, num momento de intera\u00e7\u00e3o profissional e promo\u00e7\u00e3o comercial.<\/p>\n<p>O primeiro dia do evento tamb\u00e9m ficou marcado pela primeira confer\u00eancia do PR\u00d3vinho 2025, sobre o tema \u201cA Valoriza\u00e7\u00e3o da Regi\u00e3o Fogo\/Brava no Contexto da Enologia\u201d, reunindo especialistas, produtores, en\u00f3logos e representantes institucionais para discutir o potencial enol\u00f3gico da regi\u00e3o.<\/p>\n<p>O painel abordou as particularidades do Fogo e da Brava, o impacto das condi\u00e7\u00f5es geoclim\u00e1ticas na produ\u00e7\u00e3o vitivin\u00edcola e as oportunidades de consolida\u00e7\u00e3o dos vinhos da regi\u00e3o nos mercados nacional e internacional.<\/p>\n<p>A confer\u00eancia permitiu ainda analisar os desafios enfrentados pelos produtores, incluindo sustentabilidade, inova\u00e7\u00e3o, certifica\u00e7\u00e3o e qualifica\u00e7\u00e3o dos produtos.<\/p>\n<p>Os intervenientes destacaram que a regi\u00e3o possui caracter\u00edsticas \u00fanicas que podem conferir vantagem competitiva aos vinhos locais, refor\u00e7ando a import\u00e2ncia da investiga\u00e7\u00e3o, da promo\u00e7\u00e3o e do investimento cont\u00ednuo no setor.<\/p>\n<p>O PR\u00d3vinho 2025, promovido pelo Minist\u00e9rio do Turismo e Transportes, em parceria com a Infoplus, decorre de 28 a 30 de novembro, com atividades em S\u00e3o Filipe, Ch\u00e3 das Caldeiras e Mosteiros, integrando confer\u00eancias, provas de vinhos, visitas t\u00e9cnicas, show cookings e momentos de networking dedicados ao setor.<\/p>\n<p>\u00a0<\/p>\n<p>O post <a rel=\"nofollow\" href=\"https:\/\/www.governo.cv\/%F0%9D%90%8Fro%F0%9D%90%AF%F0%9D%90%A2%F0%9D%90%A7%F0%9D%90%A1%F0%9D%90%A8-%F0%9D%9F%90%F0%9D%9F%8E%F0%9D%9F%90%F0%9D%9F%93-%F0%9D%90%9A%F0%9D%90%9B%F0%9D%90%AB%F0%9D%90%A2%F0%9D%90%AE-%F0%9D%90%A8\/\" target=\"_blank\">\ud835\udc0fR\u00d3\ud835\udc2f\ud835\udc22\ud835\udc27\ud835\udc21\ud835\udc28 \ud835\udfd0\ud835\udfce\ud835\udfd0\ud835\udfd3 \ud835\udc1a\ud835\udc1b\ud835\udc2b\ud835\udc22\ud835\udc2e \ud835\udc28\ud835\udc1f\ud835\udc22\ud835\udc1c\ud835\udc22\ud835\udc1a\ud835\udc25\ud835\udc26\ud835\udc1e\ud835\udc27\ud835\udc2d\ud835\udc1e \ud835\udc27\ud835\udc1a \ud835\udc02\ud835\udc1a\ud835\udc2c\ud835\udc1a\ud835\udc2c \ud835\udc1d\ud835\udc28 \ud835\udc12\ud835\udc28\ud835\udc25 \ud835\udc1e\ud835\udc26 \ud835\udc12\ud835\udc1a\u0303\ud835\udc28 \ud835\udc05\ud835\udc22\ud835\udc25\ud835\udc22\ud835\udc29\ud835\udc1e (ilha do Fogo)<\/a> apareceu primeiro em <a rel=\"nofollow\" href=\"https:\/\/www.governo.cv\/\" target=\"_blank\">Gouvernement du Cap-Vert<\/a>.<\/p>\n<\/div>","protected":false},"excerpt":{"rendered":"<p>A primeira edi\u00e7\u00e3o do PR\u00d3vinho \u2013 Sal\u00e3o Internacional do Vinho, Bebidas e Produtos Agropecu\u00e1rios abriu oficialmente esta sexta-feira, 28 de novembro, na Casas do Sol, cidade de S\u00e3o Filipe, numa cerim\u00f3nia que reuniu representante do Governo, autoridades locais, parceiros internacionais, produtores e agentes do sector vitivin\u00edcola. A sess\u00e3o contou com interven\u00e7\u00f5es da Secret\u00e1ria de Estado [&hellip;]<\/p>\n","protected":false},"author":2,"featured_media":0,"comment_status":"closed","ping_status":"closed","sticky":false,"template":"","format":"standard","meta":{"_breakdance_hide_in_design_set":false,"_breakdance_tags":"","footnotes":""},"categories":[263],"tags":[264],"class_list":["post-3811","post","type-post","status-publish","format-standard","hentry","category-noticias","tag-noticias"],"_links":{"self":[{"href":"https:\/\/consultoria.cv\/fr\/wp-json\/wp\/v2\/posts\/3811","targetHints":{"allow":["GET"]}}],"collection":[{"href":"https:\/\/consultoria.cv\/fr\/wp-json\/wp\/v2\/posts"}],"about":[{"href":"https:\/\/consultoria.cv\/fr\/wp-json\/wp\/v2\/types\/post"}],"author":[{"embeddable":true,"href":"https:\/\/consultoria.cv\/fr\/wp-json\/wp\/v2\/users\/2"}],"replies":[{"embeddable":true,"href":"https:\/\/consultoria.cv\/fr\/wp-json\/wp\/v2\/comments?post=3811"}],"version-history":[{"count":0,"href":"https:\/\/consultoria.cv\/fr\/wp-json\/wp\/v2\/posts\/3811\/revisions"}],"wp:attachment":[{"href":"https:\/\/consultoria.cv\/fr\/wp-json\/wp\/v2\/media?parent=3811"}],"wp:term":[{"taxonomy":"category","embeddable":true,"href":"https:\/\/consultoria.cv\/fr\/wp-json\/wp\/v2\/categories?post=3811"},{"taxonomy":"post_tag","embeddable":true,"href":"https:\/\/consultoria.cv\/fr\/wp-json\/wp\/v2\/tags?post=3811"}],"curies":[{"name":"wp","href":"https:\/\/api.w.org\/{rel}","templated":true}]}}