{"id":3773,"date":"2025-11-01T00:21:51","date_gmt":"2025-11-01T01:21:51","guid":{"rendered":"https:\/\/consultoria.cv\/cabo-verde-socializa-estrategia-nacional-para-a-seguranca-alimentar-e-nutricional-horizonte-2035-2\/"},"modified":"2025-11-01T00:21:51","modified_gmt":"2025-11-01T01:21:51","slug":"cabo-verde-socializa-estrategia-nacional-para-a-seguranca-alimentar-e-nutricional-horizonte-2035-2","status":"publish","type":"post","link":"https:\/\/consultoria.cv\/fr\/cabo-verde-socializa-estrategia-nacional-para-a-seguranca-alimentar-e-nutricional-horizonte-2035-2\/","title":{"rendered":"Cabo Verde socializa Estrat\u00e9gia Nacional para a Seguran\u00e7a Alimentar e Nutricional \u2013 Horizonte 2035"},"content":{"rendered":"<div>\n<p>Realizou-se hoje, 30 de outubro, na cidade da Praia, a XII\u00aa Reuni\u00e3o Ordin\u00e1ria do Conselho Nacional de Seguran\u00e7a Alimentar e Nutricional (CNSAN). O encontro teve como objetivo socializar a Estrat\u00e9gia Nacional para a Seguran\u00e7a Alimentar e Nutricional \u2013 Horizonte 2035 (ENSAN 2035) e apresentar as principais linhas orientadoras do Plano de A\u00e7\u00e3o para a Seguran\u00e7a Alimentar e Nutricional (SAN).<\/p>\n<p>Ao presidir a cerim\u00f3nia de abertura do evento, o Ministro da Agricultura e Ambiente, Gilberto Silva, frisou que Cabo Verde enfrenta desafios estruturais significativos \u2013 forte depend\u00eancia das importa\u00e7\u00f5es alimentares, recursos naturais limitados e grande vulnerabilidade clim\u00e1tica.<\/p>\n<p>Apesar desses desafios, a ENSAN 2035 surge como um instrumento estrat\u00e9gico e transformador, assente em tr\u00eas pilares fundamentais: sistemas alimentares sustent\u00e1veis, resilientes e inclusivos; prote\u00e7\u00e3o social promotora do desenvolvimento econ\u00f3mico, bem como a sa\u00fade e nutri\u00e7\u00e3o baseadas numa alimenta\u00e7\u00e3o adequada.<\/p>\n<p>A Estrat\u00e9gia est\u00e1 alinhada com o PEDS II e com os principais planos e pol\u00edticas setoriais do pa\u00eds, refor\u00e7ando o compromisso nacional com o Direito Humano \u00e0 alimenta\u00e7\u00e3o adequada, o desenvolvimento sustent\u00e1vel e a resili\u00eancia alimentar de Cabo Verde.<\/p>\n<p>Para Gilberto Silva, apesar das crises vividas, secas c\u00edclicas, pandemia e choques externos, Cabo Verde tem demonstrado resili\u00eancia e capacidade de adapta\u00e7\u00e3o, atrav\u00e9s de pol\u00edticas p\u00fablicas inovadoras e estruturantes, que refor\u00e7am a sustentabilidade e a efici\u00eancia do setor alimentar.<\/p>\n<p>Entre as medidas implementadas, foram destacadas a dessaliniza\u00e7\u00e3o da \u00e1gua do mar para fins agr\u00edcolas; a cria\u00e7\u00e3o da Empresa Log\u00edstica Agroalimentar de Cabo Verde; a reutiliza\u00e7\u00e3o de \u00e1guas residuais tratadas; o fortalecimento das cadeias de valor agroalimentares; o refor\u00e7o da alimenta\u00e7\u00e3o escolar, entre outras iniciativas.<\/p>\n<p>\u201cCom vis\u00e3o estrat\u00e9gica, coopera\u00e7\u00e3o e vontade pol\u00edtica, construiremos juntos sistemas alimentares mais justos, mais resilientes e mais sustent\u00e1veis, colocando a Seguran\u00e7a Alimentar e Nutricional no centro das pol\u00edticas p\u00fablicas e do futuro que queremos para Cabo Verde\u201d, sublinhou o Ministro.<\/p>\n<p>A ENSAN 2035, \u00e9 acima de tudo, salientou, uma estrat\u00e9gia de esperan\u00e7a e transforma\u00e7\u00e3o e traduz o compromisso do pa\u00eds em fazer da alimenta\u00e7\u00e3o um instrumento de dignidade, sa\u00fade e prosperidade para cada cabo-verdiano e cabo-verdiana.<\/p>\n<p>O post <a rel=\"nofollow\" href=\"https:\/\/www.governo.cv\/cabo-verde-socializa-estrategia-nacional-para-a-seguranca-alimentar-e-nutricional-horizonte-2035\/\" target=\"_blank\">Cabo Verde socializa Estrat\u00e9gia Nacional para a Seguran\u00e7a Alimentar e Nutricional \u2013 Horizonte 2035<\/a> apareceu primeiro em <a rel=\"nofollow\" href=\"https:\/\/www.governo.cv\/\" target=\"_blank\">Gouvernement du Cap-Vert<\/a>.<\/p>\n<\/div>","protected":false},"excerpt":{"rendered":"<p>Realizou-se hoje, 30 de outubro, na cidade da Praia, a XII\u00aa Reuni\u00e3o Ordin\u00e1ria do Conselho Nacional de Seguran\u00e7a Alimentar e Nutricional (CNSAN). O encontro teve como objetivo socializar a Estrat\u00e9gia Nacional para a Seguran\u00e7a Alimentar e Nutricional \u2013 Horizonte 2035 (ENSAN 2035) e apresentar as principais linhas orientadoras do Plano de A\u00e7\u00e3o para a Seguran\u00e7a [&hellip;]<\/p>\n","protected":false},"author":2,"featured_media":0,"comment_status":"closed","ping_status":"closed","sticky":false,"template":"","format":"standard","meta":{"_breakdance_hide_in_design_set":false,"_breakdance_tags":"","footnotes":""},"categories":[263],"tags":[264],"class_list":["post-3773","post","type-post","status-publish","format-standard","hentry","category-noticias","tag-noticias"],"_links":{"self":[{"href":"https:\/\/consultoria.cv\/fr\/wp-json\/wp\/v2\/posts\/3773","targetHints":{"allow":["GET"]}}],"collection":[{"href":"https:\/\/consultoria.cv\/fr\/wp-json\/wp\/v2\/posts"}],"about":[{"href":"https:\/\/consultoria.cv\/fr\/wp-json\/wp\/v2\/types\/post"}],"author":[{"embeddable":true,"href":"https:\/\/consultoria.cv\/fr\/wp-json\/wp\/v2\/users\/2"}],"replies":[{"embeddable":true,"href":"https:\/\/consultoria.cv\/fr\/wp-json\/wp\/v2\/comments?post=3773"}],"version-history":[{"count":0,"href":"https:\/\/consultoria.cv\/fr\/wp-json\/wp\/v2\/posts\/3773\/revisions"}],"wp:attachment":[{"href":"https:\/\/consultoria.cv\/fr\/wp-json\/wp\/v2\/media?parent=3773"}],"wp:term":[{"taxonomy":"category","embeddable":true,"href":"https:\/\/consultoria.cv\/fr\/wp-json\/wp\/v2\/categories?post=3773"},{"taxonomy":"post_tag","embeddable":true,"href":"https:\/\/consultoria.cv\/fr\/wp-json\/wp\/v2\/tags?post=3773"}],"curies":[{"name":"wp","href":"https:\/\/api.w.org\/{rel}","templated":true}]}}