{"id":3771,"date":"2025-11-01T00:20:49","date_gmt":"2025-11-01T01:20:49","guid":{"rendered":"https:\/\/consultoria.cv\/jose-luis-livramento-assume-ministerio-dos-negocios-estrangeiros-e-vanuza-barbosa-e-a-nova-secretaria-de-estado-das-comunidades\/"},"modified":"2025-11-01T00:20:49","modified_gmt":"2025-11-01T01:20:49","slug":"jose-luis-livramento-assume-ministerio-dos-negocios-estrangeiros-e-vanuza-barbosa-e-a-nova-secretaria-de-estado-das-comunidades","status":"publish","type":"post","link":"https:\/\/consultoria.cv\/fr\/jose-luis-livramento-assume-ministerio-dos-negocios-estrangeiros-e-vanuza-barbosa-e-a-nova-secretaria-de-estado-das-comunidades\/","title":{"rendered":"Jos\u00e9 Lu\u00eds Livramento assume Minist\u00e9rio dos Neg\u00f3cios Estrangeiros e Vanuza Barbosa \u00e9 a nova Secret\u00e1ria de Estado das Comunidades"},"content":{"rendered":"<div>\n<p>Sob proposta do Primeiro Ministro, Jos\u00e9 Ulisses Correia e Silva, o novo Ministro dos Neg\u00f3cios Estrangeiros, Coopera\u00e7\u00e3o e Integra\u00e7\u00e3o Regional e das Comunidades, Jos\u00e9 Lu\u00eds Livramento, foi empossado hoje, 30 de outubro, pelo Drecreto Presidencial n.\u00ba 13\/2025, de 28 de Outubro, como novo Ministro dos Neg\u00f3cios Estrangeiros, Coopera\u00e7\u00e3o e Integra\u00e7\u00e3o Regional e das Comunidades. Vanuza Francisca Correia Teixeira Barbosa assume, a partir de hoje, as fun\u00e7\u00f5es de Secret\u00e1ria de Estado das Comunidades, na sequ\u00eancia das recentes nomea\u00e7\u00f5es efetuadas sob proposta do Primeiro-Ministro, Ulisses Correia e Silva.<\/p>\n<p>Doutorado em Economia (2013), com MBA em Gest\u00e3o (2003) e Licenciatura em Engenharia de Telecomunica\u00e7\u00f5es e Eletr\u00f3nica (1979), todos pela Universidade T\u00e9cnica de Lisboa, Jos\u00e9 Lu\u00eds Livramento vinha exercendo as fun\u00e7\u00f5es de Embaixador de Cabo Verde nos Estados Unidos da Am\u00e9rica desde outubro de 2020. Entre 2016 e 2020, foi Presidente do Conselho de Administra\u00e7\u00e3o, CEO e CTO da Cabo Verde Telecom, tendo anteriormente desempenhado cargos de lideran\u00e7a nos antigos Correios e Telecomunica\u00e7\u00f5es de Cabo Verde e sido consultor da empresa entre 2000 e 2016.<\/p>\n<p>Jos\u00e9 Luis Livramento integrou v\u00e1rios governos. Entre 1995 e 1999, foi Ministro da Educa\u00e7\u00e3o, Ci\u00eancia e Cultura, Ministro da Educa\u00e7\u00e3o, Juventude e Desportos e Secret\u00e1rio de Estado da Economia, al\u00e9m de ter exercido o mandato de Deputado Nacional. \u00c9 tamb\u00e9m autor de diversas publica\u00e7\u00f5es sobre economia, educa\u00e7\u00e3o e regula\u00e7\u00e3o em Cabo Verde.<\/p>\n<p>Vanuza Barbosa, \u00e9 natural da ilha do Fogo. \u00a0Foi empossada a 30 de novembro como a nova Secret\u00e1ria de Estado das Comunidades, pelo Decreto Presidencial n.\u00ba 14\/2025. Deputada Nacional eleita pelo Movimento para a Democracia (MpD), integrava a Comiss\u00e3o Especializada de Educa\u00e7\u00e3o, Cultura, Sa\u00fade, Juventude, Desporto e Quest\u00f5es Sociais, e \u00e9 Membro da Uni\u00e3o Interparlamentar desde 2021.<\/p>\n<p>P\u00f3s-graduada em Ci\u00eancias da Linguagem, com especializa\u00e7\u00e3o em Psicolingu\u00edstica, pela Universidade Nova de Lisboa, e licenciada em Lingu\u00edstica pela Universidade de Lisboa, Vanuza Barbosa tem ainda forma\u00e7\u00e3o avan\u00e7ada em Marketing pelo Instituto Superior de Ci\u00eancias Jur\u00eddicas e Sociais (ISCJS). Com experi\u00eancia nas \u00e1reas de comunica\u00e7\u00e3o e ensino superior, foi Professora Assistente e Diretora do Gabinete de Comunica\u00e7\u00e3o e Imagem do ISCJS (2010-2021), al\u00e9m de ter lecionado na Universidade de Santiago e no Instituto Pedag\u00f3gico do Fogo.<\/p>\n<p>O post <a rel=\"nofollow\" href=\"https:\/\/www.governo.cv\/jose-luis-livramento-assume-ministerio-dos-negocios-estrangeiros-e-vanuza-barbosa-e-a-nova-secretaria-de-estado-das-comunidades\/\" target=\"_blank\">Jos\u00e9 Lu\u00eds Livramento assume Minist\u00e9rio dos Neg\u00f3cios Estrangeiros e Vanuza Barbosa \u00e9 a nova Secret\u00e1ria de Estado das Comunidades<\/a> apareceu primeiro em <a rel=\"nofollow\" href=\"https:\/\/www.governo.cv\/\" target=\"_blank\">Gouvernement du Cap-Vert<\/a>.<\/p>\n<\/div>","protected":false},"excerpt":{"rendered":"<p>Sob proposta do Primeiro Ministro, Jos\u00e9 Ulisses Correia e Silva, o novo Ministro dos Neg\u00f3cios Estrangeiros, Coopera\u00e7\u00e3o e Integra\u00e7\u00e3o Regional e das Comunidades, Jos\u00e9 Lu\u00eds Livramento, foi empossado hoje, 30 de outubro, pelo Drecreto Presidencial n.\u00ba 13\/2025, de 28 de Outubro, como novo Ministro dos Neg\u00f3cios Estrangeiros, Coopera\u00e7\u00e3o e Integra\u00e7\u00e3o Regional e das Comunidades. Vanuza [&hellip;]<\/p>\n","protected":false},"author":2,"featured_media":0,"comment_status":"closed","ping_status":"closed","sticky":false,"template":"","format":"standard","meta":{"_breakdance_hide_in_design_set":false,"_breakdance_tags":"","footnotes":""},"categories":[263],"tags":[264],"class_list":["post-3771","post","type-post","status-publish","format-standard","hentry","category-noticias","tag-noticias"],"_links":{"self":[{"href":"https:\/\/consultoria.cv\/fr\/wp-json\/wp\/v2\/posts\/3771","targetHints":{"allow":["GET"]}}],"collection":[{"href":"https:\/\/consultoria.cv\/fr\/wp-json\/wp\/v2\/posts"}],"about":[{"href":"https:\/\/consultoria.cv\/fr\/wp-json\/wp\/v2\/types\/post"}],"author":[{"embeddable":true,"href":"https:\/\/consultoria.cv\/fr\/wp-json\/wp\/v2\/users\/2"}],"replies":[{"embeddable":true,"href":"https:\/\/consultoria.cv\/fr\/wp-json\/wp\/v2\/comments?post=3771"}],"version-history":[{"count":0,"href":"https:\/\/consultoria.cv\/fr\/wp-json\/wp\/v2\/posts\/3771\/revisions"}],"wp:attachment":[{"href":"https:\/\/consultoria.cv\/fr\/wp-json\/wp\/v2\/media?parent=3771"}],"wp:term":[{"taxonomy":"category","embeddable":true,"href":"https:\/\/consultoria.cv\/fr\/wp-json\/wp\/v2\/categories?post=3771"},{"taxonomy":"post_tag","embeddable":true,"href":"https:\/\/consultoria.cv\/fr\/wp-json\/wp\/v2\/tags?post=3771"}],"curies":[{"name":"wp","href":"https:\/\/api.w.org\/{rel}","templated":true}]}}