{"id":3679,"date":"2025-11-08T16:00:59","date_gmt":"2025-11-08T17:00:59","guid":{"rendered":"https:\/\/consultoria.cv\/?p=3679"},"modified":"2025-10-17T20:37:59","modified_gmt":"2025-10-17T21:37:59","slug":"desafios-de-lideranca-o-papel-da-consultoria-para-desenvolver-gestores-e-promover-mudancas","status":"publish","type":"post","link":"https:\/\/consultoria.cv\/fr\/desafios-de-lideranca-o-papel-da-consultoria-para-desenvolver-gestores-e-promover-mudancas\/","title":{"rendered":"Desafios de Lideran\u00e7a: O Papel da Consultoria para Desenvolver Gestores e Promover Mudan\u00e7as"},"content":{"rendered":"<p>A estrat\u00e9gia de neg\u00f3cio est\u00e1 definida, o <strong>Plan d'entreprise<\/strong> \u00e9 s\u00f3lido e os processos foram otimizados. Mas h\u00e1 um obst\u00e1culo final, e muitas vezes decisivo, que impede a evolu\u00e7\u00e3o da sua empresa em <strong>Cap Vert<\/strong>: a <strong>lideran\u00e7a<\/strong>.<\/p>\n\n\n\n<p><strong>Gestores inexperientes ou resistentes \u00e0 mudan\u00e7a<\/strong> s\u00e3o o principal trav\u00e3o ao crescimento. Eles n\u00e3o s\u00f3 falham na implementa\u00e7\u00e3o de novas estrat\u00e9gias, como tamb\u00e9m desmotivam as equipas e perpetuam a mentalidade do &#8220;sempre foi assim&#8221;.<\/p>\n\n\n\n<p>O desafio n\u00e3o \u00e9 apenas mudar os processos, mas mudar as pessoas que os gerem.<\/p>\n\n\n\n<p>Na <strong>S&amp;D Consultancy<\/strong>, atuamos como um <strong>Agente de Mudan\u00e7a<\/strong> vital, preenchendo a lacuna entre a estrat\u00e9gia e a execu\u00e7\u00e3o. O nosso foco \u00e9 treinar l\u00edderes para poderem, efetivamente, <strong>promover e sustentar as mudan\u00e7as<\/strong> na empresa.<\/p>\n\n\n\n<h3 class=\"wp-block-heading\"><strong>1. O Papel do Consultor como Agente de Mudan\u00e7a<\/strong><\/h3>\n\n\n\n<p>A mudan\u00e7a \u00e9, por natureza, desconfort\u00e1vel. A consultoria externa traz uma perspetiva objetiva e <em>expertise<\/em> que a gest\u00e3o interna, muitas vezes, n\u00e3o consegue obter devido ao envolvimento di\u00e1rio.<\/p>\n\n\n\n<p><strong>Como a S&amp;D Atua:<\/strong><\/p>\n\n\n\n<ul class=\"wp-block-list\">\n<li><strong>Diagn\u00f3stico de Resist\u00eancia:<\/strong> Identificamos as raz\u00f5es subjacentes \u00e0 resist\u00eancia (medo da perda de poder, falta de compet\u00eancia t\u00e9cnica, etc.) nos gestores.<\/li>\n\n\n\n<li><strong>Modelo de Mudan\u00e7a Estruturada:<\/strong> Utilizamos metodologias comprovadas para gerir a transi\u00e7\u00e3o, comunicando claramente a <strong>vis\u00e3o e os benef\u00edcios<\/strong> da nova estrat\u00e9gia.<\/li>\n\n\n\n<li><strong>Mentoria Personalizada (<em>Coaching<\/em>):<\/strong> Trabalhamos lado a lado com os gestores, ensinando-os a liderar as novas metodologias \u2013 sejam as novas ferramentas digitais, sejam os KPIs de <strong>Intelig\u00eancia de Dados<\/strong>.<\/li>\n<\/ul>\n\n\n\n<p>A S&amp;D garante que o <strong>l\u00edder interno<\/strong> \u00e9 o promotor da nova cultura, e n\u00e3o o seu obst\u00e1culo.<\/p>\n\n\n\n<h3 class=\"wp-block-heading\"><strong>2. Desenvolvimento de Compet\u00eancias de Lideran\u00e7a Essenciais<\/strong><\/h3>\n\n\n\n<p>Um gestor eficaz deve ser mais do que um chefe; deve ser um <strong>treinador e um facilitador<\/strong>. A nossa consultoria foca-se em desenvolver compet\u00eancias cr\u00edticas para a nova era da gest\u00e3o:<\/p>\n\n\n\n<figure class=\"wp-block-table\"><table class=\"has-fixed-layout\"><thead><tr><td>Compet\u00eancia de Lideran\u00e7a<\/td><td>Impacto no Neg\u00f3cio<\/td><\/tr><\/thead><tbody><tr><td><strong>Comunica\u00e7\u00e3o da Vis\u00e3o<\/strong><\/td><td>Garante que o alinhamento de equipas \u00e9 total (como visto no nosso artigo sobre produtividade), reduzindo o desalinhamento e o <em>turnover<\/em>.<\/td><\/tr><tr><td><strong>Tomada de Decis\u00e3o Baseada em Dados<\/strong><\/td><td>Transforma o &#8220;achismo&#8221; em gest\u00e3o objetiva, utilizando os relat\u00f3rios e os KPIs para justificar as a\u00e7\u00f5es e o investimento.<\/td><\/tr><tr><td><strong>Gest\u00e3o de Desempenho (<em>Performance Management<\/em>)<\/strong><\/td><td>Capacita os l\u00edderes a dar <em>feedback<\/em> construtivo e a ligar o desempenho individual aos resultados globais da empresa, impulsionando a <strong>la productivit\u00e9<\/strong>.<\/td><\/tr><tr><td><strong>Delega\u00e7\u00e3o e Empoderamento<\/strong><\/td><td>Ensina o gestor a confiar e a distribuir responsabilidades, eliminando os <strong>gargalos<\/strong> e a sobrecarga que levam \u00e0 inefici\u00eancia.<\/td><\/tr><\/tbody><\/table><\/figure>\n\n\n\n<h3 class=\"wp-block-heading\"><strong>3. Sustentabilidade: Forma\u00e7\u00e3o de Lideran\u00e7a para o Futuro<\/strong><\/h3>\n\n\n\n<p>A S&amp;D n\u00e3o quer que a sua empresa dependa eternamente da consultoria. O objetivo final \u00e9 <strong>capacitar os gestores internos<\/strong> para que a mudan\u00e7a se torne o novo padr\u00e3o operacional.<\/p>\n\n\n\n<p>A sustentabilidade do crescimento em <strong>Cap Vert<\/strong> depende de um corpo de l\u00edderes forte, que consiga atrair e reter os melhores talentos no arquip\u00e9lago.<\/p>\n\n\n\n<p><strong>Refer\u00eancia Essencial:<\/strong> <strong>Instituto do Emprego e Forma\u00e7\u00e3o Profissional (IEFP)<\/strong>: O IEFP \u00e9 a entidade central para a qualifica\u00e7\u00e3o de recursos humanos em Cabo Verde. A colabora\u00e7\u00e3o com entidades como o IEFP no desenho de planos de forma\u00e7\u00e3o cont\u00ednua em lideran\u00e7a e gest\u00e3o \u00e9 crucial para desenvolver as compet\u00eancias dos gestores no pa\u00eds.<\/p>\n\n\n\n<ul class=\"wp-block-list\">\n<li><strong>Fonte:<\/strong> <a href=\"https:\/\/www.iefp.cv\/\" target=\"_blank\" rel=\"noreferrer noopener\">IEFP &#8211; Instituto do Emprego e Forma\u00e7\u00e3o Profissional<\/a><\/li>\n<\/ul>\n\n\n\n<p><strong>Refer\u00eancia Essencial:<\/strong> <strong>Pro-Empresa (Pr\u00f3-Empreendedorismo e Inova\u00e7\u00e3o)<\/strong>: As iniciativas da Pr\u00f3-Empresa, focadas no desenvolvimento empresarial (como o <em>Jeune entreprise<\/em>), salientam a necessidade de <em>mentoria<\/em> e capacita\u00e7\u00e3o de gestores para que possam gerir o crescimento e aceder ao financiamento.<\/p>\n\n\n\n<ul class=\"wp-block-list\">\n<li><strong>Fonte:<\/strong> <a href=\"https:\/\/www.proempresa.cv\/\" target=\"_blank\" rel=\"noreferrer noopener\">Pro-Empresa &#8211; Pr\u00f3-Empreendedorismo e Inova\u00e7\u00e3o<\/a><\/li>\n<\/ul>\n\n\n\n<p>N\u00e3o deixe que a inexperi\u00eancia ou a resist\u00eancia \u00e0 mudan\u00e7a dos seus gestores anulem o seu investimento em estrat\u00e9gia e tecnologia. A <strong><a href=\"https:\/\/consultoria.cv\/fr\/category\/consultoria-empresarial\/\" data-type=\"category\" data-id=\"171\">consultoria empresarial<\/a><\/strong> \u00e9 a ponte entre a teoria e a pr\u00e1tica.<\/p>\n\n\n\n<p>Com a S&amp;D, a sua lideran\u00e7a ser\u00e1 treinada para implementar novas estrat\u00e9gias de forma eficaz, promovendo a cultura de alta <em>performance<\/em> que a sua empresa merece.<\/p>\n\n\n\n<p><strong>Est\u00e1 pronto para transformar os seus gestores em verdadeiros l\u00edderes e impulsionar a mudan\u00e7a na sua empresa em Cabo Verde? <a href=\"https:\/\/consultoria.cv\/fr\/contacts\/\" data-type=\"page\" data-id=\"26\">Contacter S&amp;D<\/a> para um programa de <em>Coaching<\/em> de Gest\u00e3o.<\/strong><\/p>\n\n\n\n<p><\/p>","protected":false},"excerpt":{"rendered":"<p>A estrat\u00e9gia de neg\u00f3cio est\u00e1 definida, o Plano de Neg\u00f3cios \u00e9 s\u00f3lido e os processos foram otimizados. Mas h\u00e1 um obst\u00e1culo final, e muitas vezes decisivo, que impede a evolu\u00e7\u00e3o da sua empresa em Cabo Verde: a lideran\u00e7a. Gestores inexperientes ou resistentes \u00e0 mudan\u00e7a s\u00e3o o principal trav\u00e3o ao crescimento. Eles n\u00e3o s\u00f3 falham na [&hellip;]<\/p>\n","protected":false},"author":2,"featured_media":3724,"comment_status":"closed","ping_status":"open","sticky":false,"template":"","format":"standard","meta":{"_breakdance_hide_in_design_set":false,"_breakdance_tags":"","footnotes":""},"categories":[1],"tags":[],"class_list":["post-3679","post","type-post","status-publish","format-standard","has-post-thumbnail","hentry","category-blog"],"_links":{"self":[{"href":"https:\/\/consultoria.cv\/fr\/wp-json\/wp\/v2\/posts\/3679","targetHints":{"allow":["GET"]}}],"collection":[{"href":"https:\/\/consultoria.cv\/fr\/wp-json\/wp\/v2\/posts"}],"about":[{"href":"https:\/\/consultoria.cv\/fr\/wp-json\/wp\/v2\/types\/post"}],"author":[{"embeddable":true,"href":"https:\/\/consultoria.cv\/fr\/wp-json\/wp\/v2\/users\/2"}],"replies":[{"embeddable":true,"href":"https:\/\/consultoria.cv\/fr\/wp-json\/wp\/v2\/comments?post=3679"}],"version-history":[{"count":2,"href":"https:\/\/consultoria.cv\/fr\/wp-json\/wp\/v2\/posts\/3679\/revisions"}],"predecessor-version":[{"id":3725,"href":"https:\/\/consultoria.cv\/fr\/wp-json\/wp\/v2\/posts\/3679\/revisions\/3725"}],"wp:featuredmedia":[{"embeddable":true,"href":"https:\/\/consultoria.cv\/fr\/wp-json\/wp\/v2\/media\/3724"}],"wp:attachment":[{"href":"https:\/\/consultoria.cv\/fr\/wp-json\/wp\/v2\/media?parent=3679"}],"wp:term":[{"taxonomy":"category","embeddable":true,"href":"https:\/\/consultoria.cv\/fr\/wp-json\/wp\/v2\/categories?post=3679"},{"taxonomy":"post_tag","embeddable":true,"href":"https:\/\/consultoria.cv\/fr\/wp-json\/wp\/v2\/tags?post=3679"}],"curies":[{"name":"wp","href":"https:\/\/api.w.org\/{rel}","templated":true}]}}