{"id":3571,"date":"2025-08-26T15:06:43","date_gmt":"2025-08-26T16:06:43","guid":{"rendered":"https:\/\/consultoria.cv\/?p=3571"},"modified":"2025-08-26T15:06:43","modified_gmt":"2025-08-26T16:06:43","slug":"apoios-governamentais-para-empresas-afetadas-pela-tempestade-de-11-de-agosto-de-2025-em-cabo-verde","status":"publish","type":"post","link":"https:\/\/consultoria.cv\/fr\/apoios-governamentais-para-empresas-afetadas-pela-tempestade-de-11-de-agosto-de-2025-em-cabo-verde\/","title":{"rendered":"Apoios Governamentais para Empresas Afetadas pela Tempestade de 11 de Agosto de 2025 em Cabo Verde"},"content":{"rendered":"<p>A tempestade tropical que atingiu Cabo Verde na madrugada de 11 de agosto de 2025 causou danos significativos nas ilhas de S\u00e3o Vicente, Santo Ant\u00e3o e S\u00e3o Nicolau, afetando gravemente a atividade econ\u00f3mica local. Reconhecendo a dimens\u00e3o dos preju\u00edzos, o Governo cabo-verdiano implementou um conjunto de medidas de apoio financeiro e operacional para ajudar as empresas a recuperar a sua capacidade produtiva e retomar as suas atividades. Estas iniciativas incluem subven\u00e7\u00f5es a fundo perdido, linhas de cr\u00e9dito bonificadas e apoios espec\u00edficos para operadores informais e microempresas.<\/p>\n\n\n\n<p>A Resolu\u00e7\u00e3o n.\u00ba 85\/2025, aprovada pelo Conselho de Ministros e publicada no&nbsp;<a href=\"https:\/\/boe.incv.cv\/Bulletins\/View\/86949\" target=\"_blank\" rel=\"noopener noreferrer nofollow\">Boletim Oficial n.\u00ba 76<\/a>, estabelece os mecanismos de apoio aos operadores econ\u00f3micos afetados, enquanto a Resolu\u00e7\u00e3o n.\u00ba 82\/2025 define o Plano Estrat\u00e9gico de Resposta e Recupera\u00e7\u00e3o para os munic\u00edpios mais atingidos. Adicionalmente, o Banco Mundial aprovou um apoio de emerg\u00eancia de 8,5 milh\u00f5es de euros para refor\u00e7ar a resposta \u00e0s consequ\u00eancias da tempestade, conforme anunciado pelo Primeiro-Ministro Ulisses Correia e Silva (<a href=\"https:\/\/www.dw.com\/pt-002\/banco-mundial-aprova-apoio-de-emerg%C3%AAncia-a-cabo-verde\/a-73631698\" target=\"_blank\" rel=\"noopener noreferrer nofollow\">DW<\/a>).<\/p>\n\n\n\n<p>Entre as medidas destacam-se a cria\u00e7\u00e3o de linhas de cr\u00e9dito emergenciais, como as linhas &#8220;Lavanta&#8221; e &#8220;Stimula Empreenda +&#8221;, concebidas para atender diferentes perfis de benefici\u00e1rios, com condi\u00e7\u00f5es facilitadas de acesso e taxas de juro reduzidas (<a href=\"https:\/\/expressodasilhas.cv\/politica\/2025\/08\/22\/governo-lanca-apoios-financeiros-apos-tempestade-em-sao-vicente-santo-antao-e-sao-nicolau\/98663\" target=\"_blank\" rel=\"noopener noreferrer nofollow\">Island Express<\/a>). Al\u00e9m disso, operadores informais, como feirantes e pequenos agricultores, podem aceder a subven\u00e7\u00f5es \u00fanicas, enquanto microempres\u00e1rios formais t\u00eam acesso a apoios escalonados e espec\u00edficos.<\/p>\n\n\n\n<p>Este relat\u00f3rio tem como objetivo fornecer informa\u00e7\u00f5es detalhadas e pr\u00e1ticas sobre como as empresas afetadas pela tempestade podem aceder aos apoios disponibilizados pelo Governo de Cabo Verde. Atrav\u00e9s de uma an\u00e1lise clara e estruturada, ser\u00e3o apresentados os crit\u00e9rios de elegibilidade, os procedimentos para candidatura e os benef\u00edcios dispon\u00edveis, permitindo que os empres\u00e1rios e operadores econ\u00f3micos possam beneficiar plenamente destas iniciativas de recupera\u00e7\u00e3o.<\/p>\n\n\n\n<h2 class=\"wp-block-heading\" id=\"medidasdeapoiofinanceiroparaempresasafectadas\">Medidas de Apoio Financeiro para Empresas Afectadas<\/h2>\n\n\n\n<h3 class=\"wp-block-heading\" id=\"subvenesafundoperdido\">Subven\u00e7\u00f5es a Fundo Perdido<\/h3>\n\n\n\n<p>O Governo de Cabo Verde implementou subven\u00e7\u00f5es a fundo perdido para apoiar diferentes categorias de benefici\u00e1rios afetados pela tempestade de 11 de agosto de 2025. Estas subven\u00e7\u00f5es s\u00e3o distribu\u00eddas de forma escalonada, com base na dimens\u00e3o e formalidade das atividades econ\u00f3micas:<\/p>\n\n\n\n<ul class=\"wp-block-list\">\n<li><strong>Operadores informais<\/strong>: Incluindo feirantes e pequenos agricultores, t\u00eam direito a uma subven\u00e7\u00e3o \u00fanica de\u00a0<strong>50.000 escudos cabo-verdianos<\/strong>\u00a0(aproximadamente 720 d\u00f3lares). Este apoio visa garantir a recupera\u00e7\u00e3o de atividades econ\u00f3micas de subsist\u00eancia. (<a href=\"https:\/\/expressodasilhas.cv\/politica\/2025\/08\/22\/governo-lanca-apoios-financeiros-apos-tempestade-em-sao-vicente-santo-antao-e-sao-nicolau\/98663\" target=\"_blank\" rel=\"noopener noreferrer nofollow\">Island Express<\/a>)<\/li>\n\n\n\n<li><strong>Microempresas formais<\/strong>: Recebem at\u00e9\u00a0<strong>150.000 escudos<\/strong>\u00a0(cerca de 2.160 d\u00f3lares), permitindo a continuidade das opera\u00e7\u00f5es b\u00e1sicas.<\/li>\n\n\n\n<li><strong>Pequenas empresas<\/strong>: S\u00e3o eleg\u00edveis para subven\u00e7\u00f5es at\u00e9\u00a0<strong>500.000 escudos<\/strong>\u00a0(cerca de 7.200 d\u00f3lares), com o objetivo de cobrir custos operacionais e perdas significativas.<\/li>\n\n\n\n<li><strong>M\u00e9dias empresas<\/strong>: Podem beneficiar de apoios at\u00e9\u00a0<strong>11.000 d\u00f3lares<\/strong>, conforme anunciado pelo Governo. (<a href=\"https:\/\/www.diarioeconomico.co.mz\/2025\/08\/24\/mundo\/africa\/cabo-verde-governo-lanca-apoios-de-ate-11-mil-dolares-a-empresas-afectadas-pela-tempestade\/\" target=\"_blank\" rel=\"noopener noreferrer nofollow\">Journal officiel<\/a>)<\/li>\n<\/ul>\n\n\n\n<p>As subven\u00e7\u00f5es s\u00e3o geridas pelo Minist\u00e9rio da Promo\u00e7\u00e3o de Investimentos e Fomento Empresarial em parceria com a Pro-Empresa e outras institui\u00e7\u00f5es financeiras locais.<\/p>\n\n\n\n<h3 class=\"wp-block-heading\" id=\"rendimentosolidriodeemergncia\">Rendimento Solid\u00e1rio de Emerg\u00eancia<\/h3>\n\n\n\n<p>Para indiv\u00edduos e fam\u00edlias diretamente afetados pela tempestade, foi criado um&nbsp;<strong>rendimento social de emerg\u00eancia<\/strong>. Este apoio financeiro destina-se a garantir a subsist\u00eancia b\u00e1sica durante o per\u00edodo de recupera\u00e7\u00e3o:<\/p>\n\n\n\n<ul class=\"wp-block-list\">\n<li><strong>Valor mensal<\/strong>: 30.000 escudos cabo-verdianos (aproximadamente 430 d\u00f3lares).<\/li>\n\n\n\n<li><strong>Dura\u00e7\u00e3o<\/strong>: At\u00e9 um m\u00e1ximo de tr\u00eas meses.<\/li>\n\n\n\n<li><strong>Objetivo<\/strong>: Suprir as necessidades b\u00e1sicas das fam\u00edlias mais vulner\u00e1veis e permitir que estas retomem gradualmente as suas atividades econ\u00f3micas.<\/li>\n<\/ul>\n\n\n\n<p>Este rendimento \u00e9 particularmente relevante para trabalhadores informais que perderam a sua principal fonte de rendimento devido aos danos causados pela intemp\u00e9rie. (<a href=\"https:\/\/jtm.com.mo\/actual\/breves-lusofonia-12\/\" target=\"_blank\" rel=\"noopener noreferrer nofollow\">JTM<\/a>)<\/p>\n\n\n\n<h3 class=\"wp-block-heading\" id=\"linhasdecrditobonificadas\">Linhas de Cr\u00e9dito Bonificadas<\/h3>\n\n\n\n<p>Al\u00e9m das subven\u00e7\u00f5es, o Governo disponibilizou&nbsp;<strong>linhas de cr\u00e9dito bonificadas<\/strong>&nbsp;para empresas formais que necessitam de financiamento adicional para retomar as suas opera\u00e7\u00f5es. Estas linhas de cr\u00e9dito apresentam condi\u00e7\u00f5es vantajosas, como taxas de juro reduzidas e per\u00edodos de car\u00eancia alargados:<\/p>\n\n\n\n<ul class=\"wp-block-list\">\n<li><strong>Taxas de juro<\/strong>: Inferiores \u00e0s praticadas no mercado, permitindo maior acessibilidade.<\/li>\n\n\n\n<li><strong>Per\u00edodo de car\u00eancia<\/strong>: Flex\u00edvel, dependendo da dimens\u00e3o da empresa e do impacto sofrido.<\/li>\n\n\n\n<li><strong>Gest\u00e3o<\/strong>: As linhas de cr\u00e9dito s\u00e3o geridas em colabora\u00e7\u00e3o com bancos parceiros e institui\u00e7\u00f5es de microcr\u00e9dito.<\/li>\n<\/ul>\n\n\n\n<p>Este apoio \u00e9 essencial para empresas que enfrentam dificuldades em aceder a cr\u00e9dito convencional devido a perdas financeiras significativas. (<a href=\"https:\/\/www.diarioeconomico.co.mz\/2025\/08\/24\/mundo\/africa\/cabo-verde-governo-lanca-apoios-de-ate-11-mil-dolares-a-empresas-afectadas-pela-tempestade\/\" target=\"_blank\" rel=\"noopener noreferrer nofollow\">Journal officiel<\/a>)<\/p>\n\n\n\n<h3 class=\"wp-block-heading\" id=\"apoiosdiferenciadosporsetor\">Apoios Diferenciados por Setor<\/h3>\n\n\n\n<p>O Governo reconheceu que os impactos da tempestade variaram significativamente entre setores econ\u00f3micos. Assim, foram criados apoios espec\u00edficos para setores mais afetados, como agricultura, com\u00e9rcio e turismo:<\/p>\n\n\n\n<ul class=\"wp-block-list\">\n<li><strong>Agricultura<\/strong>: Pequenos agricultores t\u00eam acesso a subven\u00e7\u00f5es a fundo perdido para compensar perdas de colheitas e reabilitar infraestruturas agr\u00edcolas danificadas.<\/li>\n\n\n\n<li><strong>Com\u00e9rcio informal<\/strong>: Feirantes e pequenos comerciantes informais recebem apoio financeiro direto para reabastecer estoques e retomar as vendas.<\/li>\n\n\n\n<li><strong>Turismo<\/strong>: Empresas do setor tur\u00edstico, particularmente afetadas pela interrup\u00e7\u00e3o de atividades, podem aceder a linhas de cr\u00e9dito bonificadas e subven\u00e7\u00f5es espec\u00edficas para reabilita\u00e7\u00e3o de infraestruturas.<\/li>\n<\/ul>\n\n\n\n<p>Estas medidas visam n\u00e3o apenas a recupera\u00e7\u00e3o imediata, mas tamb\u00e9m a resili\u00eancia a longo prazo dos setores econ\u00f3micos mais vulner\u00e1veis. (<a href=\"https:\/\/jtm.com.mo\/actual\/breves-lusofonia-12\/\" target=\"_blank\" rel=\"noopener noreferrer nofollow\">JTM<\/a>)<\/p>\n\n\n\n<h3 class=\"wp-block-heading\" id=\"formaoecapacitaoempresarial\">Forma\u00e7\u00e3o e Capacita\u00e7\u00e3o Empresarial<\/h3>\n\n\n\n<p>Como parte do pacote de apoio, o Governo incluiu iniciativas de forma\u00e7\u00e3o e capacita\u00e7\u00e3o para empres\u00e1rios e empreendedores. O objetivo \u00e9 refor\u00e7ar a resili\u00eancia do tecido empresarial cabo-verdiano, promovendo a gest\u00e3o eficiente e a inova\u00e7\u00e3o:<\/p>\n\n\n\n<ul class=\"wp-block-list\">\n<li><strong>Gestion d'entreprise<\/strong>: Cursos de curta dura\u00e7\u00e3o para melhorar a administra\u00e7\u00e3o financeira e operacional das empresas.<\/li>\n\n\n\n<li><strong>Inova\u00e7\u00e3o e digitaliza\u00e7\u00e3o<\/strong>: Workshops e consultorias para incentivar a ado\u00e7\u00e3o de tecnologias digitais, aumentando a competitividade.<\/li>\n\n\n\n<li><strong>Resili\u00eancia a desastres<\/strong>: Forma\u00e7\u00e3o em estrat\u00e9gias de mitiga\u00e7\u00e3o de riscos e adapta\u00e7\u00e3o a eventos clim\u00e1ticos extremos.<\/li>\n<\/ul>\n\n\n\n<p>Estas iniciativas s\u00e3o implementadas em parceria com a Pro-Empresa e outras entidades de apoio ao empreendedorismo. (<a href=\"https:\/\/expressodasilhas.cv\/politica\/2025\/08\/22\/governo-lanca-apoios-financeiros-apos-tempestade-em-sao-vicente-santo-antao-e-sao-nicolau\/98663\" target=\"_blank\" rel=\"noopener noreferrer nofollow\">Island Express<\/a>)<\/p>\n\n\n\n<h2 class=\"wp-block-heading\" id=\"processodeacessoaosbenefciosdisponibilizados\">Processo de Acesso aos Benef\u00edcios Disponibilizados<\/h2>\n\n\n\n<h3 class=\"wp-block-heading\" id=\"documentaonecessriaparasolicitaodeapoios\">Documenta\u00e7\u00e3o Necess\u00e1ria para Solicita\u00e7\u00e3o de Apoios<\/h3>\n\n\n\n<p>Para aceder aos apoios disponibilizados pelo Governo de Cabo Verde, \u00e9 imperativo que os benefici\u00e1rios apresentem uma documenta\u00e7\u00e3o espec\u00edfica que comprove os danos sofridos e a elegibilidade para os programas. Estes documentos incluem:<\/p>\n\n\n\n<ul class=\"wp-block-list\">\n<li><strong>Declara\u00e7\u00e3o de danos<\/strong>: Um relat\u00f3rio detalhado dos preju\u00edzos sofridos, elaborado por t\u00e9cnicos municipais ou por entidades certificadas, como a\u00a0<strong>Pro-Empresa<\/strong>\u00a0ou outras institui\u00e7\u00f5es designadas pelo Governo.<\/li>\n\n\n\n<li><strong>Comprovativo de atividade econ\u00f3mica<\/strong>: Para empresas formais, \u00e9 necess\u00e1rio apresentar o registo comercial ou licen\u00e7a de atividade. No caso de operadores informais, ser\u00e1 exigido um comprovativo de inscri\u00e7\u00e3o em feiras ou mercados locais.<\/li>\n\n\n\n<li><strong>Identifica\u00e7\u00e3o pessoal<\/strong>: C\u00f3pia do bilhete de identidade ou passaporte v\u00e1lido.<\/li>\n\n\n\n<li><strong>Comprovativo de resid\u00eancia<\/strong>: Documento que ateste a resid\u00eancia em uma das \u00e1reas afetadas, como S\u00e3o Vicente, Santo Ant\u00e3o ou S\u00e3o Nicolau.<\/li>\n\n\n\n<li><strong>Comprovativos financeiros<\/strong>: Para empresas, \u00e9 necess\u00e1rio apresentar declara\u00e7\u00f5es fiscais ou cont\u00e1beis que demonstrem a perda de rendimento.<\/li>\n<\/ul>\n\n\n\n<p>Estes documentos devem ser submetidos \u00e0s delega\u00e7\u00f5es locais da&nbsp;<strong>Pro-Empresa<\/strong>&nbsp;ou aos balc\u00f5es de atendimento criados especificamente para este fim. (<a href=\"https:\/\/expressodasilhas.cv\/politica\/2025\/08\/22\/governo-lanca-apoios-financeiros-apos-tempestade-em-sao-vicente-santo-antao-e-sao-nicolau\/98663\" target=\"_blank\" rel=\"noopener noreferrer nofollow\">Island Express<\/a>)<\/p>\n\n\n\n<h3 class=\"wp-block-heading\" id=\"etapasdoprocessodecandidatura\">Etapas do Processo de Candidatura<\/h3>\n\n\n\n<p>O processo de candidatura aos apoios financeiros e outros benef\u00edcios segue um conjunto de etapas claramente definidas:<\/p>\n\n\n\n<ol class=\"wp-block-list\">\n<li><strong>Registo inicial<\/strong>: Os interessados devem realizar o registo nos balc\u00f5es locais da\u00a0<strong>Pro-Empresa<\/strong>\u00a0ou atrav\u00e9s de plataformas digitais disponibilizadas pelo Governo.<\/li>\n\n\n\n<li><strong>Submiss\u00e3o de documentos<\/strong>: Ap\u00f3s o registo, os benefici\u00e1rios devem anexar toda a documenta\u00e7\u00e3o necess\u00e1ria, conforme descrito acima.<\/li>\n\n\n\n<li><strong>Avalia\u00e7\u00e3o t\u00e9cnica<\/strong>: As equipas t\u00e9cnicas, compostas por representantes da\u00a0<strong>Pro-Empresa<\/strong>\u00a0e do Minist\u00e9rio da Promo\u00e7\u00e3o de Investimentos e Fomento Empresarial, analisam os pedidos para verificar a elegibilidade e a extens\u00e3o dos danos.<\/li>\n\n\n\n<li><strong>Aprova\u00e7\u00e3o e comunica\u00e7\u00e3o<\/strong>: Os candidatos aprovados recebem uma notifica\u00e7\u00e3o oficial, detalhando os apoios atribu\u00eddos e os pr\u00f3ximos passos.<\/li>\n\n\n\n<li><strong>Desembolso dos apoios<\/strong>: Os fundos s\u00e3o transferidos diretamente para as contas banc\u00e1rias dos benefici\u00e1rios ou disponibilizados atrav\u00e9s de institui\u00e7\u00f5es financeiras parceiras.<\/li>\n<\/ol>\n\n\n\n<p>O processo \u00e9 projetado para ser r\u00e1pido, com um prazo m\u00e9dio de resposta de 15 dias \u00fateis ap\u00f3s a submiss\u00e3o completa dos documentos. (<a href=\"https:\/\/www.cmjornal.pt\/mundo\/detalhe\/governo-cabo-verdiano-anuncia-apoio-financeiro-a-empresarios-apos-tempestade\" target=\"_blank\" rel=\"noopener noreferrer nofollow\">Correio da Manh\u00e3<\/a>)<\/p>\n\n\n\n<h3 class=\"wp-block-heading\" id=\"critriosdeelegibilidade\">Crit\u00e9rios de Elegibilidade<\/h3>\n\n\n\n<p>Os crit\u00e9rios de elegibilidade variam de acordo com o tipo de apoio solicitado:<\/p>\n\n\n\n<ul class=\"wp-block-list\">\n<li><strong>Subven\u00e7\u00f5es a fundo perdido<\/strong>: Destinadas a operadores informais, microempresas e pequenas empresas que comprovem perdas significativas.<\/li>\n\n\n\n<li><strong>Linhas de cr\u00e9dito bonificadas<\/strong>: Dispon\u00edveis para m\u00e9dias e grandes empresas, com taxas de juro reduzidas e prazos de amortiza\u00e7\u00e3o de at\u00e9 60 meses.<\/li>\n\n\n\n<li><strong>Rendimento social de emerg\u00eancia<\/strong>: Exclusivo para indiv\u00edduos e fam\u00edlias que perderam a principal fonte de rendimento devido \u00e0 tempestade.<\/li>\n\n\n\n<li><strong>Apoios diferenciados por setor<\/strong>: Agricultores, pescadores e criadores de gado t\u00eam acesso a pacotes espec\u00edficos, incluindo subs\u00eddios para a compra de equipamentos e insumos.<\/li>\n<\/ul>\n\n\n\n<p>As empresas e indiv\u00edduos que n\u00e3o cumprirem os requisitos m\u00ednimos de documenta\u00e7\u00e3o ou que n\u00e3o comprovarem os danos sofridos n\u00e3o ser\u00e3o eleg\u00edveis para os apoios. (<a href=\"https:\/\/www.governo.cv\/preparamos-um-pacote-de-apoio-destinado-aos-empresarios-e-empreendedores-informais-afetados-pela-tempestade-erin-que-sera-operacionalizado-ja-na-proxima-semana-ministro-eur\/\" target=\"_blank\" rel=\"noopener noreferrer nofollow\">Gouvernement du Cap-Vert<\/a>)<\/p>\n\n\n\n<h3 class=\"wp-block-heading\" id=\"entidadesresponsveispelaimplementao\">Entidades Respons\u00e1veis pela Implementa\u00e7\u00e3o<\/h3>\n\n\n\n<p>A implementa\u00e7\u00e3o dos apoios \u00e9 coordenada por v\u00e1rias entidades governamentais e parceiros:<\/p>\n\n\n\n<ul class=\"wp-block-list\">\n<li><strong>Pro-Empresa<\/strong>: Respons\u00e1vel pelo registo, avalia\u00e7\u00e3o t\u00e9cnica e assist\u00eancia t\u00e9cnica aos benefici\u00e1rios.<\/li>\n\n\n\n<li><strong>Minist\u00e9rio da Promo\u00e7\u00e3o de Investimentos e Fomento Empresarial<\/strong>: Coordena a execu\u00e7\u00e3o geral dos programas e a articula\u00e7\u00e3o com institui\u00e7\u00f5es financeiras.<\/li>\n\n\n\n<li><strong>Bancos parceiros e institui\u00e7\u00f5es de microcr\u00e9dito<\/strong>: Realizam o desembolso dos fundos e gerem as linhas de cr\u00e9dito emergenciais.<\/li>\n\n\n\n<li><strong>C\u00e2maras Municipais<\/strong>: Fornecem apoio log\u00edstico e ajudam na identifica\u00e7\u00e3o de benefici\u00e1rios em zonas remotas.<\/li>\n<\/ul>\n\n\n\n<p>Esta articula\u00e7\u00e3o entre diferentes entidades visa garantir que os apoios cheguem de forma eficiente e transparente aos mais necessitados. (<a href=\"https:\/\/www.dw.com\/pt-002\/banco-mundial-aprova-apoio-de-emerg%C3%AAncia-a-cabo-verde\/a-73631698\" target=\"_blank\" rel=\"noopener noreferrer nofollow\">DW<\/a>)<\/p>\n\n\n\n<h3 class=\"wp-block-heading\" id=\"monitorizaoeprestaodecontas\">Monitoriza\u00e7\u00e3o e Presta\u00e7\u00e3o de Contas<\/h3>\n\n\n\n<p>Para assegurar a transpar\u00eancia e a efic\u00e1cia dos apoios, o Governo implementou mecanismos de monitoriza\u00e7\u00e3o e presta\u00e7\u00e3o de contas:<\/p>\n\n\n\n<ul class=\"wp-block-list\">\n<li><strong>Rapports r\u00e9guliers<\/strong>: As entidades respons\u00e1veis devem apresentar relat\u00f3rios trimestrais detalhando o n\u00famero de benefici\u00e1rios, os montantes desembolsados e os impactos dos apoios.<\/li>\n\n\n\n<li><strong>Auditorias externas<\/strong>: Organiza\u00e7\u00f5es independentes, como o Banco Mundial, realizam auditorias para verificar a conformidade com as normas estabelecidas.<\/li>\n\n\n\n<li><strong>Plataforma de transpar\u00eancia<\/strong>: O Governo disponibilizou uma plataforma online onde os cidad\u00e3os podem acompanhar a execu\u00e7\u00e3o dos programas e denunciar irregularidades.<\/li>\n<\/ul>\n\n\n\n<p>Estes mecanismos s\u00e3o essenciais para garantir que os recursos sejam utilizados de forma respons\u00e1vel e que os objetivos dos programas sejam alcan\u00e7ados. (<a href=\"https:\/\/eco.sapo.pt\/2025\/08\/16\/cabo-verde-anuncia-plano-estrategico-face-a-destruicao-causada-por-tempestade-mortal\/\" target=\"_blank\" rel=\"noopener noreferrer nofollow\">ECO<\/a>)<\/p>\n\n\n\n<h2 class=\"wp-block-heading\" id=\"estratgiasderetomaerecuperaoeconmica\">Estrat\u00e9gias de Retoma e Recupera\u00e7\u00e3o Econ\u00f3mica<\/h2>\n\n\n\n<h3 class=\"wp-block-heading\" id=\"reabilitaodeinfraestruturasprodutivas\">Reabilita\u00e7\u00e3o de Infraestruturas Produtivas<\/h3>\n\n\n\n<p>A tempestade de 11 de agosto de 2025 causou danos significativos em infraestruturas essenciais para a atividade econ\u00f3mica, como estradas, mercados, armaz\u00e9ns e instala\u00e7\u00f5es de empresas. Para garantir a retoma das atividades econ\u00f3micas, o Governo de Cabo Verde priorizou a reabilita\u00e7\u00e3o de infraestruturas produtivas nas \u00e1reas mais afetadas, como S\u00e3o Vicente, Santo Ant\u00e3o e S\u00e3o Nicolau. Este esfor\u00e7o inclui:<\/p>\n\n\n\n<ul class=\"wp-block-list\">\n<li><strong>Reconstru\u00e7\u00e3o de Mercados e Feiras Municipais<\/strong>: Espa\u00e7os onde pequenos comerciantes e feirantes operam foram severamente danificados. A reabilita\u00e7\u00e3o desses locais est\u00e1 a ser financiada com recursos do Fundo Nacional de Emerg\u00eancia e apoio do Banco Mundial, que disponibilizou 10 milh\u00f5es de d\u00f3lares para a recupera\u00e7\u00e3o de infraestruturas essenciais (<a href=\"https:\/\/revista.tempo.co.mz\/banco-mundial-aprova-apoio-de-emergencia-de-10-milhoes-de-dolares-para-cabo-verde-apos-tempestade-tropical\/\" target=\"_blank\" rel=\"noopener noreferrer nofollow\">Revista Tempo<\/a>).<\/li>\n\n\n\n<li><strong>Repara\u00e7\u00e3o de Estradas e Pontes<\/strong>: A tempestade destruiu vias de acesso fundamentais para o transporte de mercadorias e pessoas. O Governo est\u00e1 a trabalhar em parceria com institui\u00e7\u00f5es internacionais para acelerar a reconstru\u00e7\u00e3o, garantindo a conectividade entre os principais centros econ\u00f3micos.<\/li>\n\n\n\n<li><strong>Reabilita\u00e7\u00e3o de Infraestruturas Agr\u00edcolas<\/strong>: Pequenos agricultores, que dependem de sistemas de irriga\u00e7\u00e3o e armazenamento, est\u00e3o a receber apoio t\u00e9cnico e financeiro para a reconstru\u00e7\u00e3o dessas infraestruturas, assegurando a continuidade da produ\u00e7\u00e3o agr\u00edcola.<\/li>\n<\/ul>\n\n\n\n<h3 class=\"wp-block-heading\" id=\"incentivodigitalizaoeinovaoempresarial\">Incentivo \u00e0 Digitaliza\u00e7\u00e3o e Inova\u00e7\u00e3o Empresarial<\/h3>\n\n\n\n<p>Como parte das estrat\u00e9gias de recupera\u00e7\u00e3o econ\u00f3mica, o Governo est\u00e1 a promover a digitaliza\u00e7\u00e3o e inova\u00e7\u00e3o nas empresas afetadas pela tempestade. Esta abordagem visa aumentar a resili\u00eancia e competitividade do tecido empresarial cabo-verdiano. As medidas incluem:<\/p>\n\n\n\n<ul class=\"wp-block-list\">\n<li><strong>Forma\u00e7\u00e3o em Tecnologias Digitais<\/strong>: Micro e pequenas empresas est\u00e3o a ser incentivadas a adotar ferramentas digitais para melhorar a gest\u00e3o e expandir o alcance dos seus neg\u00f3cios. O Minist\u00e9rio da Promo\u00e7\u00e3o de Investimentos e Fomento Empresarial, em articula\u00e7\u00e3o com a Pro-Empresa, est\u00e1 a oferecer programas de capacita\u00e7\u00e3o em \u00e1reas como e-commerce, marketing digital e gest\u00e3o financeira (<a href=\"https:\/\/expressodasilhas.cv\/politica\/2025\/08\/22\/governo-lanca-apoios-financeiros-apos-tempestade-em-sao-vicente-santo-antao-e-sao-nicolau\/98663\" target=\"_blank\" rel=\"noopener noreferrer nofollow\">Island Express<\/a>).<\/li>\n\n\n\n<li><strong>Subven\u00e7\u00f5es para Inova\u00e7\u00e3o<\/strong>: Empresas que apresentem projetos inovadores para a recupera\u00e7\u00e3o das suas atividades podem candidatar-se a subven\u00e7\u00f5es espec\u00edficas, destinadas a financiar solu\u00e7\u00f5es tecnol\u00f3gicas e processos inovadores.<\/li>\n\n\n\n<li><strong>Cria\u00e7\u00e3o de Plataformas de Com\u00e9rcio Online<\/strong>: Pequenos comerciantes, especialmente aqueles que perderam os seus pontos de venda f\u00edsicos, est\u00e3o a ser apoiados na cria\u00e7\u00e3o de lojas online, permitindo-lhes alcan\u00e7ar novos mercados.<\/li>\n<\/ul>\n\n\n\n<h3 class=\"wp-block-heading\" id=\"apoiodiversificaoeconmica\">Apoio \u00e0 Diversifica\u00e7\u00e3o Econ\u00f3mica<\/h3>\n\n\n\n<p>A diversifica\u00e7\u00e3o econ\u00f3mica \u00e9 uma prioridade para evitar a depend\u00eancia excessiva de setores vulner\u00e1veis a desastres naturais. Nesse sentido, o Governo est\u00e1 a implementar a\u00e7\u00f5es para estimular novas \u00e1reas de atividade econ\u00f3mica:<\/p>\n\n\n\n<ul class=\"wp-block-list\">\n<li><strong>Promo\u00e7\u00e3o de Novos Setores<\/strong>: Incentivos fiscais e financeiros est\u00e3o a ser oferecidos a empresas que desejem investir em setores como energias renov\u00e1veis, tecnologia da informa\u00e7\u00e3o e turismo sustent\u00e1vel.<\/li>\n\n\n\n<li><strong>Requalifica\u00e7\u00e3o Profissional<\/strong>: Trabalhadores afetados pela tempestade est\u00e3o a ser integrados em programas de requalifica\u00e7\u00e3o para adquirir compet\u00eancias em \u00e1reas emergentes, como tecnologia e servi\u00e7os ambientais.<\/li>\n\n\n\n<li><strong>Apoio a Cooperativas Locais<\/strong>: As cooperativas de pequenos agricultores e pescadores est\u00e3o a receber assist\u00eancia t\u00e9cnica e financeira para diversificar as suas atividades e aumentar a resili\u00eancia econ\u00f3mica.<\/li>\n<\/ul>\n\n\n\n<h3 class=\"wp-block-heading\" id=\"estmuloaoempreendedorismolocal\">Est\u00edmulo ao Empreendedorismo Local<\/h3>\n\n\n\n<p>Para fomentar a recupera\u00e7\u00e3o econ\u00f3mica, o Governo est\u00e1 a incentivar o empreendedorismo local, com foco em pequenas e m\u00e9dias empresas (PMEs) e operadores informais. As a\u00e7\u00f5es incluem:<\/p>\n\n\n\n<ul class=\"wp-block-list\">\n<li><strong>Linhas de Cr\u00e9dito Bonificadas<\/strong>: Al\u00e9m das subven\u00e7\u00f5es a fundo perdido, foram criadas linhas de cr\u00e9dito com taxas de juro bonificadas, nunca superiores a 5,5%, para apoiar a cria\u00e7\u00e3o e expans\u00e3o de neg\u00f3cios locais (<a href=\"https:\/\/www.governo.cv\/preparamos-um-pacote-de-apoio-destinado-aos-empresarios-e-empreendedores-informais-afetados-pela-tempestade-erin-que-sera-operacionalizado-ja-na-proxima-semana-ministro-eur\/\" target=\"_blank\" rel=\"noopener noreferrer nofollow\">Gouvernement du Cap-Vert<\/a>).<\/li>\n\n\n\n<li><strong>Apoio a Startups<\/strong>: Startups que apresentem solu\u00e7\u00f5es inovadoras para problemas locais est\u00e3o a ser priorizadas em programas de financiamento e mentoria, promovendo o desenvolvimento de novos neg\u00f3cios.<\/li>\n\n\n\n<li><strong>Formaliza\u00e7\u00e3o de Neg\u00f3cios Informais<\/strong>: Operadores informais, como feirantes e pequenos agricultores, est\u00e3o a ser incentivados a formalizar os seus neg\u00f3cios, com acesso a benef\u00edcios como forma\u00e7\u00e3o em gest\u00e3o e acesso a cr\u00e9dito.<\/li>\n<\/ul>\n\n\n\n<h3 class=\"wp-block-heading\" id=\"parceriaspblicoprivadaspararecuperao\">Parcerias P\u00fablico-Privadas para Recupera\u00e7\u00e3o<\/h3>\n\n\n\n<p>A colabora\u00e7\u00e3o entre o setor p\u00fablico e privado tem sido fundamental para a implementa\u00e7\u00e3o das estrat\u00e9gias de recupera\u00e7\u00e3o econ\u00f3mica. As principais iniciativas incluem:<\/p>\n\n\n\n<ul class=\"wp-block-list\">\n<li><strong>Parcerias com Bancos Locais<\/strong>: Institui\u00e7\u00f5es financeiras est\u00e3o a trabalhar com o Governo para oferecer condi\u00e7\u00f5es especiais de cr\u00e9dito \u00e0s empresas afetadas, incluindo per\u00edodos de car\u00eancia e prazos de pagamento alargados.<\/li>\n\n\n\n<li><strong>Investimento Internacional<\/strong>: O Governo est\u00e1 a atrair investimentos internacionais para financiar projetos de reconstru\u00e7\u00e3o e estimular setores estrat\u00e9gicos, como turismo e agricultura.<\/li>\n\n\n\n<li><strong>Colabora\u00e7\u00e3o com ONGs e Organiza\u00e7\u00f5es Internacionais<\/strong>: Organiza\u00e7\u00f5es como o Banco Mundial e o Programa das Na\u00e7\u00f5es Unidas para o Desenvolvimento (PNUD) est\u00e3o a fornecer assist\u00eancia t\u00e9cnica e financeira para a implementa\u00e7\u00e3o das medidas de recupera\u00e7\u00e3o.<\/li>\n<\/ul>\n\n\n\n<p>Estas estrat\u00e9gias visam n\u00e3o apenas a recupera\u00e7\u00e3o imediata das atividades econ\u00f3micas, mas tamb\u00e9m a constru\u00e7\u00e3o de uma economia mais resiliente e diversificada em Cabo Verde.<\/p>\n\n\n\n<h2 class=\"wp-block-heading\" id=\"concluso\">Conclusion<\/h2>\n\n\n\n<p>O Governo de Cabo Verde implementou um conjunto abrangente de medidas para apoiar empresas e indiv\u00edduos afetados pela tempestade de 11 de agosto de 2025, com destaque para subven\u00e7\u00f5es a fundo perdido, linhas de cr\u00e9dito bonificadas e um rendimento social de emerg\u00eancia. As subven\u00e7\u00f5es variam conforme a dimens\u00e3o e formalidade das atividades econ\u00f3micas, beneficiando desde operadores informais at\u00e9 m\u00e9dias empresas, enquanto as linhas de cr\u00e9dito oferecem condi\u00e7\u00f5es vantajosas, como taxas de juro reduzidas e per\u00edodos de car\u00eancia alargados. Adicionalmente, foram criados apoios espec\u00edficos para setores mais impactados, como agricultura, com\u00e9rcio e turismo, e iniciativas de forma\u00e7\u00e3o e capacita\u00e7\u00e3o empresarial para promover a resili\u00eancia e inova\u00e7\u00e3o no tecido econ\u00f3mico. Estas medidas s\u00e3o operacionalizadas por entidades como a&nbsp;<a href=\"https:\/\/www.governo.cv\/preparamos-um-pacote-de-apoio-destinado-aos-empresarios-e-empreendedores-informais-afetados-pela-tempestade-erin-que-sera-operacionalizado-ja-na-proxima-semana-ministro-eur\/\" target=\"_blank\" rel=\"noopener noreferrer nofollow\">Pro-Empresa<\/a>&nbsp;e o Minist\u00e9rio da Promo\u00e7\u00e3o de Investimentos e Fomento Empresarial.<\/p>\n\n\n\n<p>O processo de acesso aos apoios exige a apresenta\u00e7\u00e3o de documenta\u00e7\u00e3o espec\u00edfica, como declara\u00e7\u00f5es de danos e comprovativos de atividade econ\u00f3mica, e segue etapas claras, desde o registo inicial at\u00e9 ao desembolso dos fundos. A transpar\u00eancia \u00e9 assegurada por mecanismos de monitoriza\u00e7\u00e3o, auditorias externas e uma plataforma online para acompanhamento p\u00fablico. Estas iniciativas n\u00e3o s\u00f3 visam a recupera\u00e7\u00e3o imediata das empresas e infraestruturas produtivas, mas tamb\u00e9m a constru\u00e7\u00e3o de uma economia mais diversificada e resiliente, com incentivos \u00e0 digitaliza\u00e7\u00e3o, inova\u00e7\u00e3o e empreendedorismo. A articula\u00e7\u00e3o entre o setor p\u00fablico, privado e parceiros internacionais, como o&nbsp;<a href=\"https:\/\/revista.tempo.co.mz\/banco-mundial-aprova-apoio-de-emergencia-de-10-milhoes-de-dolares-para-cabo-verde-apos-tempestade-tropical\/\" target=\"_blank\" rel=\"noopener noreferrer nofollow\">Banque mondiale<\/a>, \u00e9 fundamental para o sucesso destas estrat\u00e9gias.<\/p>\n\n\n\n<p>Os pr\u00f3ximos passos incluem a continuidade na execu\u00e7\u00e3o dos apoios financeiros, a reabilita\u00e7\u00e3o de infraestruturas essenciais e o fortalecimento de setores estrat\u00e9gicos, como energias renov\u00e1veis e turismo sustent\u00e1vel. A implementa\u00e7\u00e3o eficaz destas medidas ser\u00e1 crucial para garantir a recupera\u00e7\u00e3o econ\u00f3mica das \u00e1reas afetadas e preparar Cabo Verde para enfrentar futuros desafios clim\u00e1ticos.<\/p>\n\n\n\n<p>Confira o <a href=\"https:\/\/boe.incv.cv\/Bulletins\/Details\/A2025\/S2\/BO157\/SUP1\/23696\" target=\"_blank\" rel=\"noopener noreferrer nofollow\">Boletim Oficial n.\u00ba 157, 1.\u00ba Suplemento, II S\u00e9rie de 22-08-2025<\/a>:<\/p>\n\n\n\n<div data-wp-interactive=\"core\/file\" class=\"wp-block-file\"><object data-wp-bind--hidden=\"!state.hasPdfPreview\" hidden class=\"wp-block-file__embed\" data=\"https:\/\/consultoria.cv\/wp-content\/uploads\/2025\/08\/BO_22-08-2025_157_1_i87035-2.pdf\" type=\"application\/pdf\" style=\"width:100%;height:600px\" aria-label=\"Contenu embarqu\u00e9 BO_22-08-2025_157_(1)_i87035 (2).\"><\/object><a id=\"wp-block-file--media-efdcdbfa-a75d-4b10-a985-72f22b2333b5\" href=\"https:\/\/consultoria.cv\/wp-content\/uploads\/2025\/08\/BO_22-08-2025_157_1_i87035-2.pdf\">BO_22-08-2025_157_(1)_i87035 (2)<\/a><a href=\"https:\/\/consultoria.cv\/wp-content\/uploads\/2025\/08\/BO_22-08-2025_157_1_i87035-2.pdf\" class=\"wp-block-file__button wp-element-button\" download aria-describedby=\"wp-block-file--media-efdcdbfa-a75d-4b10-a985-72f22b2333b5\">T\u00e9l\u00e9charger<\/a><\/div>","protected":false},"excerpt":{"rendered":"<p>A tempestade tropical que atingiu Cabo Verde na madrugada de 11 de agosto de 2025 causou danos significativos nas ilhas de S\u00e3o Vicente, Santo Ant\u00e3o e S\u00e3o Nicolau, afetando gravemente a atividade econ\u00f3mica local. Reconhecendo a dimens\u00e3o dos preju\u00edzos, o Governo cabo-verdiano implementou um conjunto de medidas de apoio financeiro e operacional para ajudar as [&hellip;]<\/p>\n","protected":false},"author":2,"featured_media":3572,"comment_status":"closed","ping_status":"open","sticky":false,"template":"","format":"standard","meta":{"_breakdance_hide_in_design_set":false,"_breakdance_tags":"","footnotes":""},"categories":[1,171,181,244,197],"tags":[],"class_list":["post-3571","post","type-post","status-publish","format-standard","has-post-thumbnail","hentry","category-blog","category-consultoria-empresarial","category-incentivos-governamentais","category-linhas-de-credito","category-programas-de-apoio"],"_links":{"self":[{"href":"https:\/\/consultoria.cv\/fr\/wp-json\/wp\/v2\/posts\/3571","targetHints":{"allow":["GET"]}}],"collection":[{"href":"https:\/\/consultoria.cv\/fr\/wp-json\/wp\/v2\/posts"}],"about":[{"href":"https:\/\/consultoria.cv\/fr\/wp-json\/wp\/v2\/types\/post"}],"author":[{"embeddable":true,"href":"https:\/\/consultoria.cv\/fr\/wp-json\/wp\/v2\/users\/2"}],"replies":[{"embeddable":true,"href":"https:\/\/consultoria.cv\/fr\/wp-json\/wp\/v2\/comments?post=3571"}],"version-history":[{"count":1,"href":"https:\/\/consultoria.cv\/fr\/wp-json\/wp\/v2\/posts\/3571\/revisions"}],"predecessor-version":[{"id":3574,"href":"https:\/\/consultoria.cv\/fr\/wp-json\/wp\/v2\/posts\/3571\/revisions\/3574"}],"wp:featuredmedia":[{"embeddable":true,"href":"https:\/\/consultoria.cv\/fr\/wp-json\/wp\/v2\/media\/3572"}],"wp:attachment":[{"href":"https:\/\/consultoria.cv\/fr\/wp-json\/wp\/v2\/media?parent=3571"}],"wp:term":[{"taxonomy":"category","embeddable":true,"href":"https:\/\/consultoria.cv\/fr\/wp-json\/wp\/v2\/categories?post=3571"},{"taxonomy":"post_tag","embeddable":true,"href":"https:\/\/consultoria.cv\/fr\/wp-json\/wp\/v2\/tags?post=3571"}],"curies":[{"name":"wp","href":"https:\/\/api.w.org\/{rel}","templated":true}]}}