{"id":3528,"date":"2025-08-25T13:20:20","date_gmt":"2025-08-25T14:20:20","guid":{"rendered":"https:\/\/consultoria.cv\/?p=3528"},"modified":"2025-08-25T13:20:21","modified_gmt":"2025-08-25T14:20:21","slug":"aspectos-legais-e-regulatorios-para-negocios-em-cabo-verde-o-que-considerar-antes-de-abrir-empresa","status":"publish","type":"post","link":"https:\/\/consultoria.cv\/fr\/aspectos-legais-e-regulatorios-para-negocios-em-cabo-verde-o-que-considerar-antes-de-abrir-empresa\/","title":{"rendered":"Aspectos Legais e Regulat\u00f3rios para Neg\u00f3cios em Cabo Verde: O que Considerar Antes de Abrir Empresa"},"content":{"rendered":"<p>Cabo Verde tem-se afirmado como um destino atrativo para empreendedores e investidores, gra\u00e7as \u00e0 sua localiza\u00e7\u00e3o estrat\u00e9gica no Atl\u00e2ntico, estabilidade pol\u00edtica e compromisso com o desenvolvimento sustent\u00e1vel. No entanto, iniciar um neg\u00f3cio no arquip\u00e9lago exige uma compreens\u00e3o abrangente das obriga\u00e7\u00f5es legais, fiscais e laborais que regem o ambiente empresarial local. Este relat\u00f3rio apresenta uma an\u00e1lise detalhada dos principais aspetos legais e regulat\u00f3rios que os empreendedores devem considerar antes de estabelecerem opera\u00e7\u00f5es no pa\u00eds.<\/p>\n\n\n\n<p>A legisla\u00e7\u00e3o cabo-verdiana oferece diferentes modalidades para a constitui\u00e7\u00e3o de empresas, como o registo em cart\u00f3rio ou o servi\u00e7o de &#8220;Empresa no Dia&#8221;, criado pelo&nbsp;<a href=\"https:\/\/www.vendus.co.ao\/blog\/como-abrir-uma-empresa-em-cabo-verde\/\" target=\"_blank\" rel=\"noopener noreferrer nofollow\">Decreto-Lei n.\u00ba 9\/2008<\/a>. Este \u00faltimo permite uma constitui\u00e7\u00e3o simplificada e c\u00e9lere, dispon\u00edvel nas Casas do Cidad\u00e3o. Contudo, a modalidade de constitui\u00e7\u00e3o online, embora prevista, ainda n\u00e3o est\u00e1 operacional. Al\u00e9m disso, o processo de abertura de empresas exige a apresenta\u00e7\u00e3o de documentos espec\u00edficos, como o N\u00famero de Identifica\u00e7\u00e3o Fiscal (NIF) e identifica\u00e7\u00e3o dos s\u00f3cios, entre outros.<\/p>\n\n\n\n<p>No \u00e2mbito fiscal, Cabo Verde implementa pol\u00edticas favor\u00e1veis para atrair investimentos e fomentar o empreendedorismo, especialmente em setores estrat\u00e9gicos como turismo sustent\u00e1vel, energias renov\u00e1veis e tecnologia. Programas como o&nbsp;<a href=\"https:\/\/consultoria.cv\/fr\/enquadramento-fiscal-para-negocios-cabo-verdianos-passo-a-passo\/\">StartUp Jovem<\/a>&nbsp;oferecem incentivos fiscais significativos para jovens empreendedores, enquanto a&nbsp;<a href=\"https:\/\/consultoria.cv\/fr\/enquadramento-fiscal-para-negocios-cabo-verdianos-passo-a-passo\/\">Loi n\u00b0 73\/IX\/2020<\/a>&nbsp;promove benef\u00edcios fiscais para emigrantes que investem no pa\u00eds.<\/p>\n\n\n\n<p>No campo laboral, o C\u00f3digo Laboral de Cabo Verde estabelece normas rigorosas para garantir condi\u00e7\u00f5es de trabalho dignas e equitativas. Recentes altera\u00e7\u00f5es legislativas, como o&nbsp;<a href=\"https:\/\/natlex.ilo.org\/dyn\/natlex2\/r\/natlex\/fe\/details?p3_isn=117740\" target=\"_blank\" rel=\"noopener noreferrer nofollow\">Decreto-Lei n.\u00ba 8\/2025<\/a>, refor\u00e7am a fiscaliza\u00e7\u00e3o laboral e descentralizam os servi\u00e7os de inspe\u00e7\u00e3o, adaptando-os \u00e0s especificidades econ\u00f3micas de cada ilha. Adicionalmente, a&nbsp;<a href=\"https:\/\/www.governo.cv\/nova-lei-de-bases-do-emprego-publico-entra-em-vigor\/\" target=\"_blank\" rel=\"noopener noreferrer nofollow\">Lei n.\u00ba 20\/X\/2023<\/a>&nbsp;introduziu inova\u00e7\u00f5es como o teletrabalho e uma tabela remunerat\u00f3ria \u00fanica, refletindo um esfor\u00e7o cont\u00ednuo para modernizar o regime laboral.<\/p>\n\n\n\n<p>Compreender e cumprir estas regulamenta\u00e7\u00f5es \u00e9 essencial para garantir a conformidade legal e o sucesso sustent\u00e1vel de qualquer neg\u00f3cio em Cabo Verde. Este relat\u00f3rio visa equipar os empreendedores com as informa\u00e7\u00f5es necess\u00e1rias para navegar no complexo cen\u00e1rio regulat\u00f3rio do pa\u00eds, maximizando as oportunidades dispon\u00edveis e mitigando riscos associados ao incumprimento.<\/p>\n\n\n\n<h2 class=\"wp-block-heading\" id=\"procedimentoslegaiseadministrativosparaaberturadeempresasemcaboverde\">Procedimentos legais e administrativos para abertura de empresas em Cabo Verde<\/h2>\n\n\n\n<h3 class=\"wp-block-heading\" id=\"escolhadaestruturajurdicaereservadonomedaempresa\">Escolha da Estrutura Jur\u00eddica e Reserva do Nome da Empresa<\/h3>\n\n\n\n<p>A escolha da estrutura jur\u00eddica \u00e9 um passo inicial e essencial para a abertura de uma empresa em Cabo Verde, pois define as responsabilidades legais, fiscais e operacionais dos s\u00f3cios. Entre as op\u00e7\u00f5es mais comuns est\u00e3o a Sociedade por Quotas (Lda.), Sociedade An\u00f3nima (SA), Empres\u00e1rio em Nome Individual e Cooperativas. Cada uma destas formas jur\u00eddicas apresenta caracter\u00edsticas espec\u00edficas que devem ser avaliadas em fun\u00e7\u00e3o dos objetivos e da estrat\u00e9gia de crescimento do neg\u00f3cio.<\/p>\n\n\n\n<p>Ap\u00f3s a defini\u00e7\u00e3o da estrutura jur\u00eddica, \u00e9 necess\u00e1rio proceder \u00e0 reserva do nome da empresa. Este processo \u00e9 realizado junto da Conservat\u00f3ria do Registo Comercial e garante que o nome escolhido n\u00e3o est\u00e1 em uso por outra entidade. A reserva do nome \u00e9 um requisito obrigat\u00f3rio antes do registo formal da empresa. Este procedimento pode ser efetuado presencialmente ou atrav\u00e9s de plataformas digitais, como a&nbsp;<a href=\"https:\/\/www.casacidadao.cv\/\" target=\"_blank\" rel=\"noopener noreferrer nofollow\">Centre des citoyens<\/a>.<\/p>\n\n\n\n<h3 class=\"wp-block-heading\" id=\"elaboraodosestatutoseregistocomercial\">Elabora\u00e7\u00e3o dos Estatutos e Registo Comercial<\/h3>\n\n\n\n<p>Os estatutos da empresa s\u00e3o documentos fundamentais que definem os objetivos da sociedade, a estrutura de gest\u00e3o, os direitos e deveres dos s\u00f3cios e outras disposi\u00e7\u00f5es internas. Estes devem ser elaborados em conformidade com o C\u00f3digo das Sociedades Comerciais de Cabo Verde e submetidos para aprova\u00e7\u00e3o no ato de registo da empresa.<\/p>\n\n\n\n<p>O registo comercial \u00e9 realizado na Conservat\u00f3ria do Registo Comercial, sendo necess\u00e1rio apresentar os seguintes documentos:<\/p>\n\n\n\n<ul class=\"wp-block-list\">\n<li>Certificado de reserva do nome da empresa.<\/li>\n\n\n\n<li>Estatutos da sociedade devidamente assinados.<\/li>\n\n\n\n<li>Identifica\u00e7\u00e3o dos s\u00f3cios (Bilhete de Identidade, Cart\u00e3o Nacional de Identifica\u00e7\u00e3o ou Passaporte).<\/li>\n\n\n\n<li>N\u00famero de Identifica\u00e7\u00e3o Fiscal (NIF) de todos os s\u00f3cios.<\/li>\n\n\n\n<li>Procura\u00e7\u00e3o, caso o requerente n\u00e3o seja s\u00f3cio ou acionista.<\/li>\n<\/ul>\n\n\n\n<p>O custo do registo comercial varia consoante o capital social da empresa e a estrutura jur\u00eddica escolhida. Este processo \u00e9 obrigat\u00f3rio para que a empresa adquira personalidade jur\u00eddica e possa operar legalmente no pa\u00eds. Mais informa\u00e7\u00f5es podem ser obtidas no portal da&nbsp;<a href=\"https:\/\/www.dgrn.gov.cv\/\" target=\"_blank\" rel=\"noopener noreferrer nofollow\">Dire\u00e7\u00e3o Geral dos Registos e Notariado<\/a>.<\/p>\n\n\n\n<h3 class=\"wp-block-heading\" id=\"obtenodonmerodeidentificaofiscalnifeinscrionaseguranasocial\">Obten\u00e7\u00e3o do N\u00famero de Identifica\u00e7\u00e3o Fiscal (NIF) e Inscri\u00e7\u00e3o na Seguran\u00e7a Social<\/h3>\n\n\n\n<p>O NIF \u00e9 um elemento indispens\u00e1vel para a formaliza\u00e7\u00e3o de qualquer empresa em Cabo Verde. Este n\u00famero \u00e9 emitido pela Dire\u00e7\u00e3o Nacional de Receitas do Estado (DNRE) e identifica a empresa perante as autoridades fiscais. A solicita\u00e7\u00e3o do NIF deve ser feita ap\u00f3s o registo comercial, mediante a apresenta\u00e7\u00e3o do certificado de registo e dos estatutos da empresa.<\/p>\n\n\n\n<p>Paralelamente, \u00e9 necess\u00e1rio proceder \u00e0 inscri\u00e7\u00e3o da empresa e dos seus trabalhadores no Instituto Nacional de Previd\u00eancia Social (INPS). Esta inscri\u00e7\u00e3o \u00e9 obrigat\u00f3ria para garantir o cumprimento das obriga\u00e7\u00f5es laborais e o acesso dos trabalhadores aos benef\u00edcios sociais, como subs\u00eddio de desemprego e pens\u00f5es. O processo de inscri\u00e7\u00e3o inclui:<\/p>\n\n\n\n<ul class=\"wp-block-list\">\n<li>Apresenta\u00e7\u00e3o do certificado de registo comercial.<\/li>\n\n\n\n<li>Identifica\u00e7\u00e3o dos trabalhadores e respetivos NIFs.<\/li>\n\n\n\n<li>Declara\u00e7\u00e3o de in\u00edcio de atividade da empresa.<\/li>\n<\/ul>\n\n\n\n<p>Mais detalhes sobre este procedimento podem ser consultados no site oficial do&nbsp;<a href=\"https:\/\/www.inps.cv\/\" target=\"_blank\" rel=\"noopener noreferrer nofollow\">INPS<\/a>.<\/p>\n\n\n\n<h3 class=\"wp-block-heading\" id=\"licenciamentoempresarialeautorizaesespecficas\">Licenciamento Empresarial e Autoriza\u00e7\u00f5es Espec\u00edficas<\/h3>\n\n\n\n<p>Dependendo do setor de atividade, algumas empresas em Cabo Verde necessitam de licen\u00e7as espec\u00edficas para operar. Estas licen\u00e7as podem incluir autoriza\u00e7\u00f5es comerciais, ambientais, de sa\u00fade ou tecnol\u00f3gicas. Por exemplo, neg\u00f3cios no setor do turismo requerem licen\u00e7as emitidas pelo Minist\u00e9rio do Turismo, enquanto atividades industriais podem exigir autoriza\u00e7\u00f5es ambientais.<\/p>\n\n\n\n<p>O processo de licenciamento empresarial \u00e9 centralizado na Casa do Empreendedor, que simplifica a obten\u00e7\u00e3o de licen\u00e7as e autoriza\u00e7\u00f5es. Os documentos geralmente exigidos incluem:<\/p>\n\n\n\n<ul class=\"wp-block-list\">\n<li>Certificado de Registo Comercial.<\/li>\n\n\n\n<li>Declara\u00e7\u00e3o de in\u00edcio de atividade.<\/li>\n\n\n\n<li>Comprovativo de pagamento das taxas de licenciamento.<\/li>\n\n\n\n<li>Relat\u00f3rios t\u00e9cnicos ou ambientais, dependendo da atividade.<\/li>\n<\/ul>\n\n\n\n<p>A Casa do Empreendedor tamb\u00e9m oferece servi\u00e7os integrados, como a emiss\u00e3o de certid\u00f5es e apoio no cumprimento das normas legais. Para mais informa\u00e7\u00f5es, visite o portal da&nbsp;<a href=\"https:\/\/www.proempresa.cv\/\" target=\"_blank\" rel=\"noopener noreferrer nofollow\">Soci\u00e9t\u00e9 Pro<\/a>.<\/p>\n\n\n\n<h3 class=\"wp-block-heading\" id=\"custoseprazosassociadosaoprocesso\">Custos e Prazos Associados ao Processo<\/h3>\n\n\n\n<p>Os custos para abrir uma empresa em Cabo Verde variam de acordo com a estrutura jur\u00eddica, o capital social e as licen\u00e7as necess\u00e1rias. Em m\u00e9dia, os custos incluem:<\/p>\n\n\n\n<ul class=\"wp-block-list\">\n<li>Taxa de registo comercial: entre 5.000 e 20.000 escudos cabo-verdianos, dependendo do capital social.<\/li>\n\n\n\n<li>Emiss\u00e3o do NIF: gratuita.<\/li>\n\n\n\n<li>Taxas de licenciamento: variam entre 10.000 e 50.000 escudos, dependendo da atividade.<\/li>\n<\/ul>\n\n\n\n<p>Os prazos para a formaliza\u00e7\u00e3o da empresa tamb\u00e9m podem variar. O registo comercial e a obten\u00e7\u00e3o do NIF podem ser conclu\u00eddos em 1 a 3 dias \u00fateis, enquanto o licenciamento empresarial pode levar entre 15 a 30 dias, dependendo da complexidade da atividade.<\/p>\n\n\n\n<p>A simplifica\u00e7\u00e3o dos processos administrativos em Cabo Verde, como a centraliza\u00e7\u00e3o de servi\u00e7os na Casa do Empreendedor, tem reduzido significativamente os prazos e custos associados \u00e0 abertura de empresas, promovendo um ambiente mais favor\u00e1vel ao empreendedorismo.<\/p>\n\n\n\n<h2 class=\"wp-block-heading\" id=\"aspectosfiscaiseincentivosdisponveisparanegciosemcaboverde\">Aspectos fiscais e incentivos dispon\u00edveis para neg\u00f3cios em Cabo Verde<\/h2>\n\n\n\n<h3 class=\"wp-block-heading\" id=\"regimefiscalgeraleobrigaestributrias\">Regime Fiscal Geral e Obriga\u00e7\u00f5es Tribut\u00e1rias<\/h3>\n\n\n\n<p>Cabo Verde possui um regime fiscal estruturado que abrange impostos diretos e indiretos aplic\u00e1veis \u00e0s empresas. As principais obriga\u00e7\u00f5es tribut\u00e1rias incluem:<\/p>\n\n\n\n<ul class=\"wp-block-list\">\n<li><strong>Imposto \u00danico sobre o Rendimento (IUR):<\/strong>&nbsp;Aplica-se \u00e0s pessoas coletivas e varia entre 22% e 25%, dependendo do lucro tribut\u00e1vel da empresa. Micro e pequenas empresas podem beneficiar de regimes simplificados, como o&nbsp;<strong>R\u00e9gime fiscal sp\u00e9cial unifi\u00e9<\/strong>, que estabelece uma taxa \u00fanica de 4% sobre o volume de neg\u00f3cios bruto. Este regime substitui impostos como o IVA e o Imposto de Selo, reduzindo a carga administrativa (<a href=\"https:\/\/consultoria.cv\/fr\/enquadramento-fiscal-para-negocios-cabo-verdianos-passo-a-passo\/\">conseil.cv<\/a>).<\/li>\n\n\n\n<li><strong>Imposto sobre o Valor Acrescentado (IVA):<\/strong>&nbsp;A taxa padr\u00e3o \u00e9 de 15%, aplic\u00e1vel \u00e0 maioria dos bens e servi\u00e7os. Contudo, setores estrat\u00e9gicos, como turismo e energias renov\u00e1veis, podem beneficiar de isen\u00e7\u00f5es espec\u00edficas.<\/li>\n\n\n\n<li><strong>Imposto de Selo:<\/strong>&nbsp;Incide sobre contratos, opera\u00e7\u00f5es financeiras e outros atos jur\u00eddicos. A taxa varia conforme a natureza do documento ou transa\u00e7\u00e3o.<\/li>\n\n\n\n<li><strong>Contribui\u00e7\u00f5es para a Seguran\u00e7a Social:<\/strong>&nbsp;As empresas devem contribuir com 15% do sal\u00e1rio bruto dos trabalhadores para o Instituto Nacional de Previd\u00eancia Social (INPS), enquanto os empregados contribuem com 8%.<\/li>\n<\/ul>\n\n\n\n<h3 class=\"wp-block-heading\" id=\"incentivosfiscaisparasetoresestratgicos\">Incentivos Fiscais para Setores Estrat\u00e9gicos<\/h3>\n\n\n\n<p>O governo cabo-verdiano oferece incentivos fiscais espec\u00edficos para promover investimentos em setores priorit\u00e1rios, como turismo, energias renov\u00e1veis e tecnologia. Estes incentivos incluem:<\/p>\n\n\n\n<ul class=\"wp-block-list\">\n<li><strong>Isen\u00e7\u00f5es de IVA e Direitos Aduaneiros:<\/strong>&nbsp;Empresas que importam equipamentos para projetos de energias renov\u00e1veis ou efici\u00eancia energ\u00e9tica est\u00e3o isentas de IVA e direitos aduaneiros, desde que os bens sejam utilizados exclusivamente para as atividades do projeto (<a href=\"https:\/\/consultoria.cv\/fr\/enquadramento-fiscal-para-negocios-cabo-verdianos-passo-a-passo\/\">conseil.cv<\/a>).<\/li>\n\n\n\n<li><strong>Redu\u00e7\u00f5es no IUR:<\/strong>&nbsp;Projetos no setor do turismo sustent\u00e1vel e da economia azul podem beneficiar de uma redu\u00e7\u00e3o de at\u00e9 50% no IUR durante os primeiros cinco anos de opera\u00e7\u00e3o.<\/li>\n\n\n\n<li><strong>Isen\u00e7\u00f5es para Start-ups:<\/strong>&nbsp;O programa&nbsp;<strong>StartUp Jovem<\/strong>, destinado a empreendedores entre 18 e 35 anos, oferece isen\u00e7\u00f5es fiscais para empresas em fase inicial que desenvolvam ideias inovadoras, independentemente de serem tecnol\u00f3gicas ou n\u00e3o (<a href=\"https:\/\/consultoria.cv\/fr\/enquadramento-fiscal-para-negocios-cabo-verdianos-passo-a-passo\/\">conseil.cv<\/a>).<\/li>\n<\/ul>\n\n\n\n<h3 class=\"wp-block-heading\" id=\"benefciosfiscaisparainvestidoresdadispora\">Benef\u00edcios Fiscais para Investidores da Di\u00e1spora<\/h3>\n\n\n\n<p>A Lei n.\u00ba 73\/IX\/2020 introduziu incentivos fiscais espec\u00edficos para emigrantes cabo-verdianos que realizem investimentos diretos no pa\u00eds. Estes benef\u00edcios incluem:<\/p>\n\n\n\n<ul class=\"wp-block-list\">\n<li><strong>Isen\u00e7\u00e3o de Impostos sobre Lucros:<\/strong>&nbsp;Projetos inovadores ou de alto impacto em setores emergentes, como biotecnologia e economia digital, podem usufruir de isen\u00e7\u00e3o total de impostos sobre lucros por at\u00e9 15 anos (<a href=\"https:\/\/consultoria.cv\/fr\/incitations-fiscales-pour-les-investisseurs-de-la-diaspora-au-cap-vert\/\">conseil.cv<\/a>).<\/li>\n\n\n\n<li><strong>Redu\u00e7\u00f5es Alfandeg\u00e1rias:<\/strong>&nbsp;Investimentos em setores estrat\u00e9gicos, como turismo e tecnologia da informa\u00e7\u00e3o, beneficiam de redu\u00e7\u00f5es nas taxas alfandeg\u00e1rias para importa\u00e7\u00e3o de equipamentos.<\/li>\n\n\n\n<li><strong>Acordos de Dupla Tributa\u00e7\u00e3o:<\/strong>\u00a0Cabo Verde possui acordos com v\u00e1rios pa\u00edses para evitar a dupla tributa\u00e7\u00e3o, garantindo maior seguran\u00e7a jur\u00eddica aos investidores da di\u00e1spora .<\/li>\n<\/ul>\n\n\n\n<h3 class=\"wp-block-heading\" id=\"regimeaduaneiroebenefciosparaimportao\">Regime Aduaneiro e Benef\u00edcios para Importa\u00e7\u00e3o<\/h3>\n\n\n\n<p>Empresas que dependem de importa\u00e7\u00e3o de bens e equipamentos podem beneficiar de regimes aduaneiros favor\u00e1veis, incluindo:<\/p>\n\n\n\n<ul class=\"wp-block-list\">\n<li><strong>Isen\u00e7\u00f5es para Ve\u00edculos Comerciais:<\/strong>&nbsp;Empresas de transporte e log\u00edstica podem importar ve\u00edculos com at\u00e9 cinco anos de idade sem pagar IVA ou direitos aduaneiros, desde que sejam utilizados exclusivamente para atividades comerciais (<a href=\"https:\/\/consultoria.cv\/fr\/enquadramento-fiscal-para-negocios-cabo-verdianos-passo-a-passo\/\">conseil.cv<\/a>).<\/li>\n\n\n\n<li><strong>Regime de Entreposto Aduaneiro:<\/strong>&nbsp;Permite a armazenagem de mercadorias importadas sem pagamento imediato de impostos, sendo ideal para empresas que operam em zonas francas ou exportam produtos.<\/li>\n<\/ul>\n\n\n\n<h3 class=\"wp-block-heading\" id=\"reformasfiscaisrecentesetaxasambientais\">Reformas Fiscais Recentes e Taxas Ambientais<\/h3>\n\n\n\n<p>O Or\u00e7amento do Estado para 2025 introduziu novas medidas fiscais, como:<\/p>\n\n\n\n<ul class=\"wp-block-list\">\n<li><strong>Taxa de Carbono:<\/strong>\u00a0Aplicada a empresas que utilizam combust\u00edveis f\u00f3sseis, com o objetivo de financiar iniciativas de mitiga\u00e7\u00e3o das altera\u00e7\u00f5es clim\u00e1ticas .<\/li>\n\n\n\n<li><strong>Racionaliza\u00e7\u00e3o de Benef\u00edcios Fiscais:<\/strong>&nbsp;Reformas recentes visam reduzir a complexidade dos incentivos fiscais, introduzindo uma taxa m\u00ednima sobre direitos de importa\u00e7\u00e3o para evitar distor\u00e7\u00f5es no mercado.<\/li>\n<\/ul>\n\n\n\n<p>Estas medidas refletem o compromisso do governo em promover a sustentabilidade ambiental e a competitividade econ\u00f3mica.<\/p>\n\n\n\n<h2 class=\"wp-block-heading\" id=\"regulamentaolaboraleobrigaesrelacionadasaoemprego\">Regulamenta\u00e7\u00e3o laboral e obriga\u00e7\u00f5es relacionadas ao emprego<\/h2>\n\n\n\n<h3 class=\"wp-block-heading\" id=\"contratosdetrabalhoetipologiascontratuais\">Contratos de Trabalho e Tipologias Contratuais<\/h3>\n\n\n\n<p>O C\u00f3digo Laboral de Cabo Verde regula as rela\u00e7\u00f5es entre empregadores e trabalhadores, estabelecendo regras claras para a celebra\u00e7\u00e3o de contratos de trabalho. De acordo com a legisla\u00e7\u00e3o laboral, os contratos podem ser celebrados por tempo indeterminado, a termo certo ou a termo incerto. A contrata\u00e7\u00e3o a termo, seja ela certa ou incerta, \u00e9 permitida apenas em situa\u00e7\u00f5es espec\u00edficas previstas na lei, como a substitui\u00e7\u00e3o tempor\u00e1ria de trabalhadores, aumento tempor\u00e1rio de atividade ou execu\u00e7\u00e3o de projetos com prazo definido.<\/p>\n\n\n\n<p>Os contratos devem incluir elementos essenciais, como:<\/p>\n\n\n\n<ul class=\"wp-block-list\">\n<li>Data de in\u00edcio do contrato;<\/li>\n\n\n\n<li>Local de trabalho;<\/li>\n\n\n\n<li>Categoria profissional;<\/li>\n\n\n\n<li>Remunera\u00e7\u00e3o;<\/li>\n\n\n\n<li>Dura\u00e7\u00e3o do contrato (se aplic\u00e1vel);<\/li>\n\n\n\n<li>Outras informa\u00e7\u00f5es relevantes, desde que n\u00e3o contrariem a legisla\u00e7\u00e3o em vigor.<\/li>\n<\/ul>\n\n\n\n<p>Os empregadores devem assegurar que os contratos sejam formalizados por escrito, especialmente no caso de contratos a termo. A aus\u00eancia de um contrato escrito pode resultar na presun\u00e7\u00e3o de que o v\u00ednculo laboral \u00e9 por tempo indeterminado. <\/p>\n\n\n\n<h3 class=\"wp-block-heading\" id=\"direitosgeraisdostrabalhadores\">Direitos Gerais dos Trabalhadores<\/h3>\n\n\n\n<p>Os trabalhadores em Cabo Verde possuem um conjunto de direitos garantidos por lei, que visam assegurar condi\u00e7\u00f5es dignas de trabalho e prote\u00e7\u00e3o social. Entre os principais direitos est\u00e3o:<\/p>\n\n\n\n<ul class=\"wp-block-list\">\n<li>Jornada de trabalho limitada a 8 horas di\u00e1rias e 44 horas semanais;<\/li>\n\n\n\n<li>Direito a 22 dias \u00fateis de f\u00e9rias anuais remuneradas;<\/li>\n\n\n\n<li>Pagamento de horas extraordin\u00e1rias, quando aplic\u00e1vel;<\/li>\n\n\n\n<li>Licen\u00e7a de maternidade e paternidade;<\/li>\n\n\n\n<li>Sal\u00e1rio m\u00ednimo estipulado legalmente;<\/li>\n\n\n\n<li>Condi\u00e7\u00f5es adequadas de sa\u00fade e seguran\u00e7a no trabalho;<\/li>\n\n\n\n<li>Igualdade de oportunidades e tratamento no acesso ao emprego;<\/li>\n\n\n\n<li>Prote\u00e7\u00e3o contra discrimina\u00e7\u00e3o com base em g\u00e9nero, religi\u00e3o, orienta\u00e7\u00e3o sexual, entre outros fatores.<\/li>\n<\/ul>\n\n\n\n<p>Os empregadores devem ainda garantir a filia\u00e7\u00e3o dos trabalhadores ao sistema de seguran\u00e7a social, que cobre benef\u00edcios como assist\u00eancia m\u00e9dica, subs\u00eddio de desemprego (exceto para trabalhadores dom\u00e9sticos e microempresas), pens\u00e3o de reforma e subs\u00eddios por doen\u00e7a ou maternidade. <\/p>\n\n\n\n<h3 class=\"wp-block-heading\" id=\"obrigaesdosempregadores\">Obriga\u00e7\u00f5es dos Empregadores<\/h3>\n\n\n\n<p>Os empregadores em Cabo Verde t\u00eam diversas obriga\u00e7\u00f5es legais para garantir a conformidade com o C\u00f3digo Laboral e outras regulamenta\u00e7\u00f5es aplic\u00e1veis. Entre as principais responsabilidades est\u00e3o:<\/p>\n\n\n\n<ul class=\"wp-block-list\">\n<li><strong>Registo e comunica\u00e7\u00e3o de trabalhadores<\/strong>: \u00c9 obrigat\u00f3rio registar os trabalhadores na Seguran\u00e7a Social (INPS) e comunicar a celebra\u00e7\u00e3o ou cessa\u00e7\u00e3o de contratos \u00e0s autoridades competentes.<\/li>\n\n\n\n<li><strong>Pagamento pontual de sal\u00e1rios<\/strong>: Os sal\u00e1rios devem ser pagos dentro dos prazos estipulados, com o devido cumprimento das obriga\u00e7\u00f5es fiscais e de seguran\u00e7a social.<\/li>\n\n\n\n<li><strong>Garantia de condi\u00e7\u00f5es de trabalho seguras<\/strong>: Os empregadores devem implementar medidas de sa\u00fade e seguran\u00e7a no trabalho, incluindo a disponibiliza\u00e7\u00e3o de equipamentos de prote\u00e7\u00e3o individual (EPIs) e forma\u00e7\u00e3o adequada.<\/li>\n\n\n\n<li><strong>Respeito aos direitos sindicais<\/strong>: \u00c9 garantida aos trabalhadores a liberdade de associa\u00e7\u00e3o sindical e o direito \u00e0 greve, sendo vedada qualquer forma de repres\u00e1lia ou discrimina\u00e7\u00e3o por parte do empregador.<\/li>\n<\/ul>\n\n\n\n<p>O n\u00e3o cumprimento dessas obriga\u00e7\u00f5es pode resultar em san\u00e7\u00f5es administrativas, multas ou a\u00e7\u00f5es judiciais movidas pelos trabalhadores. (<a href=\"https:\/\/pt.scribd.com\/document\/369269853\/Codigo-Laboral-Cabo-Verde-Alterado\" target=\"_blank\" rel=\"noopener noreferrer nofollow\">C\u00f3digo Laboral Cabo Verde Alterado<\/a>)<\/p>\n\n\n\n<h3 class=\"wp-block-heading\" id=\"rescisocontratualeindemnizaes\">Rescis\u00e3o Contratual e Indemniza\u00e7\u00f5es<\/h3>\n\n\n\n<p>A rescis\u00e3o de contratos de trabalho em Cabo Verde deve seguir os procedimentos legais estabelecidos no C\u00f3digo Laboral. As modalidades de cessa\u00e7\u00e3o incluem:<\/p>\n\n\n\n<ul class=\"wp-block-list\">\n<li><strong>Rescis\u00e3o por m\u00fatuo acordo<\/strong>: Ambas as partes concordam em encerrar o contrato, devendo formalizar o acordo por escrito.<\/li>\n\n\n\n<li><strong>Rescis\u00e3o unilateral pelo trabalhador<\/strong>: O trabalhador pode rescindir o contrato mediante aviso pr\u00e9vio, cujo prazo varia conforme a dura\u00e7\u00e3o do v\u00ednculo laboral.<\/li>\n\n\n\n<li><strong>Despedimento por justa causa<\/strong>: O empregador pode rescindir o contrato em caso de faltas graves do trabalhador, como aus\u00eancia injustificada reiterada ou conduta indisciplinada. No entanto, \u00e9 necess\u00e1rio garantir o direito de defesa do trabalhador antes da decis\u00e3o final.<\/li>\n<\/ul>\n\n\n\n<p>Em casos de despedimento sem justa causa, o trabalhador tem direito a uma indemniza\u00e7\u00e3o, cujo valor \u00e9 calculado com base no tempo de servi\u00e7o e na remunera\u00e7\u00e3o mensal. A legisla\u00e7\u00e3o tamb\u00e9m prev\u00ea compensa\u00e7\u00f5es adicionais para trabalhadores com contratos a termo que sejam rescindidos antes do prazo estipulado.<\/p>\n\n\n\n<h3 class=\"wp-block-heading\" id=\"alteraesrecenteslegislaolaboral\">Altera\u00e7\u00f5es Recentes \u00e0 Legisla\u00e7\u00e3o Laboral<\/h3>\n\n\n\n<p>Em 2023, foram aprovadas altera\u00e7\u00f5es significativas ao C\u00f3digo Laboral de Cabo Verde, com o objetivo de modernizar as rela\u00e7\u00f5es de trabalho e promover maior equil\u00edbrio entre empregadores e trabalhadores. Entre as mudan\u00e7as mais relevantes est\u00e3o:<\/p>\n\n\n\n<ul class=\"wp-block-list\">\n<li><strong>Revis\u00e3o dos prazos de prescri\u00e7\u00e3o de cr\u00e9ditos laborais<\/strong>: Os cr\u00e9ditos devidos aos trabalhadores passaram a ter prazos de prescri\u00e7\u00e3o mais curtos, visando maior celeridade na resolu\u00e7\u00e3o de disputas.<\/li>\n\n\n\n<li><strong>Fortalecimento das medidas contra discrimina\u00e7\u00e3o<\/strong>: Foram ampliadas as garantias de igualdade de tratamento no emprego, com penalidades mais severas para pr\u00e1ticas discriminat\u00f3rias.<\/li>\n\n\n\n<li><strong>Flexibiliza\u00e7\u00e3o da contrata\u00e7\u00e3o a termo<\/strong>: Algumas categorias de contratos a termo foram simplificadas, permitindo maior adaptabilidade \u00e0s necessidades do mercado.<\/li>\n<\/ul>\n\n\n\n<p>Essas altera\u00e7\u00f5es refor\u00e7am a necessidade de os empregadores estarem atualizados com a legisla\u00e7\u00e3o vigente, a fim de evitar penalidades e assegurar a conformidade com as normas laborais. (<a href=\"https:\/\/pt.scribd.com\/document\/369269853\/Codigo-Laboral-Cabo-Verde-Alterado\" target=\"_blank\" rel=\"noopener noreferrer nofollow\">C\u00f3digo Laboral Cabo Verde Alterado<\/a>)<\/p>\n\n\n\n<p>A abertura de uma empresa em Cabo Verde exige o cumprimento de etapas legais e administrativas bem definidas, come\u00e7ando pela escolha da estrutura jur\u00eddica e a reserva do nome da empresa junto \u00e0&nbsp;<a href=\"https:\/\/www.dgrn.gov.cv\/\" target=\"_blank\" rel=\"noopener noreferrer nofollow\">Conservat\u00f3ria do Registo Comercial<\/a>. O registo comercial, a obten\u00e7\u00e3o do N\u00famero de Identifica\u00e7\u00e3o Fiscal (NIF) e a inscri\u00e7\u00e3o na Seguran\u00e7a Social s\u00e3o passos obrigat\u00f3rios para a formaliza\u00e7\u00e3o do neg\u00f3cio, sendo que os custos e prazos variam consoante a estrutura jur\u00eddica e o setor de atividade. Adicionalmente, certas atividades requerem licen\u00e7as espec\u00edficas, cuja obten\u00e7\u00e3o pode ser facilitada atrav\u00e9s da&nbsp;<a href=\"https:\/\/www.proempresa.cv\/\" target=\"_blank\" rel=\"noopener noreferrer nofollow\">Casa do Empreendedor<\/a>, que centraliza servi\u00e7os administrativos e de apoio ao empreendedorismo.<\/p>\n\n\n\n<p>No \u00e2mbito fiscal, Cabo Verde apresenta um regime estruturado com impostos como o&nbsp;<a href=\"https:\/\/consultoria.cv\/fr\/enquadramento-fiscal-para-negocios-cabo-verdianos-passo-a-passo\/\">Imp\u00f4t unique sur le revenu (IUR)<\/a>, o IVA e o Imposto de Selo, al\u00e9m de contribui\u00e7\u00f5es obrigat\u00f3rias para a Seguran\u00e7a Social. Contudo, o pa\u00eds oferece incentivos fiscais atrativos para setores estrat\u00e9gicos, como turismo, energias renov\u00e1veis e tecnologia, bem como benef\u00edcios espec\u00edficos para investidores da di\u00e1spora e start-ups. Estes incentivos, aliados a reformas fiscais recentes, visam fomentar o investimento e a sustentabilidade econ\u00f3mica.<\/p>\n\n\n\n<p>No dom\u00ednio laboral, o&nbsp;<a href=\"https:\/\/www.vendus.cv\/blog\/codigo-laboral-de-cabo-verde-guia-pratico-para-empregadores\/\" target=\"_blank\" rel=\"noopener noreferrer nofollow\">C\u00f3digo Laboral de Cabo Verde<\/a>&nbsp;regula as rela\u00e7\u00f5es de trabalho, estabelecendo direitos e obriga\u00e7\u00f5es claras para empregadores e trabalhadores. A conformidade com as normas laborais, incluindo a formaliza\u00e7\u00e3o de contratos, registo de trabalhadores e cumprimento das condi\u00e7\u00f5es de sa\u00fade e seguran\u00e7a no trabalho, \u00e9 essencial para evitar san\u00e7\u00f5es. Altera\u00e7\u00f5es recentes \u00e0 legisla\u00e7\u00e3o laboral refor\u00e7am a necessidade de atualiza\u00e7\u00e3o constante por parte dos empregadores.<\/p>\n\n\n\n<p>Em suma, Cabo Verde apresenta um ambiente favor\u00e1vel ao empreendedorismo, com processos simplificados e incentivos fiscais robustos. No entanto, \u00e9 crucial que os empreendedores estejam atentos \u00e0s obriga\u00e7\u00f5es legais, fiscais e laborais para garantir a conformidade e o sucesso das suas opera\u00e7\u00f5es. Recomenda-se a consulta de plataformas oficiais, como a&nbsp;<a href=\"https:\/\/www.casacidadao.cv\/\" target=\"_blank\" rel=\"noopener noreferrer nofollow\">Centre des citoyens<\/a>&nbsp;et&nbsp;<a href=\"https:\/\/www.inps.cv\/\" target=\"_blank\" rel=\"noopener noreferrer nofollow\">INPS<\/a>, para informa\u00e7\u00f5es atualizadas e apoio no cumprimento das exig\u00eancias legais.<\/p>","protected":false},"excerpt":{"rendered":"<p>Cabo Verde tem-se afirmado como um destino atrativo para empreendedores e investidores, gra\u00e7as \u00e0 sua localiza\u00e7\u00e3o estrat\u00e9gica no Atl\u00e2ntico, estabilidade pol\u00edtica e compromisso com o desenvolvimento sustent\u00e1vel. No entanto, iniciar um neg\u00f3cio no arquip\u00e9lago exige uma compreens\u00e3o abrangente das obriga\u00e7\u00f5es legais, fiscais e laborais que regem o ambiente empresarial local. Este relat\u00f3rio apresenta uma an\u00e1lise [&hellip;]<\/p>\n","protected":false},"author":2,"featured_media":3541,"comment_status":"closed","ping_status":"open","sticky":false,"template":"","format":"standard","meta":{"_breakdance_hide_in_design_set":false,"_breakdance_tags":"","footnotes":""},"categories":[1,171],"tags":[],"class_list":["post-3528","post","type-post","status-publish","format-standard","has-post-thumbnail","hentry","category-blog","category-consultoria-empresarial"],"_links":{"self":[{"href":"https:\/\/consultoria.cv\/fr\/wp-json\/wp\/v2\/posts\/3528","targetHints":{"allow":["GET"]}}],"collection":[{"href":"https:\/\/consultoria.cv\/fr\/wp-json\/wp\/v2\/posts"}],"about":[{"href":"https:\/\/consultoria.cv\/fr\/wp-json\/wp\/v2\/types\/post"}],"author":[{"embeddable":true,"href":"https:\/\/consultoria.cv\/fr\/wp-json\/wp\/v2\/users\/2"}],"replies":[{"embeddable":true,"href":"https:\/\/consultoria.cv\/fr\/wp-json\/wp\/v2\/comments?post=3528"}],"version-history":[{"count":2,"href":"https:\/\/consultoria.cv\/fr\/wp-json\/wp\/v2\/posts\/3528\/revisions"}],"predecessor-version":[{"id":3542,"href":"https:\/\/consultoria.cv\/fr\/wp-json\/wp\/v2\/posts\/3528\/revisions\/3542"}],"wp:featuredmedia":[{"embeddable":true,"href":"https:\/\/consultoria.cv\/fr\/wp-json\/wp\/v2\/media\/3541"}],"wp:attachment":[{"href":"https:\/\/consultoria.cv\/fr\/wp-json\/wp\/v2\/media?parent=3528"}],"wp:term":[{"taxonomy":"category","embeddable":true,"href":"https:\/\/consultoria.cv\/fr\/wp-json\/wp\/v2\/categories?post=3528"},{"taxonomy":"post_tag","embeddable":true,"href":"https:\/\/consultoria.cv\/fr\/wp-json\/wp\/v2\/tags?post=3528"}],"curies":[{"name":"wp","href":"https:\/\/api.w.org\/{rel}","templated":true}]}}