{"id":3518,"date":"2025-09-03T12:18:00","date_gmt":"2025-09-03T13:18:00","guid":{"rendered":"https:\/\/consultoria.cv\/?p=3518"},"modified":"2025-08-25T14:06:46","modified_gmt":"2025-08-25T15:06:46","slug":"protecao-de-propriedade-intelectual-e-contratos-no-contexto-cabo-verdiano-questoes-legais-sobre-marcas-patentes-contratos-comerciais-e-praticas-contratuais-locais","status":"publish","type":"post","link":"https:\/\/consultoria.cv\/fr\/protecao-de-propriedade-intelectual-e-contratos-no-contexto-cabo-verdiano-questoes-legais-sobre-marcas-patentes-contratos-comerciais-e-praticas-contratuais-locais\/","title":{"rendered":"Prote\u00e7\u00e3o de Propriedade Intelectual e Contratos no Contexto Cabo-Verdiano: Quest\u00f5es Legais sobre Marcas, Patentes, Contratos Comerciais e Pr\u00e1ticas Contratuais Locais"},"content":{"rendered":"<p>A prote\u00e7\u00e3o da propriedade intelectual (PI) e a regula\u00e7\u00e3o contratual desempenham um papel crucial no desenvolvimento econ\u00f3mico e social de Cabo Verde. O pa\u00eds tem vindo a modernizar o seu quadro legislativo, alinhando-se com os padr\u00f5es internacionais e promovendo um ambiente jur\u00eddico favor\u00e1vel \u00e0 inova\u00e7\u00e3o, ao com\u00e9rcio e ao investimento. Este esfor\u00e7o \u00e9 evidenciado pela recente aprova\u00e7\u00e3o da autoriza\u00e7\u00e3o legislativa para a cria\u00e7\u00e3o de um novo C\u00f3digo da Propriedade Industrial, que visa substituir o c\u00f3digo atualmente em vigor desde 2007, conforme anunciado pelo Governo de Cabo Verde em junho de 2025 (<a href=\"https:\/\/www.governo.cv\/cabo-verde-tera-ainda-este-ano-um-novo-codigo-de-propriedade-industrial\/\" target=\"_blank\" rel=\"noopener noreferrer nofollow\">Gouvernement du Cap-Vert<\/a>).<\/p>\n\n\n\n<p>A ades\u00e3o de Cabo Verde a tratados internacionais, como a Conven\u00e7\u00e3o de Paris, o Protocolo de Madrid e o Tratado de Coopera\u00e7\u00e3o em Mat\u00e9ria de Patentes, bem como \u00e0 Organiza\u00e7\u00e3o Regional Africana de Propriedade Intelectual (ARIPO), refor\u00e7a o compromisso do pa\u00eds com as melhores pr\u00e1ticas globais no dom\u00ednio da PI (<a href=\"https:\/\/www.africa-newsroom.com\/press\/cabo-verde-parlamento-aprova-autorizacao-legislativa-para-novo-codigo-da-propriedade-industrial?lang=pt\" target=\"_blank\" rel=\"noopener noreferrer nofollow\">ARIPO<\/a>). Estes avan\u00e7os legislativos s\u00e3o fundamentais para assegurar a prote\u00e7\u00e3o de marcas, patentes, desenhos industriais e outros direitos de propriedade intelectual, promovendo a competitividade das empresas cabo-verdianas no mercado global.<\/p>\n\n\n\n<p>Simultaneamente, a legisla\u00e7\u00e3o laboral e comercial de Cabo Verde, regida principalmente pelo C\u00f3digo do Trabalho e por normas contratuais espec\u00edficas, desempenha um papel essencial na estrutura\u00e7\u00e3o das rela\u00e7\u00f5es entre empregadores, empregados e parceiros comerciais. O pa\u00eds tem adotado pr\u00e1ticas contratuais modernas, incluindo contratos a termo certo, incerto e sem termo, para atender \u00e0s necessidades de um mercado de trabalho em evolu\u00e7\u00e3o (<a href=\"https:\/\/consultoria.cv\/fr\/lembauche-au-cap-vert-legislation-et-bonnes-pratiques\/\">Conseil Cap-Vert<\/a>).<\/p>\n\n\n\n<p>No entanto, apesar dos avan\u00e7os, Cabo Verde enfrenta desafios significativos na implementa\u00e7\u00e3o eficaz das suas leis de PI e contratos comerciais. A falta de recursos e infraestrutura, aliada \u00e0 necessidade de maior sensibiliza\u00e7\u00e3o e educa\u00e7\u00e3o sobre os direitos de PI, limita o pleno aproveitamento das oportunidades oferecidas por um quadro jur\u00eddico robusto (<a href=\"https:\/\/igqpi.cv\/a-propriedade-intelectual-em-cabo-verde\/\" target=\"_blank\" rel=\"noopener noreferrer nofollow\">Instituto de Gest\u00e3o da Qualidade e da Propriedade Intelectual<\/a>).<\/p>\n\n\n\n<p>Este relat\u00f3rio explora as quest\u00f5es legais relacionadas com a prote\u00e7\u00e3o de marcas, patentes, contratos comerciais e pr\u00e1ticas contratuais locais em Cabo Verde. A an\u00e1lise incidir\u00e1 sobre o impacto das reformas legislativas, os desafios pr\u00e1ticos na aplica\u00e7\u00e3o das normas e as oportunidades para fortalecer o sistema jur\u00eddico cabo-verdiano, promovendo um ambiente mais favor\u00e1vel \u00e0 inova\u00e7\u00e3o e ao crescimento econ\u00f3mico.<\/p>\n\n\n\n<h2 class=\"wp-block-heading\" id=\"revisodoquadrojurdicodepropriedadeintelectualemcaboverde\">Revis\u00e3o do Quadro Jur\u00eddico de Propriedade Intelectual em Cabo Verde<\/h2>\n\n\n\n<h3 class=\"wp-block-heading\" id=\"modernizaodocdigodepropriedadeindustrial\">Moderniza\u00e7\u00e3o do C\u00f3digo de Propriedade Industrial<\/h3>\n\n\n\n<p>A revis\u00e3o do C\u00f3digo de Propriedade Industrial em Cabo Verde tem como objetivo alinhar o quadro jur\u00eddico nacional \u00e0s melhores pr\u00e1ticas internacionais e \u00e0s necessidades espec\u00edficas do pa\u00eds. O novo c\u00f3digo, que est\u00e1 em fase de aprova\u00e7\u00e3o legislativa, introduz inova\u00e7\u00f5es significativas, como a inclus\u00e3o de mecanismos para o registo internacional de direitos de propriedade industrial e a prote\u00e7\u00e3o de novas categorias, como variedades vegetais e conhecimento tradicional. Esta abordagem reflete a necessidade de Cabo Verde de se adaptar \u00e0s exig\u00eancias de um mercado globalizado e de fomentar a inova\u00e7\u00e3o local. (<a href=\"https:\/\/www.governo.cv\/cabo-verde-tera-ainda-este-ano-um-novo-codigo-de-propriedade-industrial\/\" target=\"_blank\" rel=\"noopener noreferrer nofollow\">Gouvernement du Cap-Vert<\/a>)<\/p>\n\n\n\n<p>Al\u00e9m disso, o novo c\u00f3digo est\u00e1 alinhado \u00e0 Carta de Pol\u00edtica de Propriedade Intelectual e \u00e0 Pol\u00edtica e Estrat\u00e9gia Nacional da Propriedade Intelectual (PENPI), que visam consolidar e melhorar o regime jur\u00eddico da propriedade industrial no pa\u00eds. Este alinhamento estrat\u00e9gico \u00e9 fundamental para garantir que as altera\u00e7\u00f5es legislativas sejam eficazes na promo\u00e7\u00e3o do crescimento econ\u00f3mico e na prote\u00e7\u00e3o dos direitos de propriedade intelectual. (<a href=\"https:\/\/igqpi.cv\/\" target=\"_blank\" rel=\"noopener noreferrer nofollow\">IGQPI<\/a>)<\/p>\n\n\n\n<h3 class=\"wp-block-heading\" id=\"proteodeconhecimentotradicionalevariedadesvegetais\">Prote\u00e7\u00e3o de Conhecimento Tradicional e Variedades Vegetais<\/h3>\n\n\n\n<p>Uma das inova\u00e7\u00f5es mais relevantes da revis\u00e3o do quadro jur\u00eddico \u00e9 a inclus\u00e3o de prote\u00e7\u00e3o espec\u00edfica para conhecimento tradicional e variedades vegetais. Esta medida \u00e9 particularmente importante num contexto como o cabo-verdiano, onde o conhecimento tradicional desempenha um papel essencial na cultura e na economia local. A prote\u00e7\u00e3o jur\u00eddica destes elementos visa evitar a apropria\u00e7\u00e3o indevida por terceiros e garantir que os benef\u00edcios econ\u00f3micos decorrentes da sua explora\u00e7\u00e3o sejam partilhados com as comunidades detentoras do conhecimento. (<a href=\"https:\/\/www.wipo.int\/portal\/en\/index.html\" target=\"_blank\" rel=\"noopener noreferrer nofollow\">OMPI<\/a>)<\/p>\n\n\n\n<p>A implementa\u00e7\u00e3o desta prote\u00e7\u00e3o requer, no entanto, a cria\u00e7\u00e3o de mecanismos administrativos e t\u00e9cnicos adequados, como bases de dados para registo e identifica\u00e7\u00e3o de conhecimento tradicional e variedades vegetais. Este processo tamb\u00e9m implica a capacita\u00e7\u00e3o de institui\u00e7\u00f5es locais, como o Instituto de Gest\u00e3o da Qualidade e da Propriedade Intelectual (IGQPI), para gerir e fiscalizar os novos direitos. (<a href=\"https:\/\/www.governo.cv\/cabo-verde-tera-ainda-este-ano-um-novo-codigo-de-propriedade-industrial\/\" target=\"_blank\" rel=\"noopener noreferrer nofollow\">Gouvernement du Cap-Vert<\/a>)<\/p>\n\n\n\n<h3 class=\"wp-block-heading\" id=\"registointernacionaldedireitosdepropriedadeindustrial\">Registo Internacional de Direitos de Propriedade Industrial<\/h3>\n\n\n\n<p>O novo c\u00f3digo tamb\u00e9m prev\u00ea a consagra\u00e7\u00e3o de mecanismos para o registo internacional de direitos de propriedade industrial, como marcas e patentes. Esta medida \u00e9 essencial para empresas cabo-verdianas que pretendem expandir os seus neg\u00f3cios para mercados internacionais, garantindo a prote\u00e7\u00e3o dos seus ativos intelectuais fora do territ\u00f3rio nacional. (<a href=\"https:\/\/igqpi.cv\/\" target=\"_blank\" rel=\"noopener noreferrer nofollow\">IGQPI<\/a>)<\/p>\n\n\n\n<p>Cabo Verde j\u00e1 \u00e9 membro de tratados internacionais relevantes, como o Acordo de Paris para a Prote\u00e7\u00e3o da Propriedade Industrial e o Protocolo de Madrid para o Registo Internacional de Marcas. No entanto, a implementa\u00e7\u00e3o eficaz destes tratados no contexto local ainda enfrenta desafios, como a falta de recursos t\u00e9cnicos e humanos. A revis\u00e3o do c\u00f3digo visa superar estas limita\u00e7\u00f5es, simplificando os procedimentos e promovendo a capacita\u00e7\u00e3o de agentes econ\u00f3micos e institui\u00e7\u00f5es p\u00fablicas. (<a href=\"https:\/\/www.wipo.int\/portal\/en\/index.html\" target=\"_blank\" rel=\"noopener noreferrer nofollow\">OMPI<\/a>)<\/p>\n\n\n\n<h3 class=\"wp-block-heading\" id=\"desafiosnaimplementaodonovoquadrojurdico\">Desafios na Implementa\u00e7\u00e3o do Novo Quadro Jur\u00eddico<\/h3>\n\n\n\n<p>Apesar das inova\u00e7\u00f5es propostas, a implementa\u00e7\u00e3o do novo quadro jur\u00eddico enfrenta desafios significativos. A falta de recursos financeiros e humanos \u00e9 um dos principais obst\u00e1culos, limitando a capacidade do IGQPI de fiscalizar e gerir eficazmente os direitos de propriedade intelectual. Al\u00e9m disso, a sensibiliza\u00e7\u00e3o e educa\u00e7\u00e3o da popula\u00e7\u00e3o sobre a import\u00e2ncia da propriedade intelectual s\u00e3o ainda insuficientes, o que dificulta a ades\u00e3o e o cumprimento das novas normas. (<a href=\"https:\/\/pt.scribd.com\/document\/847558799\/INTRODUCAO-AO-DIREITO-DE-PROPRIEDADE-INTELECTUAL-EM-CABO-VERDE\" target=\"_blank\" rel=\"noopener noreferrer nofollow\">Scribd<\/a>)<\/p>\n\n\n\n<p>Outro desafio \u00e9 a necessidade de harmonizar o novo c\u00f3digo com outras legisla\u00e7\u00f5es nacionais, como o C\u00f3digo Comercial e o C\u00f3digo das Sociedades Comerciais, que tamb\u00e9m foram recentemente revistos. Esta harmoniza\u00e7\u00e3o \u00e9 crucial para evitar conflitos normativos e garantir a coer\u00eancia do sistema jur\u00eddico cabo-verdiano. (<a href=\"https:\/\/expressodasilhas.cv\/opiniao\/2019\/08\/13\/breve-leitura-do-novo-codigo-comercial-e-do-codigo-das-sociedades-comerciais-de-cabo-verde\/65158\" target=\"_blank\" rel=\"noopener noreferrer nofollow\">Island Express<\/a>)<\/p>\n\n\n\n<h3 class=\"wp-block-heading\" id=\"impactoeconmicoecultural\">Impacto Econ\u00f3mico e Cultural<\/h3>\n\n\n\n<p>A revis\u00e3o do quadro jur\u00eddico de propriedade intelectual tem o potencial de gerar impactos positivos significativos na economia e na cultura de Cabo Verde. A prote\u00e7\u00e3o eficaz de marcas, patentes e outros direitos de propriedade intelectual pode estimular a inova\u00e7\u00e3o, atrair investimentos estrangeiros e criar novas oportunidades de emprego. Al\u00e9m disso, a prote\u00e7\u00e3o do conhecimento tradicional e das variedades vegetais contribui para a valoriza\u00e7\u00e3o e preserva\u00e7\u00e3o do patrim\u00f3nio cultural cabo-verdiano. (<a href=\"https:\/\/www.governo.cv\/cabo-verde-tera-ainda-este-ano-um-novo-codigo-de-propriedade-industrial\/\" target=\"_blank\" rel=\"noopener noreferrer nofollow\">Gouvernement du Cap-Vert<\/a>)<\/p>\n\n\n\n<p>No entanto, para maximizar estes benef\u00edcios, \u00e9 essencial que o governo e as institui\u00e7\u00f5es relevantes invistam na capacita\u00e7\u00e3o t\u00e9cnica e na sensibiliza\u00e7\u00e3o da popula\u00e7\u00e3o. A colabora\u00e7\u00e3o com organiza\u00e7\u00f5es internacionais, como a Organiza\u00e7\u00e3o Mundial da Propriedade Intelectual (OMPI), pode desempenhar um papel crucial neste processo, fornecendo apoio t\u00e9cnico e financeiro para a implementa\u00e7\u00e3o das reformas. (<a href=\"https:\/\/www.wipo.int\/portal\/en\/index.html\" target=\"_blank\" rel=\"noopener noreferrer nofollow\">OMPI<\/a>)<\/p>\n\n\n\n<h2 class=\"wp-block-heading\" id=\"impactodaadesodecaboverdeatratadosinternacionaisdepropriedadeintelectual\">Impacto da Ades\u00e3o de Cabo Verde a Tratados Internacionais de Propriedade Intelectual<\/h2>\n\n\n\n<h3 class=\"wp-block-heading\" id=\"harmonizaonormativaeadesoatratadosinternacionais\">Harmoniza\u00e7\u00e3o Normativa e Ades\u00e3o a Tratados Internacionais<\/h3>\n\n\n\n<p>A ades\u00e3o de Cabo Verde a tratados internacionais de propriedade intelectual, como o Tratado de Marraquexe, o Tratado de Direito de Autor e o Tratado sobre Presta\u00e7\u00f5es e Fonogramas, representa um passo significativo para alinhar o pa\u00eds \u00e0s normas globais de prote\u00e7\u00e3o de direitos intelectuais. Estes tratados, promovidos pela Organiza\u00e7\u00e3o Mundial da Propriedade Intelectual (OMPI), garantem uma prote\u00e7\u00e3o mais robusta para autores, artistas e produtores, permitindo-lhes beneficiar economicamente das suas cria\u00e7\u00f5es. (<a href=\"https:\/\/inventa.com\/pt-pt\/cabo-verde-adere-a-tres-tratados-internacionais-no-ambito-da-propriedade-intelectual\" target=\"_blank\" rel=\"noopener noreferrer nofollow\">Inventa<\/a>)<\/p>\n\n\n\n<p>A harmoniza\u00e7\u00e3o normativa decorrente da ades\u00e3o a estes tratados facilita a integra\u00e7\u00e3o de Cabo Verde no com\u00e9rcio internacional, ao assegurar que as suas legisla\u00e7\u00f5es estejam alinhadas com os padr\u00f5es internacionais, como os estabelecidos pelo Acordo TRIPS. Este alinhamento reduz barreiras comerciais e promove um ambiente jur\u00eddico mais previs\u00edvel para investidores estrangeiros. (<a href=\"https:\/\/igqpi.cv\/a-propriedade-intelectual-em-cabo-verde\/\" target=\"_blank\" rel=\"noopener noreferrer nofollow\">IGQPI<\/a>)<\/p>\n\n\n\n<h3 class=\"wp-block-heading\" id=\"expansodoregistointernacionaldemarcasepatentes\">Expans\u00e3o do Registo Internacional de Marcas e Patentes<\/h3>\n\n\n\n<p>Com a ades\u00e3o ao Sistema de Madrid e ao Tratado de Coopera\u00e7\u00e3o em Mat\u00e9ria de Patentes (PCT), Cabo Verde proporciona aos titulares de marcas e inventores locais a possibilidade de protegerem os seus direitos em m\u00faltiplos pa\u00edses atrav\u00e9s de um \u00fanico pedido internacional. Este sistema simplificado reduz custos administrativos e facilita a expans\u00e3o de empresas cabo-verdianas para mercados internacionais. (<a href=\"https:\/\/inpi.justica.gov.pt\/Noticias-do-INPI\/Cabo-Verde-adere-a-Tratados-da-OMPI\" target=\"_blank\" rel=\"noopener noreferrer nofollow\">INPI<\/a>)<\/p>\n\n\n\n<p>Por outro lado, a implementa\u00e7\u00e3o local destes tratados exige a capacita\u00e7\u00e3o do Instituto de Gest\u00e3o da Qualidade e da Propriedade Intelectual (IGQPI) para lidar com o aumento de pedidos e assegurar a conformidade com os padr\u00f5es internacionais. A falta de recursos humanos e t\u00e9cnicos adequados continua a ser um desafio significativo para a plena operacionaliza\u00e7\u00e3o destes mecanismos. (<a href=\"https:\/\/pt.scribd.com\/document\/847558799\/INTRODUCAO-AO-DIREITO-DE-PROPRIEDADE-INTELECTUAL-EM-CABO-VERDE\" target=\"_blank\" rel=\"noopener noreferrer nofollow\">Scribd<\/a>)<\/p>\n\n\n\n<h3 class=\"wp-block-heading\" id=\"valorizaodeindicaesgeogrficaseconhecimentotradicional\">Valoriza\u00e7\u00e3o de Indica\u00e7\u00f5es Geogr\u00e1ficas e Conhecimento Tradicional<\/h3>\n\n\n\n<p>A ades\u00e3o ao Sistema de Lisboa, que regula a prote\u00e7\u00e3o de indica\u00e7\u00f5es geogr\u00e1ficas, permite a Cabo Verde proteger produtos locais emblem\u00e1ticos, como o \u201cCh\u00e3 das Caldeiras \u2013 Vinho do Fogo\u201d. Este reconhecimento internacional n\u00e3o s\u00f3 valoriza economicamente os produtos locais, mas tamb\u00e9m promove a identidade cultural cabo-verdiana no mercado global. (<a href=\"https:\/\/inpi.justica.gov.pt\/Noticias-do-INPI\/Cabo-Verde-adere-a-Tratados-da-OMPI\" target=\"_blank\" rel=\"noopener noreferrer nofollow\">INPI<\/a>)<\/p>\n\n\n\n<p>Al\u00e9m disso, a prote\u00e7\u00e3o de conhecimento tradicional, prevista em tratados internacionais e refor\u00e7ada pela legisla\u00e7\u00e3o local, visa evitar a apropria\u00e7\u00e3o indevida por terceiros e garantir que os benef\u00edcios econ\u00f3micos sejam partilhados com as comunidades detentoras deste conhecimento. No entanto, a cria\u00e7\u00e3o de bases de dados para registo e identifica\u00e7\u00e3o destes elementos ainda \u00e9 uma necessidade urgente. (<a href=\"https:\/\/igqpi.cv\/a-propriedade-intelectual-em-cabo-verde\/\" target=\"_blank\" rel=\"noopener noreferrer nofollow\">OMPI<\/a>)<\/p>\n\n\n\n<h3 class=\"wp-block-heading\" id=\"promoodainovaoedesenvolvimentotecnolgico\">Promo\u00e7\u00e3o da Inova\u00e7\u00e3o e Desenvolvimento Tecnol\u00f3gico<\/h3>\n\n\n\n<p>A ades\u00e3o ao Tratado de Coopera\u00e7\u00e3o em Mat\u00e9ria de Patentes (PCT) incentiva a inova\u00e7\u00e3o tecnol\u00f3gica em Cabo Verde, ao oferecer aos inventores locais a possibilidade de protegerem as suas cria\u00e7\u00f5es em mais de 150 pa\u00edses. Este mecanismo \u00e9 particularmente relevante para fomentar o desenvolvimento de tecnologias adaptadas \u00e0s necessidades locais e promover a competitividade das empresas cabo-verdianas no mercado global. (<a href=\"https:\/\/inventa.com\/pt-pt\/cabo-verde-adere-a-tres-tratados-internacionais-no-ambito-da-propriedade-intelectual\" target=\"_blank\" rel=\"noopener noreferrer nofollow\">Inventa<\/a>)<\/p>\n\n\n\n<p>No entanto, a implementa\u00e7\u00e3o eficaz deste tratado requer investimentos significativos em infraestrutura e capacita\u00e7\u00e3o t\u00e9cnica. A colabora\u00e7\u00e3o com organiza\u00e7\u00f5es internacionais, como a OMPI, pode desempenhar um papel crucial no fornecimento de apoio t\u00e9cnico e financeiro para superar estas limita\u00e7\u00f5es. (<a href=\"https:\/\/pt.scribd.com\/document\/847558799\/INTRODUCAO-AO-DIREITO-DE-PROPRIEDADE-INTELECTUAL-EM-CABO-VERDE\" target=\"_blank\" rel=\"noopener noreferrer nofollow\">Scribd<\/a>)<\/p>\n\n\n\n<h3 class=\"wp-block-heading\" id=\"desafiosnaaplicaolocaldostratados\">Desafios na Aplica\u00e7\u00e3o Local dos Tratados<\/h3>\n\n\n\n<p>Embora a ades\u00e3o a tratados internacionais represente um progresso significativo, a aplica\u00e7\u00e3o local enfrenta desafios relacionados com a falta de sensibiliza\u00e7\u00e3o da popula\u00e7\u00e3o e a escassez de recursos t\u00e9cnicos e humanos. A implementa\u00e7\u00e3o eficaz dos tratados exige campanhas de sensibiliza\u00e7\u00e3o para educar os cidad\u00e3os sobre os seus direitos e responsabilidades em mat\u00e9ria de propriedade intelectual. (<a href=\"https:\/\/igqpi.cv\/a-propriedade-intelectual-em-cabo-verde\/\" target=\"_blank\" rel=\"noopener noreferrer nofollow\">IGQPI<\/a>)<\/p>\n\n\n\n<p>Al\u00e9m disso, a harmoniza\u00e7\u00e3o dos tratados internacionais com outras legisla\u00e7\u00f5es nacionais, como o C\u00f3digo Comercial e o C\u00f3digo das Sociedades Comerciais, \u00e9 essencial para evitar conflitos normativos e garantir a coer\u00eancia do sistema jur\u00eddico cabo-verdiano. Este processo requer uma abordagem coordenada entre diferentes institui\u00e7\u00f5es governamentais e o setor privado. (<a href=\"https:\/\/igqpi.cv\/a-propriedade-intelectual-em-cabo-verde\/\" target=\"_blank\" rel=\"noopener noreferrer nofollow\">Island Express<\/a>)<\/p>\n\n\n\n<h2 class=\"wp-block-heading\" id=\"prticascontratuaislocaiseaproteodedireitosdepropriedadeintelectual\">Pr\u00e1ticas Contratuais Locais e a Prote\u00e7\u00e3o de Direitos de Propriedade Intelectual<\/h2>\n\n\n\n<h3 class=\"wp-block-heading\" id=\"estruturacontratualnocontextocaboverdiano\">Estrutura Contratual no Contexto Cabo-verdiano<\/h3>\n\n\n\n<p>A prote\u00e7\u00e3o de direitos de propriedade intelectual (PI) em Cabo Verde est\u00e1 intrinsecamente ligada \u00e0 elabora\u00e7\u00e3o de contratos bem estruturados, especialmente em setores como turismo, exporta\u00e7\u00e3o de produtos locais e tecnologia. Contratos comerciais que envolvem ativos de PI, como marcas, patentes e direitos autorais, devem atender a requisitos espec\u00edficos para garantir a seguran\u00e7a jur\u00eddica e a prote\u00e7\u00e3o adequada das partes envolvidas.<\/p>\n\n\n\n<p>Os contratos que incluem cl\u00e1usulas de PI devem prever disposi\u00e7\u00f5es claras sobre a titularidade, licenciamento e uso dos ativos protegidos. Por exemplo, no caso de contratos de licenciamento de marcas, \u00e9 essencial especificar o territ\u00f3rio, a dura\u00e7\u00e3o do licenciamento e as condi\u00e7\u00f5es de uso. A Lei de Propriedade Industrial em vigor em Cabo Verde regula esses aspectos, mas a sua aplica\u00e7\u00e3o pr\u00e1tica pode variar dependendo do setor e do tipo de ativo envolvido. (<a href=\"https:\/\/consultoria.cv\/fr\/guia-completo-para-o-registo-de-marcas-no-mercado-cabo-verdiano\/\">conseil.cv<\/a>)<\/p>\n\n\n\n<h3 class=\"wp-block-heading\" id=\"contratosdelicenciamentodemarcasepatentes\">Contratos de Licenciamento de Marcas e Patentes<\/h3>\n\n\n\n<p>Os contratos de licenciamento s\u00e3o uma pr\u00e1tica comum para monetizar ativos de PI em Cabo Verde. No caso de marcas, o licenciamento permite que o titular da marca autorize terceiros a utiliz\u00e1-la em troca de royalties ou outras formas de compensa\u00e7\u00e3o. Este tipo de contrato \u00e9 particularmente relevante em setores como o de produtos artesanais e bebidas tradicionais, como o grogue, que t\u00eam grande potencial de exporta\u00e7\u00e3o. (<a href=\"https:\/\/www.unicv.edu.cv\/pt\/nots-geral\/4535-uni-cv-sedia-seminario-sobre-propriedade-intelectual-e-inovacao-em-parceria-com-igqpi-e-aripo\" target=\"_blank\" rel=\"noopener noreferrer nofollow\">unicv.edu.cv<\/a>)<\/p>\n\n\n\n<p>No caso de patentes, os contratos de licenciamento devem incluir cl\u00e1usulas detalhadas sobre o escopo da licen\u00e7a, incluindo o direito de fabricar, vender ou distribuir o produto patenteado. Al\u00e9m disso, \u00e9 fundamental prever mecanismos de fiscaliza\u00e7\u00e3o para garantir que o licenciado cumpra as condi\u00e7\u00f5es estabelecidas no contrato. A ades\u00e3o de Cabo Verde ao Protocolo de Madrid e ao Tratado de Coopera\u00e7\u00e3o em Mat\u00e9ria de Patentes (PCT) facilita a prote\u00e7\u00e3o internacional de marcas e patentes, mas os contratos locais devem ser adaptados para refletir as especificidades do mercado cabo-verdiano. (<a href=\"https:\/\/www.governo.cv\/parlamento-aprova-autorizacao-legislativa-para-novo-codigo-da-propriedade-industrial\/\" target=\"_blank\" rel=\"noopener noreferrer nofollow\">governo.cv<\/a>)<\/p>\n\n\n\n<h3 class=\"wp-block-heading\" id=\"clusulasdeconfidencialidadeenoconcorrncia\">Cl\u00e1usulas de Confidencialidade e N\u00e3o-concorr\u00eancia<\/h3>\n\n\n\n<p>A inclus\u00e3o de cl\u00e1usulas de confidencialidade e n\u00e3o-concorr\u00eancia em contratos comerciais \u00e9 uma pr\u00e1tica essencial para proteger informa\u00e7\u00f5es sens\u00edveis e evitar a concorr\u00eancia desleal. No contexto cabo-verdiano, estas cl\u00e1usulas s\u00e3o particularmente importantes em contratos que envolvem o desenvolvimento de tecnologias ou a explora\u00e7\u00e3o de conhecimento tradicional.<\/p>\n\n\n\n<p>As cl\u00e1usulas de confidencialidade devem especificar quais informa\u00e7\u00f5es s\u00e3o consideradas confidenciais, o per\u00edodo de confidencialidade e as penalidades em caso de viola\u00e7\u00e3o. J\u00e1 as cl\u00e1usulas de n\u00e3o-concorr\u00eancia devem ser redigidas de forma a equilibrar os interesses das partes, garantindo que n\u00e3o sejam excessivamente restritivas ou contr\u00e1rias \u00e0 legisla\u00e7\u00e3o laboral cabo-verdiana. (<a href=\"https:\/\/consultoria.cv\/fr\/guia-completo-para-o-registo-de-marcas-no-mercado-cabo-verdiano\/\">conseil.cv<\/a>)<\/p>\n\n\n\n<h3 class=\"wp-block-heading\" id=\"contratosdetransfernciadetecnologia\">Contratos de Transfer\u00eancia de Tecnologia<\/h3>\n\n\n\n<p>Os contratos de transfer\u00eancia de tecnologia desempenham um papel estrat\u00e9gico no desenvolvimento econ\u00f3mico de Cabo Verde, permitindo que empresas locais acessem inova\u00e7\u00f5es e know-how estrangeiros. Estes contratos devem incluir disposi\u00e7\u00f5es detalhadas sobre os direitos de propriedade intelectual associados \u00e0 tecnologia transferida, bem como sobre a forma\u00e7\u00e3o e capacita\u00e7\u00e3o dos trabalhadores locais.<\/p>\n\n\n\n<p>A Organiza\u00e7\u00e3o Regional Africana de Propriedade Intelectual (ARIPO), \u00e0 qual Cabo Verde aderiu, oferece suporte t\u00e9cnico e jur\u00eddico para a elabora\u00e7\u00e3o de contratos de transfer\u00eancia de tecnologia. No entanto, \u00e9 crucial que os contratos sejam adaptados \u00e0s necessidades espec\u00edficas do mercado cabo-verdiano, considerando fatores como a infraestrutura tecnol\u00f3gica e o n\u00edvel de qualifica\u00e7\u00e3o da for\u00e7a de trabalho. (<a href=\"https:\/\/www.unicv.edu.cv\/pt\/nots-geral\/4535-uni-cv-sedia-seminario-sobre-propriedade-intelectual-e-inovacao-em-parceria-com-igqpi-e-aripo\" target=\"_blank\" rel=\"noopener noreferrer nofollow\">unicv.edu.cv<\/a>)<\/p>\n\n\n\n<h3 class=\"wp-block-heading\" id=\"resoluodeconflitoscontratuais\">Resolu\u00e7\u00e3o de Conflitos Contratuais<\/h3>\n\n\n\n<p>A resolu\u00e7\u00e3o de conflitos contratuais relacionados \u00e0 PI em Cabo Verde \u00e9 regida tanto pela legisla\u00e7\u00e3o nacional quanto por tratados internacionais dos quais o pa\u00eds \u00e9 signat\u00e1rio. Em casos de disputas, as partes podem recorrer a m\u00e9todos alternativos de resolu\u00e7\u00e3o de conflitos, como a media\u00e7\u00e3o e a arbitragem, que s\u00e3o frequentemente mais r\u00e1pidos e menos onerosos do que os processos judiciais.<\/p>\n\n\n\n<p>A Dire\u00e7\u00e3o Geral da Ind\u00fastria e Com\u00e9rcio (DGIC) e o Instituto de Gest\u00e3o da Qualidade e da Propriedade Intelectual (IGQPI) desempenham um papel fundamental na media\u00e7\u00e3o de conflitos relacionados \u00e0 PI. Al\u00e9m disso, a ades\u00e3o de Cabo Verde ao Protocolo de Madrid e ao ARIPO oferece mecanismos adicionais para resolver disputas em \u00e2mbito internacional. (<a href=\"https:\/\/www.governo.cv\/parlamento-aprova-autorizacao-legislativa-para-novo-codigo-da-propriedade-industrial\/\" target=\"_blank\" rel=\"noopener noreferrer nofollow\">governo.cv<\/a>)<\/p>\n\n\n\n<h2 class=\"wp-block-heading\" id=\"concluso\">Conclusion<\/h2>\n\n\n\n<p>A revis\u00e3o do quadro jur\u00eddico de propriedade intelectual em Cabo Verde, com destaque para a moderniza\u00e7\u00e3o do C\u00f3digo de Propriedade Industrial, representa um avan\u00e7o significativo na adapta\u00e7\u00e3o do pa\u00eds \u00e0s normas internacionais e \u00e0s necessidades locais. A introdu\u00e7\u00e3o de mecanismos para o registo internacional de marcas e patentes, bem como a prote\u00e7\u00e3o de novas categorias como conhecimento tradicional e variedades vegetais, reflete o compromisso de Cabo Verde em fomentar a inova\u00e7\u00e3o, preservar o patrim\u00f3nio cultural e promover a competitividade econ\u00f3mica. Contudo, a implementa\u00e7\u00e3o eficaz destas reformas exige investimentos em capacita\u00e7\u00e3o t\u00e9cnica e infraestrutura, al\u00e9m de uma maior sensibiliza\u00e7\u00e3o da popula\u00e7\u00e3o sobre a import\u00e2ncia da propriedade intelectual. (<a href=\"https:\/\/www.governo.cv\/cabo-verde-tera-ainda-este-ano-um-novo-codigo-de-propriedade-industrial\/\" target=\"_blank\" rel=\"noopener noreferrer nofollow\">Gouvernement du Cap-Vert<\/a>;&nbsp;<a href=\"https:\/\/igqpi.cv\/\" target=\"_blank\" rel=\"noopener noreferrer nofollow\">IGQPI<\/a>).<\/p>\n\n\n\n<p>A ades\u00e3o de Cabo Verde a tratados internacionais, como o Protocolo de Madrid e o Tratado de Coopera\u00e7\u00e3o em Mat\u00e9ria de Patentes (PCT), refor\u00e7a a integra\u00e7\u00e3o do pa\u00eds no com\u00e9rcio global, ao simplificar o registo de direitos de propriedade intelectual em m\u00faltiplos pa\u00edses. No entanto, a operacionaliza\u00e7\u00e3o local destes tratados enfrenta desafios relacionados com a escassez de recursos t\u00e9cnicos e humanos, bem como a necessidade de harmoniza\u00e7\u00e3o com outras legisla\u00e7\u00f5es nacionais. Paralelamente, a inclus\u00e3o de cl\u00e1usulas espec\u00edficas em contratos comerciais, como de licenciamento e transfer\u00eancia de tecnologia, \u00e9 essencial para garantir a prote\u00e7\u00e3o de ativos de propriedade intelectual e promover o desenvolvimento econ\u00f3mico. A colabora\u00e7\u00e3o com organiza\u00e7\u00f5es internacionais, como a Organiza\u00e7\u00e3o Mundial da Propriedade Intelectual (OMPI), ser\u00e1 crucial para superar estas limita\u00e7\u00f5es e maximizar os benef\u00edcios das reformas. (<a href=\"https:\/\/www.wipo.int\/portal\/en\/index.html\" target=\"_blank\" rel=\"noopener noreferrer nofollow\">OMPI<\/a>;&nbsp;<a href=\"https:\/\/inventa.com\/pt-pt\/cabo-verde-adere-a-tres-tratados-internacionais-no-ambito-da-propriedade-intelectual\" target=\"_blank\" rel=\"noopener noreferrer nofollow\">Inventa<\/a>).<\/p>\n\n\n\n<p>Em suma, o fortalecimento do regime jur\u00eddico de propriedade intelectual e a melhoria das pr\u00e1ticas contratuais em Cabo Verde t\u00eam o potencial de impulsionar a inova\u00e7\u00e3o, atrair investimentos e valorizar o patrim\u00f3nio cultural. Contudo, para alcan\u00e7ar estes objetivos, \u00e9 imprescind\u00edvel um esfor\u00e7o coordenado entre o governo, o setor privado e parceiros internacionais, com foco na capacita\u00e7\u00e3o t\u00e9cnica, sensibiliza\u00e7\u00e3o p\u00fablica e harmoniza\u00e7\u00e3o legislativa.<\/p>","protected":false},"excerpt":{"rendered":"<p>A prote\u00e7\u00e3o da propriedade intelectual (PI) e a regula\u00e7\u00e3o contratual desempenham um papel crucial no desenvolvimento econ\u00f3mico e social de Cabo Verde. O pa\u00eds tem vindo a modernizar o seu quadro legislativo, alinhando-se com os padr\u00f5es internacionais e promovendo um ambiente jur\u00eddico favor\u00e1vel \u00e0 inova\u00e7\u00e3o, ao com\u00e9rcio e ao investimento. Este esfor\u00e7o \u00e9 evidenciado pela [&hellip;]<\/p>\n","protected":false},"author":2,"featured_media":3546,"comment_status":"closed","ping_status":"open","sticky":false,"template":"","format":"standard","meta":{"_breakdance_hide_in_design_set":false,"_breakdance_tags":"","footnotes":""},"categories":[1,171,212],"tags":[],"class_list":["post-3518","post","type-post","status-publish","format-standard","has-post-thumbnail","hentry","category-blog","category-consultoria-empresarial","category-propriedade-intelectual"],"_links":{"self":[{"href":"https:\/\/consultoria.cv\/fr\/wp-json\/wp\/v2\/posts\/3518","targetHints":{"allow":["GET"]}}],"collection":[{"href":"https:\/\/consultoria.cv\/fr\/wp-json\/wp\/v2\/posts"}],"about":[{"href":"https:\/\/consultoria.cv\/fr\/wp-json\/wp\/v2\/types\/post"}],"author":[{"embeddable":true,"href":"https:\/\/consultoria.cv\/fr\/wp-json\/wp\/v2\/users\/2"}],"replies":[{"embeddable":true,"href":"https:\/\/consultoria.cv\/fr\/wp-json\/wp\/v2\/comments?post=3518"}],"version-history":[{"count":1,"href":"https:\/\/consultoria.cv\/fr\/wp-json\/wp\/v2\/posts\/3518\/revisions"}],"predecessor-version":[{"id":3519,"href":"https:\/\/consultoria.cv\/fr\/wp-json\/wp\/v2\/posts\/3518\/revisions\/3519"}],"wp:featuredmedia":[{"embeddable":true,"href":"https:\/\/consultoria.cv\/fr\/wp-json\/wp\/v2\/media\/3546"}],"wp:attachment":[{"href":"https:\/\/consultoria.cv\/fr\/wp-json\/wp\/v2\/media?parent=3518"}],"wp:term":[{"taxonomy":"category","embeddable":true,"href":"https:\/\/consultoria.cv\/fr\/wp-json\/wp\/v2\/categories?post=3518"},{"taxonomy":"post_tag","embeddable":true,"href":"https:\/\/consultoria.cv\/fr\/wp-json\/wp\/v2\/tags?post=3518"}],"curies":[{"name":"wp","href":"https:\/\/api.w.org\/{rel}","templated":true}]}}