{"id":3500,"date":"2025-08-01T00:07:00","date_gmt":"2025-08-01T01:07:00","guid":{"rendered":"https:\/\/consultoria.cv\/ministro-das-financas-reconhece-que-cabo-verde-enfrenta-emergencia-hidrica-e-energetica-balai-cabo-verde\/"},"modified":"2025-08-01T00:07:00","modified_gmt":"2025-08-01T01:07:00","slug":"ministro-das-financas-reconhece-que-cabo-verde-enfrenta-emergencia-hidrica-e-energetica-balai-cabo-verde","status":"publish","type":"post","link":"https:\/\/consultoria.cv\/fr\/ministro-das-financas-reconhece-que-cabo-verde-enfrenta-emergencia-hidrica-e-energetica-balai-cabo-verde\/","title":{"rendered":"Ministro das Finan\u00e7as reconhece que Cabo Verde enfrenta emerg\u00eancia h\u00eddrica e energ\u00e9tica &#8211; Balai Cabo Verde"},"content":{"rendered":"<div><a href=\"https:\/\/news.google.com\/rss\/articles\/CBMiyAFBVV95cUxNdnB6YVUyQ3kxak15ekkxSzVrZklvZENBcm5SME9ZQTBOc1FrOXZKblYwNk9IYmZsN002Zlc1bWE2cl80YzN0TDNLeVRCY1lNX1RwTTRpYTc2dHFReHRmbGNCVzV4ZmRzd19oRE8xOUJRU1MzZm1MOTM3eHRURVJiQVdFTWtpcVBZRWFUV3prcHJlY2lBUzhsNURSd0tlQ1Y1WFY5OFJKU3Jxb2FXQ3VqSmtrdEhiOEpUMmhnWFhCSTJVd043dzFBXw?oc=5\" target=\"_blank\" rel=\"noopener noreferrer nofollow\">Ministro das Finan\u00e7as reconhece que Cabo Verde enfrenta emerg\u00eancia h\u00eddrica e energ\u00e9tica<\/a>\u00a0\u00a0<font color=\"#6f6f6f\">Balai Cabo Verde<\/font><\/div>","protected":false},"excerpt":{"rendered":"<p>Ministro das Finan\u00e7as reconhece que Cabo Verde enfrenta emerg\u00eancia h\u00eddrica e energ\u00e9tica\u00a0\u00a0Balai Cabo Verde<\/p>","protected":false},"author":2,"featured_media":0,"comment_status":"closed","ping_status":"closed","sticky":false,"template":"","format":"standard","meta":{"_breakdance_hide_in_design_set":false,"_breakdance_tags":"","footnotes":""},"categories":[263],"tags":[264],"class_list":["post-3500","post","type-post","status-publish","format-standard","hentry","category-noticias","tag-noticias"],"_links":{"self":[{"href":"https:\/\/consultoria.cv\/fr\/wp-json\/wp\/v2\/posts\/3500","targetHints":{"allow":["GET"]}}],"collection":[{"href":"https:\/\/consultoria.cv\/fr\/wp-json\/wp\/v2\/posts"}],"about":[{"href":"https:\/\/consultoria.cv\/fr\/wp-json\/wp\/v2\/types\/post"}],"author":[{"embeddable":true,"href":"https:\/\/consultoria.cv\/fr\/wp-json\/wp\/v2\/users\/2"}],"replies":[{"embeddable":true,"href":"https:\/\/consultoria.cv\/fr\/wp-json\/wp\/v2\/comments?post=3500"}],"version-history":[{"count":0,"href":"https:\/\/consultoria.cv\/fr\/wp-json\/wp\/v2\/posts\/3500\/revisions"}],"wp:attachment":[{"href":"https:\/\/consultoria.cv\/fr\/wp-json\/wp\/v2\/media?parent=3500"}],"wp:term":[{"taxonomy":"category","embeddable":true,"href":"https:\/\/consultoria.cv\/fr\/wp-json\/wp\/v2\/categories?post=3500"},{"taxonomy":"post_tag","embeddable":true,"href":"https:\/\/consultoria.cv\/fr\/wp-json\/wp\/v2\/tags?post=3500"}],"curies":[{"name":"wp","href":"https:\/\/api.w.org\/{rel}","templated":true}]}}