{"id":3467,"date":"2025-07-16T14:56:50","date_gmt":"2025-07-16T15:56:50","guid":{"rendered":"https:\/\/consultoria.cv\/?p=3467"},"modified":"2025-07-24T15:14:58","modified_gmt":"2025-07-24T16:14:58","slug":"governo-trabalha-para-garantir-ligacoes-diarias-entre-sao-vicente-e-sao-nicolau","status":"publish","type":"post","link":"https:\/\/consultoria.cv\/fr\/governo-trabalha-para-garantir-ligacoes-diarias-entre-sao-vicente-e-sao-nicolau\/","title":{"rendered":"Governo Trabalha para Garantir Liga\u00e7\u00f5es Di\u00e1rias entre S\u00e3o Vicente e S\u00e3o Nicolau"},"content":{"rendered":"<p>O ministro dos Transportes e Turismo de Cabo Verde anunciou recentemente que o Governo est\u00e1 a desenvolver um projecto para assegurar liga\u00e7\u00f5es di\u00e1rias, seja por via a\u00e9rea ou mar\u00edtima, entre as ilhas de S\u00e3o Vicente e S\u00e3o Nicolau. Esta iniciativa visa melhorar a conectividade inter-ilhas, reconhecendo a forte rela\u00e7\u00e3o econ\u00f3mica, social e cultural entre estas duas regi\u00f5es. Segundo o ministro, a proposta inclui a cria\u00e7\u00e3o de uma intermodalidade eficiente, capaz de responder \u00e0s necessidades de mobilidade da popula\u00e7\u00e3o e do sector empresarial.<\/p>\n\n\n\n<p>A falta de liga\u00e7\u00f5es regulares entre S\u00e3o Vicente e S\u00e3o Nicolau tem sido apontada como um dos principais entraves ao desenvolvimento econ\u00f3mico local, afectando negativamente o turismo, o com\u00e9rcio e a circula\u00e7\u00e3o de bens e servi\u00e7os. Com este projecto, o Governo pretende n\u00e3o s\u00f3 facilitar o transporte de pessoas e mercadorias, mas tamb\u00e9m potenciar o turismo de natureza e sa\u00fade em S\u00e3o Nicolau, que apresenta um elevado potencial de crescimento.<\/p>\n\n\n\n<p>Esta medida poder\u00e1 ter um impacto significativo no dia a dia dos empres\u00e1rios cabo-verdianos, ao reduzir custos log\u00edsticos, aumentar a previsibilidade das opera\u00e7\u00f5es e fomentar novas oportunidades de investimento. Al\u00e9m disso, a melhoria da conectividade poder\u00e1 contribuir para uma maior integra\u00e7\u00e3o econ\u00f3mica entre as ilhas, promovendo o desenvolvimento sustent\u00e1vel e a competitividade regional.<\/p>\n\n\n\n<p>Para mais informa\u00e7\u00f5es sobre o an\u00fancio do ministro, consulte a reportagem da&nbsp;<a href=\"https:\/\/www.inforpress.cv\/governo-trabalha-para-garantir-ligacoes-diarias-entre-sao-vicente-e-sao-nicolau-ministro\" target=\"_blank\" rel=\"noopener noreferrer nofollow\">Inforpress<\/a>.<\/p>\n\n\n\n<h2 class=\"wp-block-heading\" id=\"impactodasligaesdiriassovicentesonicolaunaeconomialocal\">Impacto das liga\u00e7\u00f5es di\u00e1rias S\u00e3o Vicente-S\u00e3o Nicolau na economia local<\/h2>\n\n\n\n<h3 class=\"wp-block-heading\" id=\"melhorianamobilidadeereduodecustoslogsticos\">Melhoria na Mobilidade e Redu\u00e7\u00e3o de Custos Log\u00edsticos<\/h3>\n\n\n\n<p>A implementa\u00e7\u00e3o de liga\u00e7\u00f5es di\u00e1rias entre S\u00e3o Vicente e S\u00e3o Nicolau, seja por via a\u00e9rea ou mar\u00edtima, promete melhorar significativamente a mobilidade entre as duas ilhas. Actualmente, a aus\u00eancia de liga\u00e7\u00f5es directas ou frequentes tem sido um obst\u00e1culo para o transporte de mercadorias e pessoas, resultando em custos log\u00edsticos elevados para empres\u00e1rios locais. Com uma liga\u00e7\u00e3o di\u00e1ria, espera-se uma redu\u00e7\u00e3o nos custos de transporte de bens, especialmente para produtos perec\u00edveis, que frequentemente enfrentam atrasos devido \u00e0 irregularidade dos servi\u00e7os.<\/p>\n\n\n\n<p>Empresas que dependem do com\u00e9rcio inter-ilhas poder\u00e3o beneficiar de uma maior efici\u00eancia no escoamento de produtos, reduzindo perdas e aumentando a competitividade no mercado. Al\u00e9m disso, a simplifica\u00e7\u00e3o log\u00edstica pode atrair novos investimentos, uma vez que a conectividade \u00e9 um factor cr\u00edtico para o crescimento econ\u00f3mico regional.<\/p>\n\n\n\n<h3 class=\"wp-block-heading\" id=\"dinamizaodoturismointerilhas\">Dinamiza\u00e7\u00e3o do Turismo Inter-Ilhas<\/h3>\n\n\n\n<p>O turismo \u00e9 um dos sectores mais promissores em Cabo Verde, e a melhoria das liga\u00e7\u00f5es entre S\u00e3o Vicente e S\u00e3o Nicolau poder\u00e1 dinamizar o turismo inter-ilhas. S\u00e3o Nicolau, conhecida pelas suas paisagens naturais e trilhos para caminhadas, e S\u00e3o Vicente, com a sua vibrante vida cultural e eventos como o Festival da Ba\u00eda das Gatas, t\u00eam potencial para atrair turistas que desejam explorar ambas as ilhas numa \u00fanica viagem.<\/p>\n\n\n\n<p>A exist\u00eancia de liga\u00e7\u00f5es di\u00e1rias permitir\u00e1 aos operadores tur\u00edsticos criar pacotes mais atractivos e acess\u00edveis, aumentando o fluxo de turistas. Este aumento no turismo pode gerar receitas adicionais para hot\u00e9is, restaurantes e servi\u00e7os locais, fomentando o crescimento econ\u00f3mico e a cria\u00e7\u00e3o de emprego nas duas ilhas. <\/p>\n\n\n\n<h3 class=\"wp-block-heading\" id=\"facilitaonotransportededoenteseemergncias\">Facilita\u00e7\u00e3o no Transporte de Doentes e Emerg\u00eancias<\/h3>\n\n\n\n<p>A aus\u00eancia de liga\u00e7\u00f5es regulares entre S\u00e3o Vicente e S\u00e3o Nicolau tem dificultado o transporte de doentes e emerg\u00eancias m\u00e9dicas, uma quest\u00e3o frequentemente criticada por residentes e empres\u00e1rios locais. (<a href=\"https:\/\/mindelinsite.com\/atualidade\/governo-elimina-em-definitivo-ligacao-aerea-sao-vicente-sao-nicolau\/\" target=\"_blank\" rel=\"noopener noreferrer nofollow\">Mindel Insite<\/a>) <\/p>\n\n\n\n<p>Com a implementa\u00e7\u00e3o de liga\u00e7\u00f5es di\u00e1rias, espera-se uma melhoria significativa no acesso a cuidados m\u00e9dicos especializados, que muitas vezes est\u00e3o concentrados em S\u00e3o Vicente. <\/p>\n\n\n\n<p>Para os empres\u00e1rios, esta melhoria pode traduzir-se numa for\u00e7a de trabalho mais saud\u00e1vel e dispon\u00edvel, reduzindo aus\u00eancias prolongadas devido a dificuldades no acesso a tratamento m\u00e9dico. Al\u00e9m disso, a maior conectividade pode atrair profissionais de sa\u00fade e outros servi\u00e7os essenciais para S\u00e3o Nicolau, melhorando as condi\u00e7\u00f5es de vida e, consequentemente, a produtividade econ\u00f3mica da ilha. <\/p>\n\n\n\n<h3 class=\"wp-block-heading\" id=\"estmuloaocomrciolocaleexportaes\">Est\u00edmulo ao Com\u00e9rcio Local e Exporta\u00e7\u00f5es<\/h3>\n\n\n\n<p>A conectividade di\u00e1ria entre as ilhas pode servir como um catalisador para o com\u00e9rcio local, permitindo que produtos agr\u00edcolas e artesanais de S\u00e3o Nicolau alcancem mercados maiores em S\u00e3o Vicente e outras ilhas. Actualmente, os produtores enfrentam dificuldades em escoar os seus produtos devido \u00e0 irregularidade dos transportes, o que limita as oportunidades de expans\u00e3o.<\/p>\n\n\n\n<p>Com a melhoria das liga\u00e7\u00f5es, espera-se que os produtores possam aumentar a sua capacidade de exporta\u00e7\u00e3o, especialmente para mercados internacionais, utilizando S\u00e3o Vicente como ponto de liga\u00e7\u00e3o. Este est\u00edmulo ao com\u00e9rcio pode fortalecer a economia local, diversificar as fontes de rendimento e reduzir a depend\u00eancia de importa\u00e7\u00f5es. (<a href=\"https:\/\/casadicv.com\/pt\/blog\/Transporte\/viagens-inter-ilhas-em-Cabo-Verde\/\" target=\"_blank\" rel=\"noopener noreferrer nofollow\">Casa di CV<\/a>)<\/p>\n\n\n\n<h3 class=\"wp-block-heading\" id=\"impactonopreodastarifaseacessibilidade\">Impacto no Pre\u00e7o das Tarifas e Acessibilidade<\/h3>\n\n\n\n<p>Embora o governo tenha anunciado subs\u00eddios para tarifas a\u00e9reas em rotas com escala, a aus\u00eancia de subs\u00eddios para voos directos entre S\u00e3o Vicente e S\u00e3o Nicolau tem sido uma cr\u00edtica recorrente. Com liga\u00e7\u00f5es di\u00e1rias, espera-se que a concorr\u00eancia entre operadores de transporte resulte em tarifas mais acess\u00edveis, beneficiando tanto os empres\u00e1rios quanto os residentes.<\/p>\n\n\n\n<p>A redu\u00e7\u00e3o nos custos de transporte pode aumentar a frequ\u00eancia de viagens, promovendo uma maior integra\u00e7\u00e3o econ\u00f3mica entre as ilhas. Al\u00e9m disso, tarifas mais acess\u00edveis podem incentivar o uso regular dos servi\u00e7os de transporte, criando um ciclo positivo de aumento de receitas para as empresas de transporte e melhoria cont\u00ednua dos servi\u00e7os. <\/p>\n\n\n\n<h2 class=\"wp-block-heading\" id=\"benefciosparaosetorempresarialcaboverdiano\">Benef\u00edcios para o setor empresarial cabo-verdiano<\/h2>\n\n\n\n<h3 class=\"wp-block-heading\" id=\"incrementonaeficincialogsticaereduodecustosoperacionais\">Incremento na Efici\u00eancia Log\u00edstica e Redu\u00e7\u00e3o de Custos Operacionais<\/h3>\n\n\n\n<p>As liga\u00e7\u00f5es di\u00e1rias entre S\u00e3o Vicente e S\u00e3o Nicolau, via a\u00e9rea ou mar\u00edtima, prometem transformar a log\u00edstica empresarial em Cabo Verde. Atualmente, as empresas enfrentam desafios significativos devido \u00e0 irregularidade e escassez dos transportes inter-ilhas, o que resulta em atrasos na entrega de mercadorias e no aumento dos custos operacionais. Com a implementa\u00e7\u00e3o de uma conectividade regular, os empres\u00e1rios poder\u00e3o planear melhor as suas opera\u00e7\u00f5es, garantindo maior previsibilidade no transporte de bens e servi\u00e7os.<\/p>\n\n\n\n<p>Al\u00e9m disso, a redu\u00e7\u00e3o dos tempos de espera para o envio de produtos pode diminuir os custos associados ao armazenamento e \u00e0 deteriora\u00e7\u00e3o de bens perec\u00edveis, como produtos agr\u00edcolas e pescados. Esta melhoria \u00e9 particularmente relevante para os produtores de S\u00e3o Nicolau, que poder\u00e3o escoar os seus produtos com maior frequ\u00eancia para S\u00e3o Vicente, um dos principais centros econ\u00f3micos do arquip\u00e9lago. Isso tamb\u00e9m permitir\u00e1 que as empresas cabo-verdianas se tornem mais competitivas, tanto no mercado interno como no externo. (<a href=\"https:\/\/www.inforpress.cv\/ilha-do-sal-easy-jet-tem-impulsionado-crescimento-turistico-e-economico-de-cabo-verde-diz-ministro\" target=\"_blank\" rel=\"noopener noreferrer nofollow\">Inforpress<\/a>)<\/p>\n\n\n\n<h3 class=\"wp-block-heading\" id=\"expansodeoportunidadesdenegciosinterilhas\">Expans\u00e3o de Oportunidades de Neg\u00f3cios Inter-Ilhas<\/h3>\n\n\n\n<p>A conectividade di\u00e1ria entre as duas ilhas poder\u00e1 fomentar a cria\u00e7\u00e3o de novas oportunidades de neg\u00f3cios. Empresas de S\u00e3o Vicente, que j\u00e1 possuem uma infraestrutura empresarial mais desenvolvida, poder\u00e3o expandir as suas opera\u00e7\u00f5es para S\u00e3o Nicolau, aproveitando o potencial inexplorado da ilha. Por outro lado, os empres\u00e1rios de S\u00e3o Nicolau ter\u00e3o acesso facilitado a fornecedores, parceiros e mercados em S\u00e3o Vicente, o que poder\u00e1 estimular o crescimento de pequenas e m\u00e9dias empresas (PMEs).<\/p>\n\n\n\n<p>Setores como o com\u00e9rcio, a constru\u00e7\u00e3o civil e os servi\u00e7os poder\u00e3o beneficiar diretamente desta maior integra\u00e7\u00e3o econ\u00f3mica. Por exemplo, empresas de materiais de constru\u00e7\u00e3o em S\u00e3o Vicente poder\u00e3o fornecer produtos de forma mais eficiente para projetos em S\u00e3o Nicolau, enquanto empresas de servi\u00e7os, como consultorias e forma\u00e7\u00e3o, poder\u00e3o oferecer os seus servi\u00e7os em ambas as ilhas. Esta din\u00e2mica pode contribuir para o fortalecimento da economia regional e para a cria\u00e7\u00e3o de novos postos de trabalho. <\/p>\n\n\n\n<h3 class=\"wp-block-heading\" id=\"facilitaodeparceriascomerciaiseinvestimentos\">Facilita\u00e7\u00e3o de Parcerias Comerciais e Investimentos<\/h3>\n\n\n\n<p>A melhoria nas liga\u00e7\u00f5es entre S\u00e3o Vicente e S\u00e3o Nicolau tamb\u00e9m poder\u00e1 atrair investimentos externos e facilitar parcerias comerciais. A regularidade dos transportes \u00e9 um fator determinante para investidores que procuram estabilidade e previsibilidade nas opera\u00e7\u00f5es. Com as novas liga\u00e7\u00f5es di\u00e1rias, as ilhas poder\u00e3o tornar-se mais atrativas para investidores estrangeiros interessados em setores como o turismo, a pesca e a agricultura.<\/p>\n\n\n\n<p>Empresas internacionais que operam em S\u00e3o Vicente poder\u00e3o considerar S\u00e3o Nicolau como uma extens\u00e3o das suas opera\u00e7\u00f5es, aproveitando os recursos naturais e o potencial tur\u00edstico da ilha. Al\u00e9m disso, a conectividade poder\u00e1 incentivar a cria\u00e7\u00e3o de joint ventures entre empresas locais e estrangeiras, promovendo a transfer\u00eancia de tecnologia e know-how. Este cen\u00e1rio poder\u00e1 contribuir para a diversifica\u00e7\u00e3o da economia cabo-verdiana e para a redu\u00e7\u00e3o da depend\u00eancia de importa\u00e7\u00f5es. <\/p>\n\n\n\n<h3 class=\"wp-block-heading\" id=\"aumentodacompetitividadedasempresaslocais\">Aumento da Competitividade das Empresas Locais<\/h3>\n\n\n\n<p>A conectividade di\u00e1ria tamb\u00e9m poder\u00e1 aumentar a competitividade das empresas locais, permitindo-lhes competir em condi\u00e7\u00f5es mais favor\u00e1veis tanto no mercado interno como no internacional. A redu\u00e7\u00e3o dos custos de transporte e a maior efici\u00eancia log\u00edstica poder\u00e3o traduzir-se em pre\u00e7os mais competitivos para os consumidores, estimulando a procura por produtos e servi\u00e7os locais.<\/p>\n\n\n\n<p>Al\u00e9m disso, a maior integra\u00e7\u00e3o entre as ilhas poder\u00e1 promover a especializa\u00e7\u00e3o das empresas em determinados setores, criando clusters econ\u00f3micos que beneficiem de economias de escala. Por exemplo, S\u00e3o Nicolau poder\u00e1 especializar-se na produ\u00e7\u00e3o de determinados produtos agr\u00edcolas, enquanto S\u00e3o Vicente poder\u00e1 concentrar-se na transforma\u00e7\u00e3o e exporta\u00e7\u00e3o desses produtos. Esta complementaridade poder\u00e1 fortalecer a posi\u00e7\u00e3o de Cabo Verde no mercado global. (<a href=\"https:\/\/www.inforpress.cv\/ilha-do-sal-easy-jet-tem-impulsionado-crescimento-turistico-e-economico-de-cabo-verde-diz-ministro\" target=\"_blank\" rel=\"noopener noreferrer nofollow\">Inforpress<\/a>)<\/p>\n\n\n\n<h3 class=\"wp-block-heading\" id=\"estmuloaoempreendedorismoeinovao\">Est\u00edmulo ao Empreendedorismo e Inova\u00e7\u00e3o<\/h3>\n\n\n\n<p>Por fim, a melhoria das liga\u00e7\u00f5es entre S\u00e3o Vicente e S\u00e3o Nicolau poder\u00e1 estimular o empreendedorismo e a inova\u00e7\u00e3o nas duas ilhas. A maior acessibilidade e a redu\u00e7\u00e3o das barreiras log\u00edsticas poder\u00e3o incentivar o surgimento de novos neg\u00f3cios, especialmente em setores como o turismo, a tecnologia e os servi\u00e7os criativos.<\/p>\n\n\n\n<p>Empreendedores poder\u00e3o explorar nichos de mercado que antes eram invi\u00e1veis devido \u00e0s dificuldades de transporte, como o turismo inter-ilhas e a comercializa\u00e7\u00e3o de produtos artesanais. Al\u00e9m disso, a maior intera\u00e7\u00e3o entre empres\u00e1rios das duas ilhas poder\u00e1 fomentar a troca de ideias e a colabora\u00e7\u00e3o em projetos inovadores, contribuindo para o desenvolvimento de um ecossistema empresarial mais din\u00e2mico e resiliente. (<a href=\"https:\/\/expressodasilhas.cv\/economia\/2015\/08\/23\/cabo-verde-arquipelago-das-ilhas-distantes\/45626\" target=\"_blank\" rel=\"noopener noreferrer nofollow\">Island Express<\/a>)<\/p>\n\n\n\n<h2 class=\"wp-block-heading\" id=\"desafioseestratgiasparaimplementaodoprojetodeconectividade\">Desafios e estrat\u00e9gias para implementa\u00e7\u00e3o do projeto de conectividade<\/h2>\n\n\n\n<h3 class=\"wp-block-heading\" id=\"desafiosinfraestruturaiselogsticos\">Desafios Infraestruturais e Log\u00edsticos<\/h3>\n\n\n\n<p>A implementa\u00e7\u00e3o de liga\u00e7\u00f5es di\u00e1rias entre S\u00e3o Vicente e S\u00e3o Nicolau enfrenta desafios significativos no que diz respeito \u00e0 infraestrutura portu\u00e1ria e \u00e0 capacidade log\u00edstica. Atualmente, a infraestrutura existente em ambas as ilhas apresenta limita\u00e7\u00f5es que dificultam a opera\u00e7\u00e3o de servi\u00e7os regulares e eficientes de transporte mar\u00edtimo e a\u00e9reo. Portos como o de S\u00e3o Nicolau, por exemplo, necessitam de melhorias para suportar um aumento no volume de tr\u00e1fego de passageiros e mercadorias. O&nbsp;<a href=\"https:\/\/www.visit-caboverde.com\/viajar-entre-as-ilhas-de-cabo-verde\/pelo-mar\" target=\"_blank\" rel=\"noopener noreferrer nofollow\">Navio D. Tututa<\/a>, que opera na Linha Triangular Quinzenal, j\u00e1 enfrenta dificuldades para atender \u00e0 demanda crescente, especialmente em per\u00edodos de pico.<\/p>\n\n\n\n<p>Al\u00e9m disso, a falta de sincroniza\u00e7\u00e3o entre os diferentes modos de transporte, como mar\u00edtimo e a\u00e9reo, dificulta a conectividade intermodal. A aus\u00eancia de um sistema integrado de gest\u00e3o de transporte agrava os atrasos e aumenta os custos operacionais para operadores e utilizadores. A solu\u00e7\u00e3o para esses desafios requer investimentos em infraestrutura portu\u00e1ria, como a expans\u00e3o de cais e melhoria de equipamentos de carga e descarga, al\u00e9m da moderniza\u00e7\u00e3o dos terminais aeroportu\u00e1rios.<\/p>\n\n\n\n<h3 class=\"wp-block-heading\" id=\"sustentabilidadefinanceiraeoperacional\">Sustentabilidade Financeira e Operacional<\/h3>\n\n\n\n<p>Outro obst\u00e1culo cr\u00edtico \u00e9 a sustentabilidade financeira e operacional do projeto. A manuten\u00e7\u00e3o de liga\u00e7\u00f5es di\u00e1rias exige um modelo de neg\u00f3cios que equilibre os custos operacionais com tarifas acess\u00edveis para os utilizadores. Atualmente, o transporte mar\u00edtimo inter-ilhas em Cabo Verde enfrenta dificuldades financeiras devido \u00e0 baixa densidade populacional em algumas ilhas e \u00e0 sazonalidade da demanda. Por exemplo, ilhas como S\u00e3o Nicolau, apesar de seu potencial tur\u00edstico, ainda n\u00e3o possuem um fluxo constante de passageiros e mercadorias que justifique economicamente opera\u00e7\u00f5es di\u00e1rias.<\/p>\n\n\n\n<p>O governo cabo-verdiano, em parceria com entidades internacionais como o Banco Mundial, est\u00e1 a desenvolver pol\u00edticas para tornar o mercado de transporte dom\u00e9stico mais sustent\u00e1vel (<a href=\"https:\/\/www.mf.gov.cv\/web\/mf\/-\/estudo-sobre-a-melhoria-dos-transportes-para-o-turismo-em-cabo-verde\" target=\"_blank\" rel=\"noopener noreferrer nofollow\">Minist\u00e8re des finances<\/a>). Estas incluem subs\u00eddios para operadores, incentivos fiscais e a cria\u00e7\u00e3o de um fundo de estabiliza\u00e7\u00e3o para cobrir per\u00edodos de baixa demanda. No entanto, a implementa\u00e7\u00e3o dessas medidas requer uma coordena\u00e7\u00e3o eficaz entre os setores p\u00fablico e privado.<\/p>\n\n\n\n<h3 class=\"wp-block-heading\" id=\"integraotecnolgicaedigitalizao\">Integra\u00e7\u00e3o Tecnol\u00f3gica e Digitaliza\u00e7\u00e3o<\/h3>\n\n\n\n<p>A integra\u00e7\u00e3o tecnol\u00f3gica \u00e9 essencial para melhorar a efici\u00eancia e a gest\u00e3o das opera\u00e7\u00f5es de transporte entre S\u00e3o Vicente e S\u00e3o Nicolau. Atualmente, a falta de sistemas digitais para reservas, rastreamento de mercadorias e coordena\u00e7\u00e3o de hor\u00e1rios resulta em inefici\u00eancias operacionais e insatisfa\u00e7\u00e3o dos utilizadores. A ado\u00e7\u00e3o de plataformas digitais pode facilitar a gest\u00e3o de reservas, otimizar rotas e melhorar a experi\u00eancia do utilizador.<\/p>\n\n\n\n<p>Al\u00e9m disso, a digitaliza\u00e7\u00e3o pode ajudar a reduzir os custos administrativos e operacionais para os operadores, tornando os servi\u00e7os mais acess\u00edveis. O governo, atrav\u00e9s da Estrat\u00e9gia Nacional para o Mar (<a href=\"https:\/\/www.governo.cv\/governo-aprova-estrategia-que-guiara-o-futuro-maritimo-sustentavel-de-cabo-verde\/\" target=\"_blank\" rel=\"noopener noreferrer nofollow\">ENM 2023-2033<\/a>), j\u00e1 identificou a economia digital como uma das \u00e1reas priorit\u00e1rias para o desenvolvimento do setor mar\u00edtimo, mas a implementa\u00e7\u00e3o pr\u00e1tica ainda est\u00e1 em fases iniciais.<\/p>\n\n\n\n<h3 class=\"wp-block-heading\" id=\"coordenaointerinstitucionaleenvolvimentocomunitrio\">Coordena\u00e7\u00e3o Interinstitucional e Envolvimento Comunit\u00e1rio<\/h3>\n\n\n\n<p>A coordena\u00e7\u00e3o entre diferentes n\u00edveis de governo, operadores privados e comunidades locais \u00e9 outro desafio significativo. A falta de alinhamento entre as pol\u00edticas nacionais e as necessidades locais pode atrasar a implementa\u00e7\u00e3o do projeto. Por exemplo, enquanto o governo central prioriza a conectividade inter-ilhas como parte de sua estrat\u00e9gia de desenvolvimento, as autoridades locais podem enfrentar dificuldades em mobilizar recursos e implementar mudan\u00e7as necess\u00e1rias.<\/p>\n\n\n\n<p>Al\u00e9m disso, o envolvimento das comunidades locais \u00e9 crucial para o sucesso do projeto. A popula\u00e7\u00e3o e os empres\u00e1rios de ilhas como S\u00e3o Nicolau t\u00eam expressado preocupa\u00e7\u00f5es sobre a falta de solu\u00e7\u00f5es de transporte adequadas (<a href=\"https:\/\/asemana.cv\/internacional\/88-manchetes\/16141-populacao-e-empresarios-pedem-solucoes-para-ligacoes-maritimas-em-cabo-verde\" target=\"_blank\" rel=\"noopener noreferrer nofollow\">La semaine<\/a>). Garantir a participa\u00e7\u00e3o ativa dessas partes interessadas no planejamento e na execu\u00e7\u00e3o do projeto pode ajudar a identificar solu\u00e7\u00f5es pr\u00e1ticas e aumentar a aceita\u00e7\u00e3o local.<\/p>\n\n\n\n<h3 class=\"wp-block-heading\" id=\"estratgiasdepromooesustentaodoturismo\">Estrat\u00e9gias de Promo\u00e7\u00e3o e Sustenta\u00e7\u00e3o do Turismo<\/h3>\n\n\n\n<p>O turismo sustent\u00e1vel \u00e9 uma oportunidade estrat\u00e9gica para viabilizar economicamente as liga\u00e7\u00f5es di\u00e1rias entre S\u00e3o Vicente e S\u00e3o Nicolau. Ambas as ilhas possuem potencial tur\u00edstico significativo, com S\u00e3o Nicolau destacando-se por suas paisagens naturais e cultura local. No entanto, a falta de conectividade tem limitado o crescimento do setor.<\/p>\n\n\n\n<p>Para superar esse desafio, o governo est\u00e1 a investir em campanhas de promo\u00e7\u00e3o tur\u00edstica e em parcerias com operadores internacionais para atrair visitantes. A diversifica\u00e7\u00e3o do turismo, com foco em ecoturismo e experi\u00eancias culturais, pode aumentar a demanda por servi\u00e7os de transporte entre as ilhas, tornando as opera\u00e7\u00f5es mais vi\u00e1veis economicamente (<a href=\"https:\/\/consultoria.cv\/fr\/le-cap-vert-un-marche-en-pleine-expansion-pour-les-investisseurs-visionnaires\/\">Conseil en CV<\/a>).<\/p>\n\n\n\n<h3 class=\"wp-block-heading\" id=\"mitigaodeimpactosambientais\">Mitiga\u00e7\u00e3o de Impactos Ambientais<\/h3>\n\n\n\n<p>A implementa\u00e7\u00e3o de liga\u00e7\u00f5es di\u00e1rias tamb\u00e9m deve considerar os impactos ambientais. O aumento do tr\u00e1fego mar\u00edtimo e a\u00e9reo pode resultar em emiss\u00f5es de carbono mais elevadas e em impactos negativos nos ecossistemas marinhos. A Estrat\u00e9gia Nacional para o Mar inclui a\u00e7\u00f5es para promover a sustentabilidade ambiental, como a ado\u00e7\u00e3o de tecnologias de transporte mais limpas e a prote\u00e7\u00e3o de \u00e1reas costeiras sens\u00edveis (<a href=\"https:\/\/www.governo.cv\/governo-aprova-estrategia-que-guiara-o-futuro-maritimo-sustentavel-de-cabo-verde\/\" target=\"_blank\" rel=\"noopener noreferrer nofollow\">Gouvernement du Cap-Vert<\/a>).<\/p>\n\n\n\n<p>A introdu\u00e7\u00e3o de embarca\u00e7\u00f5es e aeronaves com menor pegada de carbono, bem como a implementa\u00e7\u00e3o de pr\u00e1ticas operacionais sustent\u00e1veis, s\u00e3o medidas essenciais para mitigar esses impactos. Al\u00e9m disso, a sensibiliza\u00e7\u00e3o das comunidades locais e dos operadores sobre a import\u00e2ncia da sustentabilidade ambiental pode contribuir para a preserva\u00e7\u00e3o dos recursos naturais das ilhas.<\/p>\n\n\n\n<p>Embora a implementa\u00e7\u00e3o de liga\u00e7\u00f5es di\u00e1rias entre S\u00e3o Vicente e S\u00e3o Nicolau enfrente desafios significativos, as estrat\u00e9gias propostas, como investimentos em infraestrutura, digitaliza\u00e7\u00e3o, promo\u00e7\u00e3o tur\u00edstica e sustentabilidade ambiental, oferecem um caminho vi\u00e1vel para superar esses obst\u00e1culos. A colabora\u00e7\u00e3o entre o governo, o setor privado e as comunidades locais ser\u00e1 essencial para transformar este projeto em uma realidade que beneficie a economia e a qualidade de vida em Cabo Verde.<\/p>\n\n\n\n<h3 class=\"wp-block-heading\" id=\"concluso\">Conclusion<\/h3>\n\n\n\n<p>A implementa\u00e7\u00e3o de liga\u00e7\u00f5es di\u00e1rias entre S\u00e3o Vicente e S\u00e3o Nicolau, seja por via a\u00e9rea ou mar\u00edtima, apresenta-se como uma iniciativa estrat\u00e9gica com potencial para transformar a din\u00e2mica socioecon\u00f3mica das duas ilhas. Este projeto promete melhorar significativamente a mobilidade, reduzir custos log\u00edsticos e dinamizar setores como o com\u00e9rcio, o turismo e a sa\u00fade. A conectividade di\u00e1ria poder\u00e1 beneficiar diretamente os empres\u00e1rios cabo-verdianos, ao facilitar o escoamento de produtos, atrair novos investimentos e criar oportunidades de neg\u00f3cios inter-ilhas. Al\u00e9m disso, a redu\u00e7\u00e3o de barreiras log\u00edsticas e a maior previsibilidade nas opera\u00e7\u00f5es comerciais poder\u00e3o aumentar a competitividade das empresas locais, tanto no mercado interno como no externo.<\/p>\n\n\n\n<p>No entanto, a concretiza\u00e7\u00e3o deste projeto enfrenta desafios importantes, como a necessidade de investimentos em infraestrutura portu\u00e1ria e aeroportu\u00e1ria, a sustentabilidade financeira das opera\u00e7\u00f5es e a mitiga\u00e7\u00e3o de impactos ambientais. Estrat\u00e9gias como a digitaliza\u00e7\u00e3o dos servi\u00e7os de transporte, a promo\u00e7\u00e3o de turismo sustent\u00e1vel e a ado\u00e7\u00e3o de tecnologias mais limpas s\u00e3o essenciais para garantir o sucesso e a viabilidade a longo prazo desta iniciativa. A colabora\u00e7\u00e3o entre o governo, o setor privado e as comunidades locais ser\u00e1 determinante para superar os obst\u00e1culos e maximizar os benef\u00edcios econ\u00f3micos e sociais. Este projeto, se bem implementado, poder\u00e1 n\u00e3o apenas fortalecer a integra\u00e7\u00e3o regional, mas tamb\u00e9m impulsionar o desenvolvimento econ\u00f3mico de Cabo Verde, criando um ambiente mais favor\u00e1vel para o empreendedorismo e a inova\u00e7\u00e3o. Para mais informa\u00e7\u00f5es sobre o impacto do transporte inter-ilhas, consulte&nbsp;<a href=\"https:\/\/www.inforpress.cv\/ilha-do-sal-easy-jet-tem-impulsionado-crescimento-turistico-e-economico-de-cabo-verde-diz-ministro\" target=\"_blank\" rel=\"noopener noreferrer nofollow\">Inforpress<\/a>&nbsp;e&nbsp;<a href=\"https:\/\/expressodasilhas.cv\/economia\/2018\/06\/02\/falta-de-ligacao-aerea-a-sao-vicente-prejudica-empresarios\/58352\" target=\"_blank\" rel=\"noopener noreferrer nofollow\">Island Express<\/a>.<\/p>","protected":false},"excerpt":{"rendered":"<p>O ministro dos Transportes e Turismo de Cabo Verde anunciou recentemente que o Governo est\u00e1 a desenvolver um projecto para assegurar liga\u00e7\u00f5es di\u00e1rias, seja por via a\u00e9rea ou mar\u00edtima, entre as ilhas de S\u00e3o Vicente e S\u00e3o Nicolau. Esta iniciativa visa melhorar a conectividade inter-ilhas, reconhecendo a forte rela\u00e7\u00e3o econ\u00f3mica, social e cultural entre estas [&hellip;]<\/p>\n","protected":false},"author":2,"featured_media":3468,"comment_status":"closed","ping_status":"open","sticky":false,"template":"","format":"standard","meta":{"_breakdance_hide_in_design_set":false,"_breakdance_tags":"","footnotes":""},"categories":[1,171],"tags":[],"class_list":["post-3467","post","type-post","status-publish","format-standard","has-post-thumbnail","hentry","category-blog","category-consultoria-empresarial"],"_links":{"self":[{"href":"https:\/\/consultoria.cv\/fr\/wp-json\/wp\/v2\/posts\/3467","targetHints":{"allow":["GET"]}}],"collection":[{"href":"https:\/\/consultoria.cv\/fr\/wp-json\/wp\/v2\/posts"}],"about":[{"href":"https:\/\/consultoria.cv\/fr\/wp-json\/wp\/v2\/types\/post"}],"author":[{"embeddable":true,"href":"https:\/\/consultoria.cv\/fr\/wp-json\/wp\/v2\/users\/2"}],"replies":[{"embeddable":true,"href":"https:\/\/consultoria.cv\/fr\/wp-json\/wp\/v2\/comments?post=3467"}],"version-history":[{"count":1,"href":"https:\/\/consultoria.cv\/fr\/wp-json\/wp\/v2\/posts\/3467\/revisions"}],"predecessor-version":[{"id":3469,"href":"https:\/\/consultoria.cv\/fr\/wp-json\/wp\/v2\/posts\/3467\/revisions\/3469"}],"wp:featuredmedia":[{"embeddable":true,"href":"https:\/\/consultoria.cv\/fr\/wp-json\/wp\/v2\/media\/3468"}],"wp:attachment":[{"href":"https:\/\/consultoria.cv\/fr\/wp-json\/wp\/v2\/media?parent=3467"}],"wp:term":[{"taxonomy":"category","embeddable":true,"href":"https:\/\/consultoria.cv\/fr\/wp-json\/wp\/v2\/categories?post=3467"},{"taxonomy":"post_tag","embeddable":true,"href":"https:\/\/consultoria.cv\/fr\/wp-json\/wp\/v2\/tags?post=3467"}],"curies":[{"name":"wp","href":"https:\/\/api.w.org\/{rel}","templated":true}]}}