{"id":3446,"date":"2025-07-01T00:04:12","date_gmt":"2025-07-01T01:04:12","guid":{"rendered":"https:\/\/consultoria.cv\/projecto-padrinhos-do-mar-reforca-compromisso-com-sustentabilidade-dos-oceanos\/"},"modified":"2025-07-01T00:04:12","modified_gmt":"2025-07-01T01:04:12","slug":"projecto-padrinhos-do-mar-reforca-compromisso-com-sustentabilidade-dos-oceanos","status":"publish","type":"post","link":"https:\/\/consultoria.cv\/fr\/projecto-padrinhos-do-mar-reforca-compromisso-com-sustentabilidade-dos-oceanos\/","title":{"rendered":"Projecto \u201cPadrinhos do Mar\u201d  refor\u00e7a compromisso com sustentabilidade dos oceanos"},"content":{"rendered":"<div>\n<p>O apadrinhamento de praias representa uma iniciativa \u201cmuito importante para a sustentabilidade e gest\u00e3o mais equilibrada dos oceanos\u201d, afirmou o Ministro do Mar, Jorge Santos, na manh\u00e3 desta sexta-feira, 27, durante a cerim\u00f3nia de \u201cbaptismo\u201d da praia de Ba\u00eda das Gatas, pela Autoridade da Zona Econ\u00f3mica Especial Mar\u00edtima de S\u00e3o Vicente (AZEEM).<\/p>\n<p>Na ocasi\u00e3o, estiveram presentes a Administra\u00e7\u00e3o da AZEEM, t\u00e9cnicos da institui\u00e7\u00e3o, e diversos alunos de v\u00e1rias escolas de S\u00e3o Vicente, que participaram na campanha de limpeza organizada pela AZEEM. Durante o evento, foi inaugurada uma rampa de madeira destinada a pessoas com defici\u00eancia, oferta do padrinho da praia, gesto que mereceu o agradecimento p\u00fablico do Ministro do Mar.<\/p>\n<p>O governante destacou a import\u00e2ncia da AZEEM enquanto institui\u00e7\u00e3o estrat\u00e9gica para o desenvolvimento sustent\u00e1vel da ilha de S\u00e3o Vicente, sublinhou que este apadrinhamento da praia integra-se nas atividades do \u201cM\u00eas dos Oceanos\u201d, lembrando que uma das maiores amea\u00e7as enfrentadas atualmente pelos oceanos \u00e9 a polui\u00e7\u00e3o, sobretudo a provocada pelo pl\u00e1stico.<\/p>\n<p>Defendendo ser necess\u00e1rio tratar o mar como uma pedra preciosa, sustentando que o mar \u201c\u00e9 nossa maior riqueza\u201d, o Ministro acrescentou que a participa\u00e7\u00e3o das crian\u00e7as nestas iniciativas \u00e9 essencial para a constru\u00e7\u00e3o de uma nova mentalidade em rela\u00e7\u00e3o ao cuidado com o oceano.<\/p>\n<p>O governante enalteceu o \u201ctrabalho pedag\u00f3gico\u201d desenvolvido pela Dire\u00e7\u00e3o Nacional de Pol\u00edticas do Mar, que tem mobilizado cada vez mais institui\u00e7\u00f5es p\u00fablicas e privadas a aderirem \u00e0 estrat\u00e9gia de apadrinhamento de praias.<\/p>\n<p>Atualmente, o n\u00famero de praias apadrinhadas em Cabo Verde continua a crescer, destacando Boa Vista (As Gatas e Praia Diante); Santiago (Prainha, Quebra Canela, Praia Negra e Portinho); S\u00e3o Nicolau (Campo Pedrada); Santo Ant\u00e3o (Curraletes) e em S\u00e3o Vicente (Praia do Bote, S\u00e3o Pedro, Praia Grande, Matiota, Cova de Inglesa, Norte Ba\u00eda e agora Ba\u00eda das Gatas). Duas outras praias, localizadas nas ilhas do Sal e de S\u00e3o Vicente, encontram-se em processo de apadrinhamento.<\/p>\n<p>Por fim, o Ministro refor\u00e7ou que cada padrinho tem a miss\u00e3o de promover a mensagem da prote\u00e7\u00e3o e sustentabilidade dos oceanos, recordando que, de acordo com dados oficiais, Cabo Verde n\u00e3o figura entre os pa\u00edses com mares mais polu\u00eddos. \u201cO nosso mar \u00e9 limpo, mas queremos que seja cada vez mais limpo\u201d, concluiu.<\/p>\n<p>\u00a0<\/p>\n<p>O post <a rel=\"nofollow\" href=\"https:\/\/www.governo.cv\/apadrinhamento-de-praias-reforca-compromisso-com-sustentabilidade-dos-oceanos\/\" target=\"_blank\">Projecto \u201cPadrinhos do Mar\u201d  refor\u00e7a compromisso com sustentabilidade dos oceanos<\/a> apareceu primeiro em <a rel=\"nofollow\" href=\"https:\/\/www.governo.cv\/\" target=\"_blank\">Gouvernement du Cap-Vert<\/a>.<\/p>\n<\/div>","protected":false},"excerpt":{"rendered":"<p>O apadrinhamento de praias representa uma iniciativa \u201cmuito importante para a sustentabilidade e gest\u00e3o mais equilibrada dos oceanos\u201d, afirmou o Ministro do Mar, Jorge Santos, na manh\u00e3 desta sexta-feira, 27, durante a cerim\u00f3nia de \u201cbaptismo\u201d da praia de Ba\u00eda das Gatas, pela Autoridade da Zona Econ\u00f3mica Especial Mar\u00edtima de S\u00e3o Vicente (AZEEM). Na ocasi\u00e3o, estiveram [&hellip;]<\/p>\n","protected":false},"author":2,"featured_media":0,"comment_status":"closed","ping_status":"closed","sticky":false,"template":"","format":"standard","meta":{"_breakdance_hide_in_design_set":false,"_breakdance_tags":"","footnotes":""},"categories":[263],"tags":[264],"class_list":["post-3446","post","type-post","status-publish","format-standard","hentry","category-noticias","tag-noticias"],"_links":{"self":[{"href":"https:\/\/consultoria.cv\/fr\/wp-json\/wp\/v2\/posts\/3446","targetHints":{"allow":["GET"]}}],"collection":[{"href":"https:\/\/consultoria.cv\/fr\/wp-json\/wp\/v2\/posts"}],"about":[{"href":"https:\/\/consultoria.cv\/fr\/wp-json\/wp\/v2\/types\/post"}],"author":[{"embeddable":true,"href":"https:\/\/consultoria.cv\/fr\/wp-json\/wp\/v2\/users\/2"}],"replies":[{"embeddable":true,"href":"https:\/\/consultoria.cv\/fr\/wp-json\/wp\/v2\/comments?post=3446"}],"version-history":[{"count":0,"href":"https:\/\/consultoria.cv\/fr\/wp-json\/wp\/v2\/posts\/3446\/revisions"}],"wp:attachment":[{"href":"https:\/\/consultoria.cv\/fr\/wp-json\/wp\/v2\/media?parent=3446"}],"wp:term":[{"taxonomy":"category","embeddable":true,"href":"https:\/\/consultoria.cv\/fr\/wp-json\/wp\/v2\/categories?post=3446"},{"taxonomy":"post_tag","embeddable":true,"href":"https:\/\/consultoria.cv\/fr\/wp-json\/wp\/v2\/tags?post=3446"}],"curies":[{"name":"wp","href":"https:\/\/api.w.org\/{rel}","templated":true}]}}