{"id":3396,"date":"2025-06-18T10:13:02","date_gmt":"2025-06-18T11:13:02","guid":{"rendered":"https:\/\/consultoria.cv\/?p=3396"},"modified":"2025-06-08T13:50:27","modified_gmt":"2025-06-08T14:50:27","slug":"rempe-renforcer-lesprit-dentreprise-et-les-micro-entreprises-au-cap-vert","status":"publish","type":"post","link":"https:\/\/consultoria.cv\/fr\/rempe-fortalecendo-o-empreendedorismo-e-as-microempresas-em-cabo-verde\/","title":{"rendered":"REMPE : Renforcement de l'esprit d'entreprise et des micro-entreprises au Cap-Vert"},"content":{"rendered":"<p>Le r\u00e9gime sp\u00e9cial pour les micro et petites entreprises (REMPE) a jou\u00e9 un r\u00f4le crucial dans le renforcement du tissu entrepreneurial capverdien depuis sa mise en \u0153uvre en 2014, par le biais de la loi 70\/VIII\/2014. Ce r\u00e9gime a \u00e9t\u00e9 con\u00e7u pour promouvoir la comp\u00e9titivit\u00e9, la productivit\u00e9 et la formalisation des micro et petites entreprises, contribuant ainsi au d\u00e9veloppement \u00e9conomique durable de l'archipel. R\u00e9cemment, le gouvernement cap-verdien a introduit des changements significatifs au REMPE, dans le but de cr\u00e9er un environnement plus favorable \u00e0 la croissance des entreprises et \u00e0 l'inclusion des petits investisseurs. Ces mesures comprennent des exon\u00e9rations fiscales, la simplification des proc\u00e9dures administratives et des incitations sp\u00e9cifiques pour des secteurs strat\u00e9giques tels que le tourisme et les \u00e9nergies renouvelables (<a href=\"https:\/\/www.mf.gov.cv\/-\/governo-aprova-um-conjunto-de-incentivos-e-altera%C3%A7%C3%B5es-fiscais-em-sede-do-rempe\" target=\"_blank\" rel=\"noopener noreferrer nofollow\">Minist\u00e8re des finances<\/a>).<\/p>\n\n\n\n<p>La pr\u00e9dominance des micro-entreprises dans le pays, qui repr\u00e9sentent environ 14 940 entreprises, souligne l'importance d'un r\u00e9gime juridique qui r\u00e9ponde aux besoins de ce segment. Ces entreprises, qui emploient jusqu'\u00e0 cinq travailleurs et fonctionnent avec un chiffre d'affaires limit\u00e9, sont confront\u00e9es \u00e0 des d\u00e9fis tels que l'acc\u00e8s au financement et la bureaucratie. Le REMPE est apparu comme une solution pour encourager la formalisation et la durabilit\u00e9 de ces initiatives, en favorisant la cr\u00e9ation d'emplois et le d\u00e9veloppement local (<a href=\"https:\/\/www.bancobai.cv\/noticias\/microempresas-dominam-tecido-empresarial\" target=\"_blank\" rel=\"noopener noreferrer nofollow\">BAI Bank Cap-Vert<\/a>).<\/p>\n\n\n\n<p>En outre, des initiatives telles que l'atelier promu par l'Organisation internationale du travail (OIT) en 2024, avec le soutien du Grand-Duch\u00e9 de Luxembourg, renforcent l'importance d'adapter le REMPE aux exigences actuelles. Cet \u00e9v\u00e9nement a permis de discuter des propositions de r\u00e9forme du r\u00e9gime, en mettant l'accent sur la r\u00e9duction des barri\u00e8res fiscales et sociales afin de cr\u00e9er un environnement plus inclusif et favorable \u00e0 l'esprit d'entreprise (<a href=\"https:\/\/mindelinsite.com\/economia\/oit-realiza-atelier-para-validar-regime-juridico-das-empresas-rempe\/\" target=\"_blank\" rel=\"noopener noreferrer nofollow\">Mindel Insite<\/a>).<\/p>\n\n\n\n<p>Ce rapport explore l'impact du REMPE sur l'\u00e9cosyst\u00e8me des entreprises cap-verdiennes, en analysant ses contributions \u00e0 la croissance \u00e9conomique, les d\u00e9fis auxquels sont confront\u00e9es les micro et petites entreprises, et les opportunit\u00e9s \u00e9mergentes pour l'avenir.<\/p>\n\n\n\n<h2 class=\"wp-block-heading\" id=\"estruturaeobjectivosdoregimejurdicodasmicroepequenasempresasrempe\">Structure et objectifs du cadre juridique pour les micro et petites entreprises (REMPE)<\/h2>\n\n\n\n<h3 class=\"wp-block-heading\" id=\"promoodacompetitividadeeprodutividade\">Promouvoir la comp\u00e9titivit\u00e9 et la productivit\u00e9<\/h3>\n\n\n\n<p>Le r\u00e9gime juridique des micro et petites entreprises (REMPE) a \u00e9t\u00e9 cr\u00e9\u00e9 dans le but de stimuler la comp\u00e9titivit\u00e9 et la productivit\u00e9 des micro et petites entreprises au Cap-Vert. Ce r\u00e9gime est r\u00e9gi par la loi 70\/VIII\/2014, approuv\u00e9e le 26 ao\u00fbt 2014, et a subi d'importantes modifications pour s'adapter aux besoins du secteur des entreprises. Le REMPE vise \u00e0 cr\u00e9er des conditions favorables pour que ces entreprises puissent \u00eatre plus comp\u00e9titives sur le march\u00e9, contribuant ainsi \u00e0 la croissance \u00e9conomique du pays.<\/p>\n\n\n\n<p>Parmi les principaux m\u00e9canismes de promotion de la comp\u00e9titivit\u00e9, la simplification des processus fiscaux et administratifs se distingue, en r\u00e9duisant les charges bureaucratiques qui rendent souvent difficile le fonctionnement des petites entreprises. Le REMPE encourage \u00e9galement l'innovation et l'adoption de bonnes pratiques commerciales, favorisant ainsi la modernisation des entreprises (<a href=\"https:\/\/proempresa.cv\/index.php\/promocao-empresarial-3\/rempe\" target=\"_blank\" rel=\"noopener noreferrer nofollow\">Soci\u00e9t\u00e9 Pro<\/a>)<\/p>\n\n\n\n<h3 class=\"wp-block-heading\" id=\"formalizaoedesenvolvimentoempresarial\">Formalisation et d\u00e9veloppement des entreprises<\/h3>\n\n\n\n<p>Un autre objectif central du REMPE est la formalisation des entreprises informelles, un d\u00e9fi important au Cap-Vert. L'informalit\u00e9 dans le secteur des entreprises est un obstacle \u00e0 la croissance durable, car elle limite l'acc\u00e8s au financement, au soutien technique et \u00e0 d'autres ressources essentielles. Le REMPE propose des incitations fiscales et administratives pour encourager les entreprises informelles \u00e0 s'enregistrer et \u00e0 op\u00e9rer dans le cadre l\u00e9gal.<\/p>\n\n\n\n<p>La formalisation offre des avantages tels que l'acc\u00e8s aux programmes de financement et \u00e0 l'assistance technique, ainsi que la possibilit\u00e9 de participer \u00e0 des appels d'offres publics et \u00e0 des partenariats avec des institutions gouvernementales. Ce processus renforce \u00e9galement la transparence et la cr\u00e9dibilit\u00e9 des entreprises aupr\u00e8s de leurs clients et partenaires. <\/p>\n\n\n\n<h3 class=\"wp-block-heading\" id=\"simplificaofiscaletributria\">Simplification fiscale<\/h3>\n\n\n\n<p>Le REMPE a introduit la taxe sp\u00e9ciale unifi\u00e9e (TEU), un m\u00e9canisme qui simplifie la fiscalit\u00e9 pour les micro et petites entreprises. Cet imp\u00f4t est pr\u00e9lev\u00e9 sur le chiffre d'affaires des entreprises, ce qui \u00e9limine la n\u00e9cessit\u00e9 d'une comptabilit\u00e9 organis\u00e9e selon les termes du Syst\u00e8me national de comptabilit\u00e9 et d'information financi\u00e8re (SNCRF). Ainsi, les entreprises couvertes par le REMPE ne sont pas oblig\u00e9es d'engager des comptables \u00e0 des fins fiscales, ce qui r\u00e9duit consid\u00e9rablement les co\u00fbts d'exploitation.<\/p>\n\n\n\n<p>En outre, le r\u00e9gime stipule qu'aucune cotisation fiscale ne sera \u00e9tablie pour les montants inf\u00e9rieurs \u00e0 1 000 escudos cap-verdiens (environ 9 euros), ce qui repr\u00e9sente un all\u00e8gement fiscal pour les petites entreprises. Ce syst\u00e8me vise non seulement \u00e0 faciliter l'accomplissement des obligations fiscales, mais aussi \u00e0 accro\u00eetre l'adh\u00e9sion au r\u00e9gime formel. <\/p>\n\n\n\n<h3 class=\"wp-block-heading\" id=\"definiodemicroepequenasempresas\">D\u00e9finition des micro et petites entreprises<\/h3>\n\n\n\n<p>Selon l'article 3 de la loi 70\/VIII\/2014, les micro et petites entreprises sont d\u00e9finies en fonction du nombre d'employ\u00e9s et du chiffre d'affaires annuel. Les micro-entreprises sont celles qui emploient jusqu'\u00e0 5 travailleurs et\/ou dont le chiffre d'affaires annuel brut ne d\u00e9passe pas 5 000 000 escudos cap-verdiens. Les petites entreprises, quant \u00e0 elles, emploient entre 5 et 10 travailleurs, avec un chiffre d'affaires sup\u00e9rieur \u00e0 5 000 000 et inf\u00e9rieur \u00e0 10 000 000 d'escudos cap-verdiens. Les entreprises qui d\u00e9passent ces limites sont soumises au syst\u00e8me de comptabilit\u00e9 organis\u00e9e.<\/p>\n\n\n\n<p>Cette cat\u00e9gorisation permet d'appliquer plus efficacement les politiques publiques, en adaptant les incitations et les obligations fiscales aux caract\u00e9ristiques sp\u00e9cifiques de chaque type d'entreprise. <\/p>\n\n\n\n<h3 class=\"wp-block-heading\" id=\"alteraeslegislativaseimpactonosectorempresarial\">Changements l\u00e9gislatifs et impact sur le secteur des entreprises<\/h3>\n\n\n\n<p>Depuis sa cr\u00e9ation, le REMPE a fait l'objet de plusieurs modifications l\u00e9gislatives, telles que le d\u00e9cret-loi 12\/2016, entr\u00e9 en vigueur le 2 mars 2016. Ce d\u00e9cret a clarifi\u00e9 des aspects cruciaux du r\u00e9gime, notamment la m\u00e9thode de r\u00e8glement des TEU et les sanctions en cas de non-respect des obligations fiscales. Les changements visaient \u00e0 rendre le r\u00e9gime plus accessible et plus efficace, en r\u00e9ponse aux critiques et aux suggestions du secteur des entreprises.<\/p>\n\n\n\n<p>Ces changements ont eu un impact positif sur l'environnement des entreprises au Cap-Vert, en encourageant la formalisation des soci\u00e9t\u00e9s et en augmentant la collecte des imp\u00f4ts. En outre, le r\u00e9gime a contribu\u00e9 \u00e0 la cr\u00e9ation d'emplois et \u00e0 la diversification de l'\u00e9conomie, facteurs essentiels pour le d\u00e9veloppement durable du pays (<a href=\"https:\/\/boe.incv.cv\/Bulletins\/View\/22811\" target=\"_blank\" rel=\"noopener noreferrer nofollow\">Bulletin officiel du Cap-Vert<\/a>)<\/p>\n\n\n\n<h2 class=\"wp-block-heading\" id=\"impactodorempenoempreendedorismoedesenvolvimentodasmicroempresas\">L'impact du REMPE sur l'esprit d'entreprise et le d\u00e9veloppement des micro-entreprises<\/h2>\n\n\n\n<h3 class=\"wp-block-heading\" id=\"estmuloaoempreendedorismojovem\">Stimuler l'esprit d'entreprise chez les jeunes<\/h3>\n\n\n\n<p>Le r\u00e9gime sp\u00e9cial pour les micro et petites entreprises (REMPE) a jou\u00e9 un r\u00f4le crucial dans l'encouragement de l'esprit d'entreprise chez les jeunes au Cap-Vert. Ce r\u00e9gime offre des avantages significatifs, tels que des exon\u00e9rations fiscales et des co\u00fbts administratifs r\u00e9duits, qui facilitent l'entr\u00e9e des jeunes sur le march\u00e9 des affaires. En outre, le REMPE encourage la cr\u00e9ation de lignes de cr\u00e9dit subventionn\u00e9es, permettant aux entrepreneurs d'acc\u00e9der au financement \u00e0 des conditions plus favorables. Ce soutien financier est particuli\u00e8rement important pour les jeunes qui ont des difficult\u00e9s \u00e0 obtenir un capital de d\u00e9part aupr\u00e8s des institutions bancaires traditionnelles (<a href=\"https:\/\/cabowork.com\/pt-pt\/jovens-empreendedorismo-cabo-verde-pro-empresa\/\" target=\"_blank\" rel=\"noopener noreferrer nofollow\">CaboWork<\/a>)<\/p>\n\n\n\n<p>En outre, le REMPE est compl\u00e9t\u00e9 par des programmes tels que \u201cStartUp Jovem\u201d, qui offre une formation, un mentorat et un acc\u00e8s aux r\u00e9seaux, renfor\u00e7ant ainsi les comp\u00e9tences des jeunes entrepreneurs. Cet ensemble d'initiatives a contribu\u00e9 \u00e0 la diversification de l'\u00e9conomie cap-verdienne en encourageant la cr\u00e9ation d'entreprises innovantes dans des secteurs tels que la technologie, le tourisme et les services.<\/p>\n\n\n\n<h3 class=\"wp-block-heading\" id=\"acessofacilitadoacontratospblicos\">Acc\u00e8s facilit\u00e9 aux march\u00e9s publics<\/h3>\n\n\n\n<p>Un autre impact significatif du REMPE est la priorit\u00e9 accord\u00e9e aux micro et petites entreprises dans les march\u00e9s publics et les contrats de sous-traitance. Ce m\u00e9canisme de discrimination positive permet aux entreprises inscrites au programme d'acc\u00e9der \u00e0 des opportunit\u00e9s commerciales qui auraient \u00e9t\u00e9 auparavant hors de leur port\u00e9e. La pr\u00e9f\u00e9rence dans les contrats de travaux publics et la fourniture de services cr\u00e9e un environnement plus inclusif, encourageant la formalisation et la croissance des entreprises locales (<a href=\"https:\/\/proempresa.cv\/index.php\/promocao-empresarial\/rempe-2\" target=\"_blank\" rel=\"noopener noreferrer nofollow\">Soci\u00e9t\u00e9 Pro<\/a>)<\/p>\n\n\n\n<p>Cet avantage n'accro\u00eet pas seulement la comp\u00e9titivit\u00e9 des entreprises, mais contribue \u00e9galement \u00e0 leur viabilit\u00e9 financi\u00e8re en garantissant un flux constant de recettes provenant des march\u00e9s publics. Cet impact est particuli\u00e8rement important dans les r\u00e9gions les plus recul\u00e9es, o\u00f9 les opportunit\u00e9s commerciales sont souvent limit\u00e9es.<\/p>\n\n\n\n<h3 class=\"wp-block-heading\" id=\"reduodainformalidadenosectorempresarial\">R\u00e9duire l'informalit\u00e9 dans le secteur des entreprises<\/h3>\n\n\n\n<p>Bien que la formalisation des entreprises ait \u00e9t\u00e9 abord\u00e9e dans les rapports pr\u00e9c\u00e9dents, cette section se concentre sur l'impact direct du REMPE sur la r\u00e9duction de l'informalit\u00e9. Gr\u00e2ce \u00e0 des incitations fiscales et \u00e0 la simplification des proc\u00e9dures administratives, le r\u00e9gime a encourag\u00e9 les entreprises informelles \u00e0 l\u00e9galiser leurs activit\u00e9s. Ce processus am\u00e9liore non seulement la transparence du march\u00e9, mais aussi la collecte des imp\u00f4ts, ce qui permet au gouvernement de r\u00e9investir dans des programmes de soutien \u00e0 l'esprit d'entreprise. )<\/p>\n\n\n\n<p>En outre, la formalisation permet aux entreprises d'acc\u00e9der \u00e0 des avantages tels que l'assurance sociale pour leurs travailleurs et des programmes de formation technique, ce qui augmente la qualit\u00e9 des services fournis et la satisfaction des clients.<\/p>\n\n\n\n<h3 class=\"wp-block-heading\" id=\"incentivosfiscaisparaasustentabilidadeempresarial\">Incitations fiscales en faveur du d\u00e9veloppement durable des entreprises<\/h3>\n\n\n\n<p>Le REMPE a introduit des mesures fiscales visant \u00e0 all\u00e9ger la charge fiscale des micro et petites entreprises et \u00e0 promouvoir leur viabilit\u00e9 \u00e0 long terme. Ces mesures comprennent des exon\u00e9rations fiscales pour les entreprises dont les revenus sont inf\u00e9rieurs \u00e0 un certain seuil et la cr\u00e9ation de la taxe sp\u00e9ciale unifi\u00e9e (TEU), qui simplifie l'accomplissement des obligations fiscales. <\/p>\n\n\n\n<p>Ces initiatives r\u00e9duisent les co\u00fbts d'exploitation des entreprises, ce qui leur permet de r\u00e9investir dans des domaines strat\u00e9giques tels que l'innovation, le marketing et l'expansion. Cet impact est particuli\u00e8rement \u00e9vident dans des secteurs tels que le commerce et les services, o\u00f9 la faiblesse des marges b\u00e9n\u00e9ficiaires peut constituer un obstacle \u00e0 la croissance.<\/p>\n\n\n\n<h3 class=\"wp-block-heading\" id=\"promoodaigualdadedeoportunidades\">Promouvoir l'\u00e9galit\u00e9 des chances<\/h3>\n\n\n\n<p>Le REMPE a \u00e9galement contribu\u00e9 \u00e0 promouvoir l'\u00e9galit\u00e9 des chances sur le march\u00e9 des entreprises cap-verdiennes. En offrant des avantages uniformes \u00e0 toutes les micro et petites entreprises, ind\u00e9pendamment de leur localisation ou de leur secteur d'activit\u00e9, le r\u00e9gime contribue \u00e0 uniformiser les r\u00e8gles du jeu. Ceci est particuli\u00e8rement important dans les r\u00e9gions p\u00e9riph\u00e9riques, o\u00f9 l'acc\u00e8s aux ressources et aux opportunit\u00e9s est souvent limit\u00e9.<\/p>\n\n\n\n<p>En outre, le r\u00e9gime encourage la participation des femmes et d'autres groupes sous-repr\u00e9sent\u00e9s dans le secteur des entreprises gr\u00e2ce \u00e0 des programmes sp\u00e9cifiques de soutien et de formation. Cet impact social refl\u00e8te l'engagement du gouvernement \u00e0 promouvoir un d\u00e9veloppement \u00e9conomique inclusif et durable (<a href=\"https:\/\/cabowork.com\/pt-pt\/jovens-empreendedorismo-cabo-verde-pro-empresa\/\" target=\"_blank\" rel=\"noopener noreferrer nofollow\">CaboWork<\/a>)<\/p>\n\n\n\n<h2 class=\"wp-block-heading\" id=\"programasdecapacitaoeformaoempresarial\">Programmes de formation pour les entreprises<\/h2>\n\n\n\n<h3 class=\"wp-block-heading\" id=\"incubadoraseaceleradorasdenegcios\">Incubateurs et acc\u00e9l\u00e9rateurs d'entreprises<\/h3>\n\n\n\n<p>Les incubateurs et les acc\u00e9l\u00e9rateurs jouent un r\u00f4le crucial dans le soutien aux start-ups et aux micro-entreprises au Cap-Vert. Ces initiatives offrent un soutien technique, un mentorat et un acc\u00e8s \u00e0 des r\u00e9seaux de contacts strat\u00e9giques, aidant ainsi les entrepreneurs \u00e0 transformer leurs id\u00e9es en entreprises durables. Le Centre d'incubation d'entreprises (BIC), par exemple, est une r\u00e9f\u00e9rence en mati\u00e8re de soutien aux jeunes entrepreneurs, favorisant l'innovation et la comp\u00e9titivit\u00e9 sur le march\u00e9. En outre, des programmes tels que le Startup Challenge, en partenariat avec JovEmprego Cabo Verde, ont contribu\u00e9 \u00e0 la formation des entrepreneurs par le biais d'ateliers et de s\u00e9ances de mentorat (<a href=\"https:\/\/consultoria.cv\/fr\/programas-de-aceleracao-empresarial-em-cabo-verde-oportunidades-e-participacao\/\">conseil.cv<\/a>)<\/p>\n\n\n\n<h3 class=\"wp-block-heading\" id=\"formaotcnicaedesenvolvimentodecompetncias\">Formation technique et d\u00e9veloppement des comp\u00e9tences<\/h3>\n\n\n\n<p>La formation continue est essentielle pour renforcer l'esprit d'entreprise au Cap-Vert. Des programmes tels que \u201cStartUp Jovem\u201d offrent une formation sp\u00e9cialis\u00e9e dans des domaines tels que la gestion d'entreprise, le marketing num\u00e9rique et l'innovation technologique. Ces initiatives visent \u00e0 pr\u00e9parer les entrepreneurs aux d\u00e9fis du march\u00e9 mondialis\u00e9, en promouvant la modernisation de leurs entreprises. En outre, le gouvernement a investi dans des partenariats avec des institutions acad\u00e9miques pour d\u00e9velopper des cours techniques et des programmes de certification adapt\u00e9s aux besoins du march\u00e9 local. (<a href=\"https:\/\/expressodasilhas.cv\/politica\/2025\/05\/07\/cabo-verde-quer-elevar-participacao-da-economia-digital-no-pib-para-25\/96914\" target=\"_blank\" rel=\"noopener noreferrer nofollow\">expressodasilhas.cv<\/a>)<\/p>\n\n\n\n<h2 class=\"wp-block-heading\" id=\"incentivosfinanceiroseapoioaofinanciamento\">Incitations financi\u00e8res et aide au financement<\/h2>\n\n\n\n<h3 class=\"wp-block-heading\" id=\"fundomorabezaecrowdfunding\">Fonds Morabeza et crowdfunding<\/h3>\n\n\n\n<p>Le fonds Morabeza, financ\u00e9 par la Banque africaine de d\u00e9veloppement (BAD) \u00e0 hauteur de 24 millions d'euros, est une initiative structurante visant \u00e0 favoriser l'entrepreneuriat num\u00e9rique et technologique au Cap-Vert. Ce fonds propose des financements aux start-ups et aux micro-entreprises, en mettant l'accent sur des secteurs strat\u00e9giques tels que les fintechs et le commerce \u00e9lectronique. En outre, les plateformes de crowdfunding ont gagn\u00e9 en importance en tant que m\u00e9canismes de financement alternatifs, permettant aux entrepreneurs d'acc\u00e9der au capital d'une mani\u00e8re plus accessible et plus diversifi\u00e9e. (<a href=\"https:\/\/www.diarioeconomico.co.mz\/2025\/05\/03\/mundo\/africa\/cabo-verde-bad-financia-inovacao-digital-com-mais-de-25-milhoes-de-dolares\/\" target=\"_blank\" rel=\"noopener noreferrer nofollow\">diarioeconomico.co.mz<\/a>)<\/p>\n\n\n\n<h3 class=\"wp-block-heading\" id=\"linhasdecrditobonificado\">Lignes de cr\u00e9dit subventionn\u00e9es<\/h3>\n\n\n\n<p>En plus du Fonds Morabeza, le gouvernement cap-verdien a encourag\u00e9 les lignes de cr\u00e9dit subventionn\u00e9es pour les micro et petites entreprises. Ces lignes de cr\u00e9dit offrent des conditions avantageuses, telles que des taux d'int\u00e9r\u00eat r\u00e9duits et des p\u00e9riodes de paiement \u00e9tendues, facilitant l'acc\u00e8s au capital n\u00e9cessaire \u00e0 la croissance de l'entreprise. Ce soutien financier est particuli\u00e8rement utile pour les entrepreneurs qui ont des difficult\u00e9s \u00e0 obtenir un financement aupr\u00e8s des institutions bancaires traditionnelles (<a href=\"https:\/\/consultoria.cv\/fr\/lesprit-dentreprise-au-cap-vert-tendances-et-opportunites-pour-2025\/\">conseil.cv<\/a>)<\/p>\n\n\n\n<h2 class=\"wp-block-heading\" id=\"parceriaspblicoprivadaseinvestimentointernacional\">Partenariats public-priv\u00e9 et investissements internationaux<\/h2>\n\n\n\n<h3 class=\"wp-block-heading\" id=\"colaboraesestratgicas\">Collaborations strat\u00e9giques<\/h3>\n\n\n\n<p>Les partenariats public-priv\u00e9 ont jou\u00e9 un r\u00f4le fondamental dans le d\u00e9veloppement de l'esprit d'entreprise au Cap-Vert. Ces collaborations permettent de mobiliser des ressources et de mettre en \u0153uvre des projets qui b\u00e9n\u00e9ficient \u00e0 la fois au secteur public et au secteur priv\u00e9. Un exemple est le partenariat entre le gouvernement et des entreprises internationales telles que Starlink et Airtel, qui visent \u00e0 am\u00e9liorer l'infrastructure num\u00e9rique du pays. Ces initiatives permettent non seulement de renforcer l'\u00e9cosyst\u00e8me entrepreneurial, mais aussi d'attirer les investissements \u00e9trangers, consolidant ainsi le Cap-Vert en tant que p\u00f4le d'innovation dans la r\u00e9gion. (<a href=\"https:\/\/expressodasilhas.cv\/politica\/2025\/05\/07\/cabo-verde-quer-elevar-participacao-da-economia-digital-no-pib-para-25\/96914\" target=\"_blank\" rel=\"noopener noreferrer nofollow\">expressodasilhas.cv<\/a>)<\/p>\n\n\n\n<h3 class=\"wp-block-heading\" id=\"apoiodeorganizaesinternacionais\">Soutien des organisations internationales<\/h3>\n\n\n\n<p>Des organisations telles que la Banque africaine de d\u00e9veloppement et l'Union europ\u00e9enne ont jou\u00e9 un r\u00f4le important dans le financement de projets d'entrepreneuriat au Cap-Vert. Ce soutien comprend des subventions pour le d\u00e9veloppement des technologies num\u00e9riques, des programmes de formation et des initiatives de durabilit\u00e9. Cette implication internationale renforce la capacit\u00e9 du pays \u00e0 mettre en \u0153uvre des projets \u00e0 grande \u00e9chelle et \u00e0 accro\u00eetre la comp\u00e9titivit\u00e9 de ses entreprises sur le march\u00e9 mondial. (<a href=\"https:\/\/www.diarioeconomico.co.mz\/2025\/05\/03\/mundo\/africa\/cabo-verde-bad-financia-inovacao-digital-com-mais-de-25-milhoes-de-dolares\/\" target=\"_blank\" rel=\"noopener noreferrer nofollow\">diarioeconomico.co.mz<\/a>)<\/p>\n\n\n\n<h2 class=\"wp-block-heading\" id=\"infraestruturasdesuporteaoempreendedorismo\">Infrastructures de soutien \u00e0 l'esprit d'entreprise<\/h2>\n\n\n\n<h3 class=\"wp-block-heading\" id=\"espaosdecoworkingecentrostecnolgicos\">Espaces de coworking et centres technologiques<\/h3>\n\n\n\n<p>Le d\u00e9veloppement d'infrastructures ad\u00e9quates est essentiel au succ\u00e8s de l'entrepreneuriat au Cap-Vert. Les espaces de coworking, tels que ceux promus par Cabo Verde Digital, offrent des environnements collaboratifs o\u00f9 les entrepreneurs peuvent partager des ressources et des id\u00e9es. En outre, le parc technologique de Mindelo, qui a r\u00e9cemment ouvert ses portes, repr\u00e9sente une \u00e9tape importante dans le soutien \u00e0 l'\u00e9conomie num\u00e9rique, en donnant acc\u00e8s \u00e0 des technologies avanc\u00e9es et \u00e0 des possibilit\u00e9s de mise en r\u00e9seau. <\/p>\n\n\n\n<h3 class=\"wp-block-heading\" id=\"programasdeincubaoeacelerao\">Programmes d'incubation et d'acc\u00e9l\u00e9ration<\/h3>\n\n\n\n<p>Les programmes d'incubation et d'acc\u00e9l\u00e9ration sont une autre composante essentielle de l'infrastructure de soutien. Ces programmes offrent un soutien technique, une formation et un acc\u00e8s au financement, ce qui permet aux startups de valider et de d\u00e9velopper leurs mod\u00e8les d'entreprise. L'\u00e9conomie bleue, le tourisme durable et les \u00e9nergies renouvelables sont quelques-uns des secteurs strat\u00e9giques soutenus par ces initiatives, qui visent \u00e0 promouvoir le d\u00e9veloppement \u00e9conomique durable du pays (<a href=\"https:\/\/consultoria.cv\/fr\/programas-de-aceleracao-empresarial-em-cabo-verde-oportunidades-e-participacao\/\">conseil.cv<\/a>)<\/p>\n\n\n\n<h2 class=\"wp-block-heading\" id=\"promoodaeconomiadigitaletecnolgica\">Promouvoir l'\u00e9conomie num\u00e9rique et technologique<\/h2>\n\n\n\n<h3 class=\"wp-block-heading\" id=\"estratgianacionalparaaeconomiadigital\">Strat\u00e9gie nationale pour l'\u00e9conomie num\u00e9rique<\/h3>\n\n\n\n<p>La strat\u00e9gie nationale pour l'\u00e9conomie num\u00e9rique est un pilier central du renforcement de l'esprit d'entreprise au Cap-Vert. Cette strat\u00e9gie comprend la mise en \u0153uvre du portail unique de services num\u00e9riques et le d\u00e9veloppement d'un centre d'innovation fintech, qui visent \u00e0 faciliter l'acc\u00e8s aux services num\u00e9riques et \u00e0 promouvoir l'innovation technologique. L'objectif est d'augmenter la part de l'\u00e9conomie num\u00e9rique dans le PIB \u00e0 25% d'ici 2025, en cr\u00e9ant des emplois de qualit\u00e9 et en stimulant l'entrepreneuriat des jeunes. (<a href=\"https:\/\/expressodasilhas.cv\/politica\/2025\/05\/07\/cabo-verde-quer-elevar-participacao-da-economia-digital-no-pib-para-25\/96914\" target=\"_blank\" rel=\"noopener noreferrer nofollow\">expressodasilhas.cv<\/a>)<\/p>\n\n\n\n<h3 class=\"wp-block-heading\" id=\"apoioastartupstecnolgicas\">Soutien aux entreprises technologiques en phase de d\u00e9marrage<\/h3>\n\n\n\n<p>Le gouvernement cap-verdien a donn\u00e9 la priorit\u00e9 au soutien des startups technologiques, en offrant des incitations fiscales et l'acc\u00e8s \u00e0 des programmes de financement. Ces mesures sont compl\u00e9t\u00e9es par des initiatives telles que le projet d'innovation Morabeza, qui vise \u00e0 acc\u00e9l\u00e9rer la transformation num\u00e9rique et \u00e0 attirer les talents, y compris les nomades num\u00e9riques. Cet accent mis sur la technologie positionne le Cap-Vert comme une destination attrayante pour les entrepreneurs et les investisseurs internationaux. (<a href=\"https:\/\/www.diarioeconomico.co.mz\/2025\/05\/03\/mundo\/africa\/cabo-verde-bad-financia-inovacao-digital-com-mais-de-25-milhoes-de-dolares\/\" target=\"_blank\" rel=\"noopener noreferrer nofollow\">diarioeconomico.co.mz<\/a>)<\/p>\n\n\n\n<h2 class=\"wp-block-heading\" id=\"concluso\">Conclusion<\/h2>\n\n\n\n<p>Le r\u00e9gime juridique des micro et petites entreprises (REMPE) s'est av\u00e9r\u00e9 \u00eatre un outil strat\u00e9gique pour renforcer l'esprit d'entreprise et le d\u00e9veloppement des micro et petites entreprises au Cap-Vert. Gr\u00e2ce \u00e0 des mesures telles que la simplification fiscale, l'introduction de la taxe sp\u00e9ciale unifi\u00e9e (TEU) et la r\u00e9duction des charges administratives, le r\u00e9gime a favoris\u00e9 la comp\u00e9titivit\u00e9 et la viabilit\u00e9 des entreprises. En outre, le REMPE a jou\u00e9 un r\u00f4le crucial dans la formalisation des entreprises informelles, leur permettant d'acc\u00e9der au financement, \u00e0 l'assistance technique et aux opportunit\u00e9s de march\u00e9s publics, contribuant ainsi \u00e0 une plus grande transparence et \u00e0 une meilleure collecte de l'imp\u00f4t dans le pays. Ces initiatives ont favoris\u00e9 la modernisation des entreprises et la diversification \u00e9conomique, avec un impact positif sur la cr\u00e9ation d'emplois et la croissance durable. <\/p>\n\n\n\n<p>Un autre aspect important est l'encouragement de l'entrepreneuriat jeune et technologique, avec des programmes tels que \u201cStartUp Jovem\u201d et le Fonds Morabeza qui offrent un financement, une formation et un soutien technique. Ces initiatives, associ\u00e9es au d\u00e9veloppement d'infrastructures telles que le parc technologique de Mindelo et les espaces de coworking, ont consolid\u00e9 le Cap-Vert en tant que p\u00f4le d'innovation dans la r\u00e9gion. La strat\u00e9gie nationale pour l'\u00e9conomie num\u00e9rique, qui vise \u00e0 augmenter la part de l'\u00e9conomie num\u00e9rique dans le PIB \u00e0 25% d'ici 2025, renforce cet engagement. Toutefois, pour maximiser l'impact du REMPE, il sera essentiel de continuer \u00e0 investir dans les partenariats public-priv\u00e9, la formation des entreprises et les politiques d'inclusion qui promeuvent l'\u00e9galit\u00e9 des chances sur l'ensemble du territoire. <\/p>","protected":false},"excerpt":{"rendered":"<p>O Regime Especial das Micro e Pequenas Empresas (REMPE) tem desempenhado um papel crucial no fortalecimento do tecido empresarial em Cabo Verde desde a sua implementa\u00e7\u00e3o em 2014, atrav\u00e9s da Lei n.\u00ba 70\/VIII\/2014. Este regime foi concebido para promover a competitividade, produtividade e formaliza\u00e7\u00e3o das micro e pequenas empresas, contribuindo para o desenvolvimento econ\u00f3mico sustent\u00e1vel [&hellip;]<\/p>\n","protected":false},"author":2,"featured_media":3429,"comment_status":"closed","ping_status":"open","sticky":false,"template":"","format":"standard","meta":{"_breakdance_hide_in_design_set":false,"_breakdance_tags":"","footnotes":""},"categories":[1],"tags":[],"class_list":["post-3396","post","type-post","status-publish","format-standard","has-post-thumbnail","hentry","category-blog"],"_links":{"self":[{"href":"https:\/\/consultoria.cv\/fr\/wp-json\/wp\/v2\/posts\/3396","targetHints":{"allow":["GET"]}}],"collection":[{"href":"https:\/\/consultoria.cv\/fr\/wp-json\/wp\/v2\/posts"}],"about":[{"href":"https:\/\/consultoria.cv\/fr\/wp-json\/wp\/v2\/types\/post"}],"author":[{"embeddable":true,"href":"https:\/\/consultoria.cv\/fr\/wp-json\/wp\/v2\/users\/2"}],"replies":[{"embeddable":true,"href":"https:\/\/consultoria.cv\/fr\/wp-json\/wp\/v2\/comments?post=3396"}],"version-history":[{"count":2,"href":"https:\/\/consultoria.cv\/fr\/wp-json\/wp\/v2\/posts\/3396\/revisions"}],"predecessor-version":[{"id":3430,"href":"https:\/\/consultoria.cv\/fr\/wp-json\/wp\/v2\/posts\/3396\/revisions\/3430"}],"wp:featuredmedia":[{"embeddable":true,"href":"https:\/\/consultoria.cv\/fr\/wp-json\/wp\/v2\/media\/3429"}],"wp:attachment":[{"href":"https:\/\/consultoria.cv\/fr\/wp-json\/wp\/v2\/media?parent=3396"}],"wp:term":[{"taxonomy":"category","embeddable":true,"href":"https:\/\/consultoria.cv\/fr\/wp-json\/wp\/v2\/categories?post=3396"},{"taxonomy":"post_tag","embeddable":true,"href":"https:\/\/consultoria.cv\/fr\/wp-json\/wp\/v2\/tags?post=3396"}],"curies":[{"name":"wp","href":"https:\/\/api.w.org\/{rel}","templated":true}]}}