{"id":3389,"date":"2025-06-01T00:10:19","date_gmt":"2025-06-01T01:10:19","guid":{"rendered":"https:\/\/consultoria.cv\/vinte-e-um-formandos-concluem-curso-basico-em-tecnicas-de-tratamento-e-gestao-documental\/"},"modified":"2025-06-01T00:10:19","modified_gmt":"2025-06-01T01:10:19","slug":"vinte-e-um-formandos-concluem-curso-basico-em-tecnicas-de-tratamento-e-gestao-documental","status":"publish","type":"post","link":"https:\/\/consultoria.cv\/fr\/vinte-e-um-formandos-concluem-curso-basico-em-tecnicas-de-tratamento-e-gestao-documental\/","title":{"rendered":"Vinte e um formandos concluem curso b\u00e1sico em T\u00e9cnicas de Tratamento e Gest\u00e3o Documental"},"content":{"rendered":"<div>\n<p>Pouco mais de duas dezenas de jovens conclu\u00edram, esta sexta-feira, 30 de maio, o curso b\u00e1sico em T\u00e9cnicas de Tratamento e Gest\u00e3o Documental, promovido pelo Instituto do Arquivo Nacional de Cabo Verde (IANCV), em parceria com o Instituto do Emprego e Forma\u00e7\u00e3o Profissional (IEFP). O ato de encerramento, foi presidido pelo Ministro da Moderniza\u00e7\u00e3o do Estado e da Administra\u00e7\u00e3o P\u00fablica, que, na ocasi\u00e3o, destacou a sinergia entre a Administra\u00e7\u00e3o P\u00fablica e o setor da forma\u00e7\u00e3o profissional.<\/p>\n<p>\u201cEsta a\u00e7\u00e3o de forma\u00e7\u00e3o combina quase tudo aquilo que \u00e9 o programa que n\u00f3s temos em mat\u00e9ria, seja da Administra\u00e7\u00e3o P\u00fablica, seja do sistema de emprego e forma\u00e7\u00e3o profissional, porque, ao mesmo tempo que consolidamos a qualidade da Administra\u00e7\u00e3o P\u00fablica, preservando a nossa hist\u00f3ria e as informa\u00e7\u00f5es relevantes, promovemos, simultaneamente, a qualifica\u00e7\u00e3o profissional para o emprego\u201d, afirmou Eurico Monteiro, que tamb\u00e9m tutela o setor do emprego e da forma\u00e7\u00e3o profissional.<\/p>\n<p>Ali\u00e1s, nesta mat\u00e9ria, sublinhou o\u00a0 Ministro, Cabo Verde fez um percurso \u201cmuito interessante\u201d e que configura um ganho importante para o pa\u00eds porque se sente que hoje as pessoas n\u00e3o est\u00e3o abandonadas \u00e0 sua sorte.<\/p>\n<p>\u201cN\u00e3o temos um desempregado, uma pessoa com uma ideia, vontade, ou iniciativa sem encontrar um ecossistema que seja capaz de oferecer oportunidade e lhe suportar tecnica e financeiramente, desde a exposi\u00e7\u00e3o at\u00e9 a fase final da implementa\u00e7\u00e3o da sua ideia\u201d, assinalou Eurico Monteiro, para quem a forma\u00e7\u00e3o ora conclu\u00edda se revela de suma import\u00e2ncia para uma organiza\u00e7\u00e3o, pois que, muitas vezes, a qualidade da decis\u00e3o depende do conjunto de informa\u00e7\u00f5es disponibilizadas\u201d.<\/p>\n<p>Os jovens, que ap\u00f3s dois meses saem certificados e capacitados em t\u00e9cnicas de tratamento, organiza\u00e7\u00e3o e gest\u00e3o de arquivos, encontram preparados para responder \u00e0s necessidades das institui\u00e7\u00f5es p\u00fablicas e privadas, e do pr\u00f3prio IANCV, que precisem de profissionais na \u00e1rea de gest\u00e3o documental.<\/p>\n<p>O post <a rel=\"nofollow\" href=\"https:\/\/www.governo.cv\/vinte-e-um-formandos-concluem-curso-basico-em-tecnicas-de-tratamento-e-gestao-documental\/\" target=\"_blank\">Vinte e um formandos concluem curso b\u00e1sico em T\u00e9cnicas de Tratamento e Gest\u00e3o Documental<\/a> apareceu primeiro em <a rel=\"nofollow\" href=\"https:\/\/www.governo.cv\/\" target=\"_blank\">Gouvernement du Cap-Vert<\/a>.<\/p>\n<\/div>","protected":false},"excerpt":{"rendered":"<p>Pouco mais de duas dezenas de jovens conclu\u00edram, esta sexta-feira, 30 de maio, o curso b\u00e1sico em T\u00e9cnicas de Tratamento e Gest\u00e3o Documental, promovido pelo Instituto do Arquivo Nacional de Cabo Verde (IANCV), em parceria com o Instituto do Emprego e Forma\u00e7\u00e3o Profissional (IEFP). O ato de encerramento, foi presidido pelo Ministro da Moderniza\u00e7\u00e3o do [&hellip;]<\/p>\n","protected":false},"author":2,"featured_media":0,"comment_status":"closed","ping_status":"closed","sticky":false,"template":"","format":"standard","meta":{"_breakdance_hide_in_design_set":false,"_breakdance_tags":"","footnotes":""},"categories":[263],"tags":[264],"class_list":["post-3389","post","type-post","status-publish","format-standard","hentry","category-noticias","tag-noticias"],"_links":{"self":[{"href":"https:\/\/consultoria.cv\/fr\/wp-json\/wp\/v2\/posts\/3389","targetHints":{"allow":["GET"]}}],"collection":[{"href":"https:\/\/consultoria.cv\/fr\/wp-json\/wp\/v2\/posts"}],"about":[{"href":"https:\/\/consultoria.cv\/fr\/wp-json\/wp\/v2\/types\/post"}],"author":[{"embeddable":true,"href":"https:\/\/consultoria.cv\/fr\/wp-json\/wp\/v2\/users\/2"}],"replies":[{"embeddable":true,"href":"https:\/\/consultoria.cv\/fr\/wp-json\/wp\/v2\/comments?post=3389"}],"version-history":[{"count":0,"href":"https:\/\/consultoria.cv\/fr\/wp-json\/wp\/v2\/posts\/3389\/revisions"}],"wp:attachment":[{"href":"https:\/\/consultoria.cv\/fr\/wp-json\/wp\/v2\/media?parent=3389"}],"wp:term":[{"taxonomy":"category","embeddable":true,"href":"https:\/\/consultoria.cv\/fr\/wp-json\/wp\/v2\/categories?post=3389"},{"taxonomy":"post_tag","embeddable":true,"href":"https:\/\/consultoria.cv\/fr\/wp-json\/wp\/v2\/tags?post=3389"}],"curies":[{"name":"wp","href":"https:\/\/api.w.org\/{rel}","templated":true}]}}