{"id":3387,"date":"2025-06-01T00:04:02","date_gmt":"2025-06-01T01:04:02","guid":{"rendered":"https:\/\/consultoria.cv\/secretaria-de-estado-participa-da-cerimonia-de-homenagem-50-mulheres-no-ambito-do-50-o-aniversario-da-independencia\/"},"modified":"2025-06-01T00:04:02","modified_gmt":"2025-06-01T01:04:02","slug":"secretaria-de-estado-participa-da-cerimonia-de-homenagem-50-mulheres-no-ambito-do-50-o-aniversario-da-independencia","status":"publish","type":"post","link":"https:\/\/consultoria.cv\/fr\/secretaria-de-estado-participa-da-cerimonia-de-homenagem-50-mulheres-no-ambito-do-50-o-aniversario-da-independencia\/","title":{"rendered":"Secret\u00e1ria de Estado participa da cerim\u00f3nia de homenagem 50 mulheres no \u00e2mbito do 50.\u00ba anivers\u00e1rio da Independ\u00eancia"},"content":{"rendered":"<div>\n<p>A Secret\u00e1ria de Estado da Inclus\u00e3o Social, L\u00eddia Lima, presidiu hoje, 29 de maio, \u00e0 cerim\u00f3nia de homenagem a 50 mulheres cabo-verdianas, realizada no \u00e2mbito das comemora\u00e7\u00f5es do 50.\u00ba anivers\u00e1rio da Independ\u00eancia Nacional e que antecede o I F\u00f3rum Internacional \u201cMulher e os Desafios do Desenvolvimento\u201d, que ter\u00e1 lugar amanh\u00e3, 30 de maio.<\/p>\n<p>A cerim\u00f3nia teve como objetivo reconhecer o percurso, o m\u00e9rito e o contributo de mulheres que se destacaram desde a independ\u00eancia at\u00e9 aos dias de hoje, nos dom\u00ednios acad\u00e9mico, cultural, desportivo, econ\u00f3mico, pol\u00edtico e social.<\/p>\n<p>Na sua interven\u00e7\u00e3o, a Secret\u00e1ria de Estado destacou que este \u00e9 \u201cum momento especial de celebra\u00e7\u00e3o da vida, do percurso vivido com coragem, sabedoria e amor\u201d, e real\u00e7ou a for\u00e7a, resili\u00eancia e impacto positivo das mulheres homenageadas na constru\u00e7\u00e3o de uma sociedade mais justa e inclusiva.<\/p>\n<p>Reconhecendo o papel essencial das mulheres na vida familiar e comunit\u00e1ria, a governante sublinhou tamb\u00e9m a import\u00e2ncia de combater a sobrecarga feminina, apelando \u00e0 partilha de responsabilidades e \u00e0 cria\u00e7\u00e3o de servi\u00e7os de suporte adequados. \u201cAs mulheres n\u00e3o desejam ser hero\u00ednas, mas sim, respeitadas, apoiadas, reconhecidas e com espa\u00e7o para concretizarem os seus sonhos\u201d, afirmou.<\/p>\n<p>L\u00eddia Lima destacou ainda as pol\u00edticas p\u00fablicas em curso para o empoderamento das mulheres, com enfoque na igualdade de g\u00e9nero, combate \u00e0 viol\u00eancia, prote\u00e7\u00e3o social e inclus\u00e3o produtiva. Sublinhou que \u201co maior empoderamento vem da f\u00e9, da for\u00e7a interior e da capacidade das mulheres para transformarem desafios em conquistas que beneficiam toda a sociedade\u201d.<\/p>\n<p>A cerim\u00f3nia foi marcada por uma forte carga simb\u00f3lica e emocional, refletindo o compromisso do Governo de Cabo Verde com a valoriza\u00e7\u00e3o das mulheres e a constru\u00e7\u00e3o de um pa\u00eds mais igualit\u00e1rio, solid\u00e1rio e desenvolvido.<\/p>\n<p>O post <a rel=\"nofollow\" href=\"https:\/\/www.governo.cv\/secretaria-de-estado-participa-da-cerimonia-de-homenagem-50-mulheres-no-ambito-do-50-o-aniversario-da-independencia\/\" target=\"_blank\">Secret\u00e1ria de Estado participa da cerim\u00f3nia de homenagem 50 mulheres no \u00e2mbito do 50.\u00ba anivers\u00e1rio da Independ\u00eancia<\/a> apareceu primeiro em <a rel=\"nofollow\" href=\"https:\/\/www.governo.cv\/\" target=\"_blank\">Gouvernement du Cap-Vert<\/a>.<\/p>\n<\/div>","protected":false},"excerpt":{"rendered":"<p>A Secret\u00e1ria de Estado da Inclus\u00e3o Social, L\u00eddia Lima, presidiu hoje, 29 de maio, \u00e0 cerim\u00f3nia de homenagem a 50 mulheres cabo-verdianas, realizada no \u00e2mbito das comemora\u00e7\u00f5es do 50.\u00ba anivers\u00e1rio da Independ\u00eancia Nacional e que antecede o I F\u00f3rum Internacional \u201cMulher e os Desafios do Desenvolvimento\u201d, que ter\u00e1 lugar amanh\u00e3, 30 de maio. A cerim\u00f3nia [&hellip;]<\/p>\n","protected":false},"author":2,"featured_media":0,"comment_status":"closed","ping_status":"closed","sticky":false,"template":"","format":"standard","meta":{"_breakdance_hide_in_design_set":false,"_breakdance_tags":"","footnotes":""},"categories":[263],"tags":[264],"class_list":["post-3387","post","type-post","status-publish","format-standard","hentry","category-noticias","tag-noticias"],"_links":{"self":[{"href":"https:\/\/consultoria.cv\/fr\/wp-json\/wp\/v2\/posts\/3387","targetHints":{"allow":["GET"]}}],"collection":[{"href":"https:\/\/consultoria.cv\/fr\/wp-json\/wp\/v2\/posts"}],"about":[{"href":"https:\/\/consultoria.cv\/fr\/wp-json\/wp\/v2\/types\/post"}],"author":[{"embeddable":true,"href":"https:\/\/consultoria.cv\/fr\/wp-json\/wp\/v2\/users\/2"}],"replies":[{"embeddable":true,"href":"https:\/\/consultoria.cv\/fr\/wp-json\/wp\/v2\/comments?post=3387"}],"version-history":[{"count":0,"href":"https:\/\/consultoria.cv\/fr\/wp-json\/wp\/v2\/posts\/3387\/revisions"}],"wp:attachment":[{"href":"https:\/\/consultoria.cv\/fr\/wp-json\/wp\/v2\/media?parent=3387"}],"wp:term":[{"taxonomy":"category","embeddable":true,"href":"https:\/\/consultoria.cv\/fr\/wp-json\/wp\/v2\/categories?post=3387"},{"taxonomy":"post_tag","embeddable":true,"href":"https:\/\/consultoria.cv\/fr\/wp-json\/wp\/v2\/tags?post=3387"}],"curies":[{"name":"wp","href":"https:\/\/api.w.org\/{rel}","templated":true}]}}