{"id":3386,"date":"2025-06-01T00:03:00","date_gmt":"2025-06-01T01:03:00","guid":{"rendered":"https:\/\/consultoria.cv\/%f0%9d%90%85%f0%9d%90%9e%f0%9d%90%ab%f0%9d%90%a7%f0%9d%90%9a%f0%9d%90%a7%f0%9d%90%9d%f0%9d%90%a8-%f0%9d%90%84%f0%9d%90%a5%f0%9d%90%a2%f0%9d%90%ac%f0%9d%90%a2%f0%9d%90%a8-%f0%9d%90%85%f0%9d%90%ab\/"},"modified":"2025-06-01T00:03:00","modified_gmt":"2025-06-01T01:03:00","slug":"%f0%9d%90%85%f0%9d%90%9e%f0%9d%90%ab%f0%9d%90%a7%f0%9d%90%9a%f0%9d%90%a7%f0%9d%90%9d%f0%9d%90%a8-%f0%9d%90%84%f0%9d%90%a5%f0%9d%90%a2%f0%9d%90%ac%f0%9d%90%a2%f0%9d%90%a8-%f0%9d%90%85%f0%9d%90%ab","status":"publish","type":"post","link":"https:\/\/consultoria.cv\/fr\/%f0%9d%90%85%f0%9d%90%9e%f0%9d%90%ab%f0%9d%90%a7%f0%9d%90%9a%f0%9d%90%a7%f0%9d%90%9d%f0%9d%90%a8-%f0%9d%90%84%f0%9d%90%a5%f0%9d%90%a2%f0%9d%90%ac%f0%9d%90%a2%f0%9d%90%a8-%f0%9d%90%85%f0%9d%90%ab\/","title":{"rendered":"\ud835\udc05\ud835\udc1e\ud835\udc2b\ud835\udc27\ud835\udc1a\ud835\udc27\ud835\udc1d\ud835\udc28 \ud835\udc04\ud835\udc25\ud835\udc22\u0301\ud835\udc2c\ud835\udc22\ud835\udc28 \ud835\udc05\ud835\udc2b\ud835\udc1e\ud835\udc22\ud835\udc2b\ud835\udc1e \ud835\udc29\ud835\udc2b\ud835\udc1e\ud835\udc2c\ud835\udc22\ud835\udc1d\ud835\udc1e \ud835\udc02\ud835\udc1e\ud835\udc2b\ud835\udc22\ud835\udc26\ud835\udc28\u0301\ud835\udc27\ud835\udc22\ud835\udc1a \ud835\udc1d\ud835\udc1e \ud835\udc08\ud835\udc27\ud835\udc1a\ud835\udc2e\ud835\udc20\ud835\udc2e\ud835\udc2b\ud835\udc1a\ud835\udc1c\u0327\ud835\udc1a\u0303\ud835\udc28 \ud835\udc1d\ud835\udc1a \ud835\udc2c\ud835\udc1e\ud835\udc1d\ud835\udc1e \ud835\udc1d\ud835\udc1a \ud835\udc00\ud835\udc2c\ud835\udc2c\ud835\udc28\ud835\udc1c\ud835\udc22\ud835\udc1a\ud835\udc1c\u0327\ud835\udc1a\u0303\ud835\udc28 \ud835\udc03\ud835\udc1e\ud835\udc2c\ud835\udc29\ud835\udc28\ud835\udc2b\ud835\udc2d\ud835\udc22\ud835\udc2f\ud835\udc1a \ud835\udc1d\ud835\udc28 \ud835\udc01\ud835\udc1a\ud835\udc22\ud835\udc2b\ud835\udc2b\ud835\udc28 \ud835\udc02\ud835\udc2b\ud835\udc1a\ud835\udc2f\ud835\udc1e\ud835\udc22\ud835\udc2b\ud835\udc28 \ud835\udc0b\ud835\udc28\ud835\udc29\ud835\udc1e\ud835\udc2c"},"content":{"rendered":"<div>\n<p>O Ministro da Fam\u00edlia, Inclus\u00e3o e Desenvolvimento Social, Fernando El\u00edsio Freire, inaugurou na tarde de quarta-feira, 28 de maio, a nova sede da Associa\u00e7\u00e3o Desportiva do Bairro Craveiro Lopes, sita no antigo Posto de Sa\u00fade do Bairro.<\/p>\n<p>A inaugura\u00e7\u00e3o desta infraestrutura representa um marco importante para a dinamiza\u00e7\u00e3o social e comunit\u00e1ria do Bairro Craveiro Lopes, criando um espa\u00e7o dedicado \u00e0 promo\u00e7\u00e3o do desporto, inclus\u00e3o social e do desenvolvimento humano, especialmente entre os jovens.<\/p>\n<p>A nova sede da associa\u00e7\u00e3o permitir\u00e1 refor\u00e7ar o trabalho de base desenvolvido ao longo dos anos, disponibilizando condi\u00e7\u00f5es mais adequadas para a pr\u00e1tica de atividades culturais e formativas, e contribuindo para o fortalecimento do esp\u00edrito comunit\u00e1rio e da coes\u00e3o social.<\/p>\n<p>Trata-se de um investimento que vai al\u00e9m do espa\u00e7o f\u00edsico, traduzindo-se num compromisso renovado com a juventude, a cidadania ativa e a constru\u00e7\u00e3o de um futuro mais inclusivo.<\/p>\n<p>A inaugura\u00e7\u00e3o da sede da Associa\u00e7\u00e3o Desportiva do Bairro Craveiro Lopes simboliza, assim, um passo firme na valoriza\u00e7\u00e3o do talento local, na cria\u00e7\u00e3o de oportunidades de desenvolvimento integral para crian\u00e7as e jovens, e na afirma\u00e7\u00e3o do desporto como ferramenta essencial de inclus\u00e3o, educa\u00e7\u00e3o e transforma\u00e7\u00e3o social.<\/p>\n<p>O post <a rel=\"nofollow\" href=\"https:\/\/www.governo.cv\/nova-sede-da-associacao-desportiva-do-bairro-craveiro-lopes\/\" target=\"_blank\">\ud835\udc05\ud835\udc1e\ud835\udc2b\ud835\udc27\ud835\udc1a\ud835\udc27\ud835\udc1d\ud835\udc28 \ud835\udc04\ud835\udc25\ud835\udc22\u0301\ud835\udc2c\ud835\udc22\ud835\udc28 \ud835\udc05\ud835\udc2b\ud835\udc1e\ud835\udc22\ud835\udc2b\ud835\udc1e \ud835\udc29\ud835\udc2b\ud835\udc1e\ud835\udc2c\ud835\udc22\ud835\udc1d\ud835\udc1e \ud835\udc02\ud835\udc1e\ud835\udc2b\ud835\udc22\ud835\udc26\ud835\udc28\u0301\ud835\udc27\ud835\udc22\ud835\udc1a \ud835\udc1d\ud835\udc1e \ud835\udc08\ud835\udc27\ud835\udc1a\ud835\udc2e\ud835\udc20\ud835\udc2e\ud835\udc2b\ud835\udc1a\ud835\udc1c\u0327\ud835\udc1a\u0303\ud835\udc28 \ud835\udc1d\ud835\udc1a \ud835\udc2c\ud835\udc1e\ud835\udc1d\ud835\udc1e \ud835\udc1d\ud835\udc1a \ud835\udc00\ud835\udc2c\ud835\udc2c\ud835\udc28\ud835\udc1c\ud835\udc22\ud835\udc1a\ud835\udc1c\u0327\ud835\udc1a\u0303\ud835\udc28 \ud835\udc03\ud835\udc1e\ud835\udc2c\ud835\udc29\ud835\udc28\ud835\udc2b\ud835\udc2d\ud835\udc22\ud835\udc2f\ud835\udc1a \ud835\udc1d\ud835\udc28 \ud835\udc01\ud835\udc1a\ud835\udc22\ud835\udc2b\ud835\udc2b\ud835\udc28 \ud835\udc02\ud835\udc2b\ud835\udc1a\ud835\udc2f\ud835\udc1e\ud835\udc22\ud835\udc2b\ud835\udc28 \ud835\udc0b\ud835\udc28\ud835\udc29\ud835\udc1e\ud835\udc2c<\/a> apareceu primeiro em <a rel=\"nofollow\" href=\"https:\/\/www.governo.cv\/\" target=\"_blank\">Gouvernement du Cap-Vert<\/a>.<\/p>\n<\/div>","protected":false},"excerpt":{"rendered":"<p>O Ministro da Fam\u00edlia, Inclus\u00e3o e Desenvolvimento Social, Fernando El\u00edsio Freire, inaugurou na tarde de quarta-feira, 28 de maio, a nova sede da Associa\u00e7\u00e3o Desportiva do Bairro Craveiro Lopes, sita no antigo Posto de Sa\u00fade do Bairro. A inaugura\u00e7\u00e3o desta infraestrutura representa um marco importante para a dinamiza\u00e7\u00e3o social e comunit\u00e1ria do Bairro Craveiro Lopes, [&hellip;]<\/p>\n","protected":false},"author":2,"featured_media":0,"comment_status":"closed","ping_status":"closed","sticky":false,"template":"","format":"standard","meta":{"_breakdance_hide_in_design_set":false,"_breakdance_tags":"","footnotes":""},"categories":[263],"tags":[264],"class_list":["post-3386","post","type-post","status-publish","format-standard","hentry","category-noticias","tag-noticias"],"_links":{"self":[{"href":"https:\/\/consultoria.cv\/fr\/wp-json\/wp\/v2\/posts\/3386","targetHints":{"allow":["GET"]}}],"collection":[{"href":"https:\/\/consultoria.cv\/fr\/wp-json\/wp\/v2\/posts"}],"about":[{"href":"https:\/\/consultoria.cv\/fr\/wp-json\/wp\/v2\/types\/post"}],"author":[{"embeddable":true,"href":"https:\/\/consultoria.cv\/fr\/wp-json\/wp\/v2\/users\/2"}],"replies":[{"embeddable":true,"href":"https:\/\/consultoria.cv\/fr\/wp-json\/wp\/v2\/comments?post=3386"}],"version-history":[{"count":0,"href":"https:\/\/consultoria.cv\/fr\/wp-json\/wp\/v2\/posts\/3386\/revisions"}],"wp:attachment":[{"href":"https:\/\/consultoria.cv\/fr\/wp-json\/wp\/v2\/media?parent=3386"}],"wp:term":[{"taxonomy":"category","embeddable":true,"href":"https:\/\/consultoria.cv\/fr\/wp-json\/wp\/v2\/categories?post=3386"},{"taxonomy":"post_tag","embeddable":true,"href":"https:\/\/consultoria.cv\/fr\/wp-json\/wp\/v2\/tags?post=3386"}],"curies":[{"name":"wp","href":"https:\/\/api.w.org\/{rel}","templated":true}]}}