{"id":3385,"date":"2025-06-01T00:01:59","date_gmt":"2025-06-01T01:01:59","guid":{"rendered":"https:\/\/consultoria.cv\/visita-do-pm-a-washington-assinado-com-a-ifc-acordo-visando-impulsionar-o-desenvolvimento-das-industrias-criativas-e-turismo-cultural-em-cabo-verde\/"},"modified":"2025-06-01T00:01:59","modified_gmt":"2025-06-01T01:01:59","slug":"visita-do-pm-a-washington-assinado-com-a-ifc-acordo-visando-impulsionar-o-desenvolvimento-das-industrias-criativas-e-turismo-cultural-em-cabo-verde","status":"publish","type":"post","link":"https:\/\/consultoria.cv\/fr\/visita-do-pm-a-washington-assinado-com-a-ifc-acordo-visando-impulsionar-o-desenvolvimento-das-industrias-criativas-e-turismo-cultural-em-cabo-verde\/","title":{"rendered":"Visita do PM a Washington: assinado com a IFC acordo visando impulsionar o desenvolvimento das ind\u00fastrias criativas e turismo cultural em Cabo Verde"},"content":{"rendered":"<div>\n<p>No \u00faltimo dia da sua estadia nos Estados Unidos da Am\u00e9rica, o Primeiro Ministro assistiu ao lado do Diretor-Geral da IFC, Makhtar Diop \u2013 que esteve recentemente de visita ao nosso pa\u00eds -, ao ato de assinatura de um importante Memorando de Entendimento entre a Rep\u00fablica de Cabo Verde, a Associa\u00e7\u00e3o Internacional de Desenvolvimento (IDA) e a Sociedade Financeira Internacional (IFC) \u2014 entidades que integram o Grupo Banco Mundial.<\/p>\n<p>\u201cEste acordo visa impulsionar o desenvolvimento das ind\u00fastrias criativas e do turismo cultural em Cabo Verde, promovendo um crescimento mais inclusivo, sustent\u00e1vel e gerador de emprego\u201d, disse Ulisses Correia e Silva, referindo-se ao Memorando rubricado pela parte cabo-verdiana, pelo Ministro da Cultura e das Ind\u00fastrias Criativas, Augusto Veiga, e pelo Secret\u00e1rio de Estado das Finan\u00e7as, Alcindo Mota.<\/p>\n<p>Ainda no mesmo dia, o Chefe do Governo participou no IFC Unplugged \u2013 Edi\u00e7\u00e3o Especial Cabo Verde, um momento especial com o Diretor-Geral da IFC, Makhtar Diop, num evento marcado por m\u00fasica ao vivo, gastronomia cabo-verdiana e promo\u00e7\u00e3o da nossa cultura.<\/p>\n<p>\u201cFoi uma oportunidade para refor\u00e7ar a imagem de Cabo Verde no mundo \u2014 pequeno, mas relevante, com vontade de fazer a diferen\u00e7a\u201d, declarou o Primeiro Ministro que fez quest\u00e3o destacar o crescimento da parceria com a IFC: \u201ch\u00e1 cinco anos n\u00e3o t\u00ednhamos investimentos ativos; hoje superamos os 110 milh\u00f5es de d\u00f3lares, em setores como transportes, economia digital, cultura e ind\u00fastrias criativas\u201d.<\/p>\n<p>\u00a0<\/p>\n<p>O post <a rel=\"nofollow\" href=\"https:\/\/www.governo.cv\/visita-do-pm-a-washington-assinado-com-a-ifc-acordo-visando-impulsionar-o-desenvolvimento-das-industrias-criativas-e-turismo-cultural-em-cabo-verde\/\" target=\"_blank\">Visita do PM a Washington: assinado com a IFC acordo visando impulsionar o desenvolvimento das ind\u00fastrias criativas e turismo cultural em Cabo Verde<\/a> apareceu primeiro em <a rel=\"nofollow\" href=\"https:\/\/www.governo.cv\/\" target=\"_blank\">Gouvernement du Cap-Vert<\/a>.<\/p>\n<\/div>","protected":false},"excerpt":{"rendered":"<p>No \u00faltimo dia da sua estadia nos Estados Unidos da Am\u00e9rica, o Primeiro Ministro assistiu ao lado do Diretor-Geral da IFC, Makhtar Diop \u2013 que esteve recentemente de visita ao nosso pa\u00eds -, ao ato de assinatura de um importante Memorando de Entendimento entre a Rep\u00fablica de Cabo Verde, a Associa\u00e7\u00e3o Internacional de Desenvolvimento (IDA) [&hellip;]<\/p>\n","protected":false},"author":2,"featured_media":0,"comment_status":"closed","ping_status":"closed","sticky":false,"template":"","format":"standard","meta":{"_breakdance_hide_in_design_set":false,"_breakdance_tags":"","footnotes":""},"categories":[263],"tags":[264],"class_list":["post-3385","post","type-post","status-publish","format-standard","hentry","category-noticias","tag-noticias"],"_links":{"self":[{"href":"https:\/\/consultoria.cv\/fr\/wp-json\/wp\/v2\/posts\/3385","targetHints":{"allow":["GET"]}}],"collection":[{"href":"https:\/\/consultoria.cv\/fr\/wp-json\/wp\/v2\/posts"}],"about":[{"href":"https:\/\/consultoria.cv\/fr\/wp-json\/wp\/v2\/types\/post"}],"author":[{"embeddable":true,"href":"https:\/\/consultoria.cv\/fr\/wp-json\/wp\/v2\/users\/2"}],"replies":[{"embeddable":true,"href":"https:\/\/consultoria.cv\/fr\/wp-json\/wp\/v2\/comments?post=3385"}],"version-history":[{"count":0,"href":"https:\/\/consultoria.cv\/fr\/wp-json\/wp\/v2\/posts\/3385\/revisions"}],"wp:attachment":[{"href":"https:\/\/consultoria.cv\/fr\/wp-json\/wp\/v2\/media?parent=3385"}],"wp:term":[{"taxonomy":"category","embeddable":true,"href":"https:\/\/consultoria.cv\/fr\/wp-json\/wp\/v2\/categories?post=3385"},{"taxonomy":"post_tag","embeddable":true,"href":"https:\/\/consultoria.cv\/fr\/wp-json\/wp\/v2\/tags?post=3385"}],"curies":[{"name":"wp","href":"https:\/\/api.w.org\/{rel}","templated":true}]}}