{"id":3331,"date":"2025-05-27T11:43:52","date_gmt":"2025-05-27T12:43:52","guid":{"rendered":"https:\/\/consultoria.cv\/?p=3331"},"modified":"2025-05-25T20:26:36","modified_gmt":"2025-05-25T21:26:36","slug":"indicateur-de-confiance-des-consommateurs-au-cap-vert-analyse-de-la-tendance-negative-au-1er-trimestre-2025","status":"publish","type":"post","link":"https:\/\/consultoria.cv\/fr\/indicador-de-confianca-no-consumidor-em-cabo-verde-analise-da-evolucao-negativa-no-1o-trimestre-de-2025\/","title":{"rendered":"Indicateur de confiance des consommateurs au Cap-Vert : analyse des \u00e9volutions n\u00e9gatives au 1er trimestre 2025"},"content":{"rendered":"<p>L'indice de confiance des consommateurs (CCI) au Cap-Vert, l'un des principaux indicateurs \u00e9conomiques qui mesure le sentiment des familles sur leur situation financi\u00e8re et l'\u00e9conomie du pays, a enregistr\u00e9 une \u00e9volution n\u00e9gative au premier trimestre 2025. Ce comportement refl\u00e8te la poursuite de la tendance \u00e0 la baisse observ\u00e9e \u00e0 la fin de 2024, selon les donn\u00e9es publi\u00e9es par l'Institut national de la statistique (INE)&nbsp;<a href=\"https:\/\/www.bancobai.cv\/noticias\/ndice-de-confianca-do-consumidor-inverte-tendencia-descendente-dos-ultimos-trimestres-ine\" target=\"_blank\" rel=\"noopener noreferrer nofollow\">INE Cap-Vert<\/a>.<\/p>\n\n\n\n<p>Au cours de la p\u00e9riode consid\u00e9r\u00e9e, l'ICC a \u00e9t\u00e9 inf\u00e9rieur \u00e0 la moyenne historique de la s\u00e9rie, montrant une l\u00e9g\u00e8re baisse de la confiance des familles capverdiennes. Cette baisse est en partie attribuable \u00e0 la perception n\u00e9gative qu'ont les consommateurs de l'\u00e9volution de l'\u00e9conomie nationale et de l'augmentation des prix et du ch\u00f4mage, comme l'ont indiqu\u00e9 les personnes interrog\u00e9es dans le cadre de l'enqu\u00eate sur le climat de consommation.&nbsp;<a href=\"https:\/\/pt.tradingeconomics.com\/cape-verde\/consumer-confidence\" target=\"_blank\" rel=\"noopener noreferrer nofollow\">\u00c9conomie des \u00e9changes<\/a>.<\/p>\n\n\n\n<p>Malgr\u00e9 cette baisse, l'indicateur est rest\u00e9 proche de la moyenne de la s\u00e9rie historique, ce qui sugg\u00e8re que malgr\u00e9 le pessimisme \u00e0 court terme, il y a des signes d'optimisme prudent pour l'avenir. Ce sc\u00e9nario est corrobor\u00e9 par le fait que certains m\u00e9nages manifestent l'intention d'investir dans le logement au cours des prochaines ann\u00e9es, m\u00eame dans un contexte d'incertitude \u00e9conomique&nbsp;<a href=\"https:\/\/forbesafricalusofona.com\/confianca-dos-consumidores-recua-em-cabo-verde\/\" target=\"_blank\" rel=\"noopener noreferrer nofollow\">Forbes Afrique lusophone<\/a>.<\/p>\n\n\n\n<p>L'analyse de cet indicateur est cruciale pour comprendre le comportement des consommateurs et l'impact de leurs attentes sur l'\u00e9conomie capverdienne. Ce rapport explore en d\u00e9tail les facteurs \u00e0 l'origine de l'\u00e9volution n\u00e9gative de l'ICC, ses implications \u00e9conomiques et les perspectives pour les trimestres \u00e0 venir.<\/p>\n\n\n\n<h2 class=\"wp-block-heading\" id=\"anlisedaevoluodoindicadordeconfiananoconsumidoremcaboverdeno1trimestrede2025\">Analyse de l'\u00e9volution de l'indicateur de confiance des consommateurs au Cap-Vert au 1er trimestre 2025<\/h2>\n\n\n\n<h3 class=\"wp-block-heading\" id=\"contextoeconmicoetendnciadescendente\">Contexte \u00e9conomique et tendance \u00e0 la baisse<\/h3>\n\n\n\n<p>Au premier trimestre 2025, l'indicateur de confiance des consommateurs (ICC) au Cap-Vert a enregistr\u00e9 une \u00e9volution n\u00e9gative, maintenant la tendance \u00e0 la baisse observ\u00e9e \u00e0 la fin de 2024. Selon l'Institut national de la statistique (INE), l'indice \u00e9tait inf\u00e9rieur \u00e0 la moyenne de la s\u00e9rie historique, refl\u00e9tant un environnement d'incertitude \u00e9conomique qui continue d'affecter les familles capverdiennes (<a href=\"https:\/\/expressodasilhas.cv\/economia\/2025\/05\/15\/indicador-de-confianca-no-consumidor-com-evolucao-negativa-no-1-trimestre-de-2025\/97053\" target=\"_blank\" rel=\"noopener noreferrer nofollow\">Island Express<\/a>).<\/p>\n\n\n\n<p>Les personnes interrog\u00e9es ont fait \u00e9tat d'une perception plus n\u00e9gative de la situation \u00e9conomique du pays par rapport \u00e0 la m\u00eame p\u00e9riode de l'ann\u00e9e derni\u00e8re. Cette d\u00e9t\u00e9rioration s'est accompagn\u00e9e d'une augmentation des prix et du ch\u00f4mage, facteurs qui ont contribu\u00e9 \u00e0 une baisse de confiance \u00e0 court terme (<a href=\"https:\/\/forbesafricalusofona.com\/confianca-dos-consumidores-recua-em-cabo-verde\/\" target=\"_blank\" rel=\"noopener noreferrer nofollow\">Forbes Afrique lusophone<\/a>).<\/p>\n\n\n\n<h3 class=\"wp-block-heading\" id=\"impactonasituaoeconmicadasfamlias\">Impact sur la situation \u00e9conomique des familles<\/h3>\n\n\n\n<p>Malgr\u00e9 l'\u00e9volution n\u00e9gative de l'ICC, les familles interrog\u00e9es ont indiqu\u00e9 que la situation \u00e9conomique de leur m\u00e9nage s'\u00e9tait l\u00e9g\u00e8rement am\u00e9lior\u00e9e au cours des 12 derniers mois. Ce contraste entre la perception de l'\u00e9conomie domestique et celle de l'\u00e9conomie nationale sugg\u00e8re que les m\u00e9nages ajustent leurs attentes sur la base de leurs exp\u00e9riences personnelles, tout en continuant \u00e0 faire face \u00e0 des d\u00e9fis macro\u00e9conomiques (<a href=\"https:\/\/expressodasilhas.cv\/economia\/2025\/05\/15\/indicador-de-confianca-no-consumidor-com-evolucao-negativa-no-1-trimestre-de-2025\/97053\" target=\"_blank\" rel=\"noopener noreferrer nofollow\">Island Express<\/a>).<\/p>\n\n\n\n<p>Toutefois, la capacit\u00e9 d'\u00e9pargne des m\u00e9nages a \u00e9galement connu une \u00e9volution positive. Par rapport au premier trimestre 2024, le nombre de m\u00e9nages qui consid\u00e8rent qu'il est possible d'\u00e9pargner a l\u00e9g\u00e8rement augment\u00e9, tandis que le pourcentage de ceux qui consid\u00e8rent qu'il n'est pas possible d'\u00e9pargner a diminu\u00e9 de 23,5 points de pourcentage (<a href=\"https:\/\/forbesafricalusofona.com\/confianca-dos-consumidores-recua-em-cabo-verde\/\" target=\"_blank\" rel=\"noopener noreferrer nofollow\">Forbes Afrique lusophone<\/a>).<\/p>\n\n\n\n<h3 class=\"wp-block-heading\" id=\"influnciadospreosedodesemprego\">Influence des prix et du ch\u00f4mage<\/h3>\n\n\n\n<p>Les prix et le ch\u00f4mage ont \u00e9t\u00e9 identifi\u00e9s comme des facteurs critiques contribuant \u00e0 la baisse de la confiance des consommateurs. Au cours des 12 derniers mois, les personnes interrog\u00e9es ont fait \u00e9tat d'augmentations significatives dans ces deux domaines, ce qui a renforc\u00e9 la perception de la fragilit\u00e9 \u00e9conomique. Ce sc\u00e9nario est conforme \u00e0 la tendance observ\u00e9e au cours des trimestres pr\u00e9c\u00e9dents, o\u00f9 l'inflation et les difficult\u00e9s du march\u00e9 du travail ont continu\u00e9 \u00e0 peser sur le budget des m\u00e9nages (<a href=\"https:\/\/expressodasilhas.cv\/economia\/2025\/05\/15\/indicador-de-confianca-no-consumidor-com-evolucao-negativa-no-1-trimestre-de-2025\/97053\" target=\"_blank\" rel=\"noopener noreferrer nofollow\">Island Express<\/a>).<\/p>\n\n\n\n<h3 class=\"wp-block-heading\" id=\"comparaocomamdiadasriehistrica\">Comparaison avec la moyenne de la s\u00e9rie historique<\/h3>\n\n\n\n<p>Bien que l'ICC ait enregistr\u00e9 une \u00e9volution n\u00e9gative, l'indice est rest\u00e9 sup\u00e9rieur \u00e0 la moyenne de la s\u00e9rie historique au cours de certaines p\u00e9riodes. Cela indique que, malgr\u00e9 les difficult\u00e9s, les familles capverdiennes ont encore un niveau de confiance mod\u00e9r\u00e9. Cependant, la baisse continue de l'indice pendant sept trimestres cons\u00e9cutifs refl\u00e8te un sc\u00e9nario d'incertitude \u00e9conomique prolong\u00e9e, qui pourrait rendre difficile le r\u00e9tablissement de la confiance \u00e0 moyen terme (<a href=\"https:\/\/pt.tradingeconomics.com\/cape-verde\/consumer-confidence\" target=\"_blank\" rel=\"noopener noreferrer nofollow\">\u00c9conomie des \u00e9changes<\/a>).<\/p>\n\n\n\n<h3 class=\"wp-block-heading\" id=\"expectativasparaosprximos12meses\">Attentes pour les 12 prochains mois<\/h3>\n\n\n\n<p>Malgr\u00e9 l'\u00e9volution n\u00e9gative du premier trimestre 2025, les personnes interrog\u00e9es ont fait preuve d'un certain optimisme pour l'avenir. Selon les donn\u00e9es de l'INE, la situation financi\u00e8re des familles et l'\u00e9conomie du pays devraient s'am\u00e9liorer au cours des 12 prochains mois. Ces pr\u00e9visions positives peuvent \u00eatre attribu\u00e9es aux initiatives du gouvernement et \u00e0 la reprise progressive de secteurs cl\u00e9s tels que le tourisme, qui joue un r\u00f4le crucial dans l'\u00e9conomie cap-verdienne (<a href=\"https:\/\/www.noticiasaominuto.com\/economia\/2758018\/confianca-dos-consumidores-cabo-verdianos-fechou-2024-em-queda\" target=\"_blank\" rel=\"noopener noreferrer nofollow\">Nouvelles du monde<\/a>).<\/p>\n\n\n\n<h2 class=\"wp-block-heading\" id=\"comparaoentreosdadosdo1trimestrede2025eperodosanteriores\">Comparaison entre les donn\u00e9es du 1er trimestre 2025 et les p\u00e9riodes pr\u00e9c\u00e9dentes<\/h2>\n\n\n\n<h3 class=\"wp-block-heading\" id=\"desempenhodoindicadorno1trimestrede2025\">Performance des indicateurs au 1er trimestre 2025<\/h3>\n\n\n\n<p>Au premier trimestre 2025, l'indice de confiance des consommateurs (ICC) au Cap-Vert a affich\u00e9 une \u00e9volution n\u00e9gative par rapport \u00e0 la m\u00eame p\u00e9riode en 2024, maintenant la tendance \u00e0 la baisse observ\u00e9e \u00e0 la fin de 2024. L'indicateur \u00e9tait inf\u00e9rieur \u00e0 la moyenne de la s\u00e9rie historique, refl\u00e9tant une l\u00e9g\u00e8re diminution de la confiance des familles capverdiennes. Cette performance n\u00e9gative a \u00e9t\u00e9 soulign\u00e9e par l'Institut national de la statistique (INE), qui a indiqu\u00e9 que, malgr\u00e9 la d\u00e9t\u00e9rioration, la situation \u00e9conomique des m\u00e9nages s'est l\u00e9g\u00e8rement am\u00e9lior\u00e9e au cours des 12 derniers mois, tandis que la perception de l'\u00e9conomie nationale a continu\u00e9 \u00e0 se d\u00e9t\u00e9riorer (<a href=\"https:\/\/expressodasilhas.cv\/economia\/2025\/05\/15\/indicador-de-confianca-no-consumidor-com-evolucao-negativa-no-1-trimestre-de-2025\/97053\" target=\"_blank\" rel=\"noopener noreferrer nofollow\">Island Express<\/a>).<\/p>\n\n\n\n<p>Par rapport au quatri\u00e8me trimestre 2024, o\u00f9 l'ICC avait enregistr\u00e9 13 points, le premier trimestre 2025 a montr\u00e9 une poursuite de la tendance baissi\u00e8re, mais avec une moindre intensit\u00e9. Ce comportement refl\u00e8te la persistance de facteurs \u00e9conomiques d\u00e9favorables, tels que la hausse des prix et la perception d'une \u00e9conomie nationale en difficult\u00e9.<\/p>\n\n\n\n<h3 class=\"wp-block-heading\" id=\"comparaocomoquartotrimestrede2024\">Comparaison avec le quatri\u00e8me trimestre 2024<\/h3>\n\n\n\n<p>La performance de l'ICC au quatri\u00e8me trimestre 2024 a marqu\u00e9 une baisse significative, passant de 16 points au troisi\u00e8me trimestre \u00e0 13 points \u00e0 la fin de l'ann\u00e9e. Cette baisse a \u00e9t\u00e9 attribu\u00e9e \u00e0 une combinaison de facteurs, notamment la hausse de l'inflation et l'incertitude \u00e9conomique mondiale, qui ont affect\u00e9 la confiance des consommateurs capverdiens (<a href=\"https:\/\/pt.tradingeconomics.com\/cape-verde\/consumer-confidence\" target=\"_blank\" rel=\"noopener noreferrer nofollow\">\u00c9conomie des \u00e9changes<\/a>).<\/p>\n\n\n\n<p>Au premier trimestre 2025, bien que l'IPC ait continu\u00e9 \u00e0 baisser, l'ampleur de la chute \u00e9tait plus faible, ce qui sugg\u00e8re une possible stabilisation de la confiance \u00e0 des niveaux bas. Ce comportement peut \u00eatre interpr\u00e9t\u00e9 comme le reflet de l'adaptation des familles capverdiennes \u00e0 des conditions \u00e9conomiques d\u00e9favorables, mais sans signes clairs de reprise.<\/p>\n\n\n\n<h3 class=\"wp-block-heading\" id=\"comparaocomoprimeirotrimestrede2024\">Comparaison avec le premier trimestre 2024<\/h3>\n\n\n\n<p>Par rapport \u00e0 la m\u00eame p\u00e9riode de l'ann\u00e9e pr\u00e9c\u00e9dente, l'ICC a connu une \u00e9volution n\u00e9gative au premier trimestre 2025. Au premier trimestre 2024, l'indicateur \u00e9tait sup\u00e9rieur \u00e0 la moyenne historique, refl\u00e9tant un optimisme prudent aliment\u00e9 par les attentes d'une reprise \u00e9conomique post-pand\u00e9mique. Toutefois, les d\u00e9fis \u00e9conomiques persistants, tels que l'augmentation du co\u00fbt de la vie et l'instabilit\u00e9 mondiale, ont invers\u00e9 cette tendance positive tout au long de l'ann\u00e9e 2024, pour aboutir \u00e0 la d\u00e9t\u00e9rioration observ\u00e9e au d\u00e9but de l'ann\u00e9e 2025.<\/p>\n\n\n\n<p>Ce contraste met en \u00e9vidence une \u00e9volution significative du sentiment des consommateurs, qui passent d'un optimisme mod\u00e9r\u00e9 \u00e0 des perspectives plus pessimistes, sous l'influence de facteurs tels que l'inflation persistante et le ralentissement de la croissance \u00e9conomique.<\/p>\n\n\n\n<h3 class=\"wp-block-heading\" id=\"comparaocomamdiahistrica\">Comparaison avec la moyenne historique<\/h3>\n\n\n\n<p>Historiquement, l'ICC au Cap-Vert s'est \u00e9tabli en moyenne \u00e0 14,06 points entre 2009 et 2024, avec un maximum de 24 points au premier trimestre 2010 et un minimum de 4 points au quatri\u00e8me trimestre 2015 (<a href=\"https:\/\/pt.tradingeconomics.com\/cape-verde\/consumer-confidence\" target=\"_blank\" rel=\"noopener noreferrer nofollow\">\u00c9conomie des \u00e9changes<\/a>). Au premier trimestre 2025, l'indicateur \u00e9tait inf\u00e9rieur \u00e0 cette moyenne, refl\u00e9tant un niveau de confiance inf\u00e9rieur \u00e0 la norme historique.<\/p>\n\n\n\n<p>La comparaison avec la moyenne historique souligne la gravit\u00e9 de la situation actuelle, indiquant que les consommateurs cap-verdiens sont confront\u00e9s \u00e0 des d\u00e9fis \u00e9conomiques importants qui affectent n\u00e9gativement leur confiance. Cette performance inf\u00e9rieure \u00e0 la moyenne souligne \u00e9galement la n\u00e9cessit\u00e9 de politiques \u00e9conomiques efficaces pour restaurer la confiance et stimuler la consommation.<\/p>\n\n\n\n<h3 class=\"wp-block-heading\" id=\"tendnciasdelongoprazoeperspectivas\">Tendances et perspectives \u00e0 long terme<\/h3>\n\n\n\n<p>L'analyse des tendances \u00e0 long terme r\u00e9v\u00e8le que l'ICC au Cap-Vert a connu d'importantes fluctuations, influenc\u00e9es par les \u00e9v\u00e9nements \u00e9conomiques mondiaux et locaux. Par exemple, l'indice a atteint son point le plus \u00e9lev\u00e9 en 2010, pendant une p\u00e9riode de forte croissance \u00e9conomique, et son point le plus bas en 2015, pendant une grave crise \u00e9conomique.<\/p>\n\n\n\n<p>Dans le contexte actuel, la tendance \u00e0 la baisse observ\u00e9e depuis la fin de l'ann\u00e9e 2024 sugg\u00e8re que les consommateurs restent confront\u00e9s \u00e0 l'incertitude \u00e9conomique. Toutefois, les attentes pour les prochains trimestres pourraient \u00eatre mod\u00e9r\u00e9ment positives si les conditions \u00e9conomiques s'am\u00e9liorent et si les politiques gouvernementales parviennent \u00e0 att\u00e9nuer les effets de l'inflation et \u00e0 stimuler la croissance \u00e9conomique.<\/p>\n\n\n\n<p>Cette analyse d\u00e9taill\u00e9e des performances de l'ICC au cours du premier trimestre 2025, compar\u00e9e aux p\u00e9riodes pr\u00e9c\u00e9dentes, fournit un aper\u00e7u complet des d\u00e9fis et des opportunit\u00e9s pour l'\u00e9conomie capverdienne. Un suivi continu et la mise en \u0153uvre de mesures politiques efficaces seront essentiels pour restaurer la confiance des consommateurs et promouvoir un d\u00e9veloppement \u00e9conomique durable.<\/p>\n\n\n\n<h2 class=\"wp-block-heading\" id=\"impactoseconmicosesociaisdaevoluonegativanaconfianadosconsumidorescaboverdianos\">Impacts \u00e9conomiques et sociaux de l'\u00e9volution n\u00e9gative de la confiance des consommateurs cap-verdiens<\/h2>\n\n\n\n<h3 class=\"wp-block-heading\" id=\"reduodoconsumoeimpactonaeconomiainterna\">R\u00e9duction de la consommation et impact sur l'\u00e9conomie nationale<\/h3>\n\n\n\n<p>La baisse de confiance des consommateurs capverdiens observ\u00e9e au premier trimestre 2025 a un impact direct sur la consommation int\u00e9rieure, qui est l'un des principaux moteurs de l'\u00e9conomie. Lorsque les consommateurs per\u00e7oivent un environnement \u00e9conomique incertain, ils ont tendance \u00e0 r\u00e9duire leurs d\u00e9penses en biens et services non essentiels, en donnant la priorit\u00e9 \u00e0 l'\u00e9pargne ou au remboursement des dettes. Ce comportement entra\u00eene une contraction de la demande int\u00e9rieure, affectant n\u00e9gativement des secteurs tels que le commerce, la restauration et les services, qui d\u00e9pendent fortement de la consommation priv\u00e9e.<\/p>\n\n\n\n<p>Selon la&nbsp;<a href=\"https:\/\/expressodasilhas.cv\/economia\/2025\/05\/15\/indicador-de-confianca-no-consumidor-com-evolucao-negativa-no-1-trimestre-de-2025\/97053\" target=\"_blank\" rel=\"noopener noreferrer nofollow\">Institut national de la statistique (INE)<\/a>, La majorit\u00e9 des familles capverdiennes ont fait part d'une perception n\u00e9gative de l'\u00e9conomie nationale au cours des 12 derniers mois, ce qui a contribu\u00e9 \u00e0 une r\u00e9duction de la consommation. Ce sc\u00e9nario est aggrav\u00e9 par la hausse des prix et le ch\u00f4mage, qui p\u00e8sent sur les budgets familiaux et limitent la capacit\u00e9 de consommation. La chute de l'indice de confiance des consommateurs (CCI) \u00e0 13 points au quatri\u00e8me trimestre de 2024, telle que rapport\u00e9e par l'Institut de recherche sur les politiques \u00e9conomiques (IRPE) de l'Union europ\u00e9enne (UE), a contribu\u00e9 \u00e0 r\u00e9duire la consommation.&nbsp;<a href=\"https:\/\/pt.tradingeconomics.com\/cape-verde\/consumer-confidence\" target=\"_blank\" rel=\"noopener noreferrer nofollow\">\u00c9conomie des \u00e9changes<\/a>, refl\u00e8te cette tendance \u00e0 la r\u00e9tractation \u00e9conomique.<\/p>\n\n\n\n<h3 class=\"wp-block-heading\" id=\"deterioraodomercadodetrabalho\">D\u00e9t\u00e9rioration du march\u00e9 du travail<\/h3>\n\n\n\n<p>La baisse de confiance des consommateurs a \u00e9galement des r\u00e9percussions sur le march\u00e9 du travail, car le d\u00e9clin de la consommation int\u00e9rieure conduit les entreprises \u00e0 ajuster leurs activit\u00e9s, souvent en r\u00e9duisant les co\u00fbts, ce qui peut se traduire par des licenciements ou des gels d'embauche. Ce cycle cr\u00e9e un effet de r\u00e9troaction n\u00e9gatif, la hausse du ch\u00f4mage r\u00e9duisant encore la confiance des consommateurs, ce qui perp\u00e9tue la contraction de l'\u00e9conomie.<\/p>\n\n\n\n<p>Selon le&nbsp;<a href=\"https:\/\/expressodasilhas.cv\/economia\/2025\/05\/15\/indicador-de-confianca-no-consumidor-com-evolucao-negativa-no-1-trimestre-de-2025\/97053\" target=\"_blank\" rel=\"noopener noreferrer nofollow\">INE<\/a>, Selon l'enqu\u00eate, le ch\u00f4mage a \u00e9t\u00e9 l'un des facteurs les plus pr\u00e9occupants au cours des 12 derniers mois. Cette augmentation du ch\u00f4mage, coupl\u00e9e \u00e0 l'inflation, contribue \u00e0 la perception de l'instabilit\u00e9 \u00e9conomique, qui affecte \u00e0 la fois les travailleurs et les employeurs. Le secteur du tourisme, qui repr\u00e9sente environ 25% du produit int\u00e9rieur brut (PIB) du Cap-Vert, est particuli\u00e8rement vuln\u00e9rable \u00e0 ces fluctuations, puisque la r\u00e9duction de la demande touristique a un impact direct sur les niveaux d'emploi dans le secteur.<\/p>\n\n\n\n<h3 class=\"wp-block-heading\" id=\"efeitosnapoupanaenoinvestimentofamiliar\">Effets sur l'\u00e9pargne et l'investissement des familles<\/h3>\n\n\n\n<p>L'\u00e9volution n\u00e9gative de l'ICC influence \u00e9galement les mod\u00e8les d'\u00e9pargne et d'investissement des familles capverdiennes. Bien que certaines familles aient fait \u00e9tat d'une am\u00e9lioration de leur situation \u00e9conomique, comme le mentionne le&nbsp;<a href=\"https:\/\/expressodasilhas.cv\/economia\/2025\/05\/15\/indicador-de-confianca-no-consumidor-com-evolucao-negativa-no-1-trimestre-de-2025\/97053\" target=\"_blank\" rel=\"noopener noreferrer nofollow\">INE<\/a>, La majorit\u00e9 d'entre eux ont encore du mal \u00e0 \u00e9pargner en raison de l'augmentation du co\u00fbt de la vie et de l'incertitude \u00e9conomique.<\/p>\n\n\n\n<p>Le manque de confiance a conduit de nombreuses familles \u00e0 reporter leurs d\u00e9cisions d'investissement, telles que l'achat d'une maison ou de biens durables, qui sont souvent consid\u00e9r\u00e9es comme des engagements financiers \u00e0 long terme. Ce comportement, bien que compr\u00e9hensible dans un contexte d'incertitude, limite la croissance de secteurs tels que la construction et le march\u00e9 immobilier, qui d\u00e9pendent des investissements familiaux. Cependant, les&nbsp;<a href=\"https:\/\/www.diarioeconomico.co.mz\/2025\/04\/01\/mundo\/africa\/cabo-verde-confianca-dos-consumidores-caiu-no-final-de-2024-mas-ha-optimismo-para-2025-diz-ine\/\" target=\"_blank\" rel=\"noopener noreferrer nofollow\">Journal officiel<\/a>&nbsp;souligne que le nombre de familles qui envisagent d'investir dans le logement au cours des deux prochaines ann\u00e9es est en augmentation, ce qui pourrait \u00eatre le signe d'une reprise progressive de la confiance.<\/p>\n\n\n\n<h3 class=\"wp-block-heading\" id=\"pressessobreosserviospblicosepolticasgovernamentais\">Pressions sur les services publics et les politiques gouvernementales<\/h3>\n\n\n\n<p>La baisse de confiance des consommateurs exerce \u00e9galement une pression suppl\u00e9mentaire sur les services publics et les politiques gouvernementales. Lorsque le ch\u00f4mage augmente et que la consommation diminue, les recettes fiscales ont tendance \u00e0 baisser, ce qui limite la capacit\u00e9 du gouvernement \u00e0 financer les programmes sociaux et les investissements publics. Ce sc\u00e9nario pourrait exacerber les in\u00e9galit\u00e9s \u00e9conomiques et sociales, en particulier parmi les populations les plus vuln\u00e9rables.<\/p>\n\n\n\n<p>Pour att\u00e9nuer les effets de la crise de confiance, le gouvernement cap-verdien a mis en \u0153uvre des mesures visant \u00e0 stimuler l'\u00e9conomie et \u00e0 restaurer la confiance des consommateurs. Ces mesures comprennent des initiatives visant \u00e0 soutenir le secteur du tourisme, qui est essentiel \u00e0 la reprise \u00e9conomique du pays, et des programmes d'aide sociale visant \u00e0 att\u00e9nuer l'impact de l'inflation sur les familles \u00e0 faible revenu. Toutefois, l'efficacit\u00e9 de ces mesures d\u00e9pendra de la capacit\u00e9 du gouvernement \u00e0 concilier les contraintes budg\u00e9taires et la n\u00e9cessit\u00e9 de stimuler l'\u00e9conomie.<\/p>\n\n\n\n<h3 class=\"wp-block-heading\" id=\"consequnciaspsicolgicasesociais\">Cons\u00e9quences psychologiques et sociales<\/h3>\n\n\n\n<p>Outre les impacts \u00e9conomiques, l'\u00e9volution n\u00e9gative de la confiance des consommateurs a des effets significatifs sur le bien-\u00eatre psychologique et social des familles cap-verdiennes. L'incertitude \u00e9conomique et la hausse du ch\u00f4mage contribuent \u00e0 augmenter les niveaux de stress et d'anxi\u00e9t\u00e9, ce qui peut affecter la sant\u00e9 mentale et la qualit\u00e9 de vie des gens.<\/p>\n\n\n\n<p>La perte de confiance peut \u00e9galement affaiblir le tissu social, les familles et les communaut\u00e9s \u00e9tant confront\u00e9es \u00e0 des difficult\u00e9s croissantes pour maintenir leur niveau de vie et soutenir les membres les plus vuln\u00e9rables. Ce sc\u00e9nario souligne l'importance des politiques publiques qui ne se contentent pas de relever les d\u00e9fis \u00e9conomiques, mais qui favorisent \u00e9galement le bien-\u00eatre social et psychologique.<\/p>\n\n\n\n<p>En r\u00e9sum\u00e9, l'\u00e9volution n\u00e9gative de l'ICC au Cap-Vert au cours du premier trimestre 2025 met en \u00e9vidence la complexit\u00e9 des d\u00e9fis \u00e9conomiques et sociaux auxquels le pays est confront\u00e9. Le r\u00e9tablissement de la confiance des consommateurs sera essentiel pour stimuler la croissance \u00e9conomique et am\u00e9liorer le bien-\u00eatre des familles, ce qui n\u00e9cessite une approche int\u00e9gr\u00e9e combinant des politiques \u00e9conomiques efficaces et des mesures de soutien social.<\/p>\n\n\n\n<h2 class=\"wp-block-heading\" id=\"concluso\">Conclusion<\/h2>\n\n\n\n<p>L'analyse de l'indicateur de confiance des consommateurs (ICC) au Cap-Vert au premier trimestre 2025 a r\u00e9v\u00e9l\u00e9 une tendance n\u00e9gative, refl\u00e9tant la poursuite de la tendance \u00e0 la baisse observ\u00e9e depuis la fin de l'ann\u00e9e 2024. Cette performance a \u00e9t\u00e9 influenc\u00e9e par des facteurs tels que la hausse des prix et le ch\u00f4mage, qui ont aggrav\u00e9 la perception de l'incertitude \u00e9conomique parmi les consommateurs. Malgr\u00e9 cela, la situation \u00e9conomique et la capacit\u00e9 d'\u00e9pargne des m\u00e9nages se sont l\u00e9g\u00e8rement am\u00e9lior\u00e9es, ce qui sugg\u00e8re une adaptation partielle aux conditions d\u00e9favorables. Toutefois, l'ICC est rest\u00e9 inf\u00e9rieur \u00e0 la moyenne historique, t\u00e9moignant d'un niveau de confiance plus faible qu'\u00e0 l'accoutum\u00e9e, ce qui souligne la gravit\u00e9 du contexte \u00e9conomique actuel (<a href=\"https:\/\/expressodasilhas.cv\/economia\/2025\/05\/15\/indicador-de-confianca-no-consumidor-com-evolucao-negativa-no-1-trimestre-de-2025\/97053\" target=\"_blank\" rel=\"noopener noreferrer nofollow\">Island Express<\/a>).<\/p>\n\n\n\n<p>Les cons\u00e9quences de ces \u00e9volutions n\u00e9gatives sont importantes, allant d'une r\u00e9duction de la consommation int\u00e9rieure, qui affecte des secteurs \u00e9conomiques cl\u00e9s, \u00e0 une augmentation du ch\u00f4mage et de la pression sur les services publics. La baisse de confiance limite \u00e9galement les investissements des familles et exacerbe les in\u00e9galit\u00e9s sociales, tout en contribuant \u00e0 accro\u00eetre le stress et l'anxi\u00e9t\u00e9 au sein de la population. Pour att\u00e9nuer ces effets, il sera essentiel de mettre en \u0153uvre des politiques \u00e9conomiques efficaces qui favorisent la reprise de la confiance, telles que la stimulation du secteur du tourisme et des mesures de soutien aux familles les plus vuln\u00e9rables. En outre, le suivi continu de l'ICC et l'adaptation des politiques publiques aux nouveaux besoins seront essentiels pour r\u00e9tablir la stabilit\u00e9 \u00e9conomique et sociale \u00e0 moyen terme (<a href=\"https:\/\/pt.tradingeconomics.com\/cape-verde\/consumer-confidence\" target=\"_blank\" rel=\"noopener noreferrer nofollow\">\u00c9conomie des \u00e9changes<\/a>).<\/p>","protected":false},"excerpt":{"rendered":"<p>O \u00cdndice de Confian\u00e7a do Consumidor (ICC) em Cabo Verde, um dos principais indicadores econ\u00f3micos que mede o sentimento das fam\u00edlias em rela\u00e7\u00e3o \u00e0 sua situa\u00e7\u00e3o financeira e \u00e0 economia do pa\u00eds, registou uma evolu\u00e7\u00e3o negativa no primeiro trimestre de 2025. Este comportamento reflete a continuidade da tend\u00eancia descendente observada no final de 2024, conforme [&hellip;]<\/p>\n","protected":false},"author":2,"featured_media":3369,"comment_status":"closed","ping_status":"open","sticky":false,"template":"","format":"standard","meta":{"_breakdance_hide_in_design_set":false,"_breakdance_tags":"","footnotes":""},"categories":[1],"tags":[],"class_list":["post-3331","post","type-post","status-publish","format-standard","has-post-thumbnail","hentry","category-blog"],"_links":{"self":[{"href":"https:\/\/consultoria.cv\/fr\/wp-json\/wp\/v2\/posts\/3331","targetHints":{"allow":["GET"]}}],"collection":[{"href":"https:\/\/consultoria.cv\/fr\/wp-json\/wp\/v2\/posts"}],"about":[{"href":"https:\/\/consultoria.cv\/fr\/wp-json\/wp\/v2\/types\/post"}],"author":[{"embeddable":true,"href":"https:\/\/consultoria.cv\/fr\/wp-json\/wp\/v2\/users\/2"}],"replies":[{"embeddable":true,"href":"https:\/\/consultoria.cv\/fr\/wp-json\/wp\/v2\/comments?post=3331"}],"version-history":[{"count":1,"href":"https:\/\/consultoria.cv\/fr\/wp-json\/wp\/v2\/posts\/3331\/revisions"}],"predecessor-version":[{"id":3332,"href":"https:\/\/consultoria.cv\/fr\/wp-json\/wp\/v2\/posts\/3331\/revisions\/3332"}],"wp:featuredmedia":[{"embeddable":true,"href":"https:\/\/consultoria.cv\/fr\/wp-json\/wp\/v2\/media\/3369"}],"wp:attachment":[{"href":"https:\/\/consultoria.cv\/fr\/wp-json\/wp\/v2\/media?parent=3331"}],"wp:term":[{"taxonomy":"category","embeddable":true,"href":"https:\/\/consultoria.cv\/fr\/wp-json\/wp\/v2\/categories?post=3331"},{"taxonomy":"post_tag","embeddable":true,"href":"https:\/\/consultoria.cv\/fr\/wp-json\/wp\/v2\/tags?post=3331"}],"curies":[{"name":"wp","href":"https:\/\/api.w.org\/{rel}","templated":true}]}}