{"id":3271,"date":"2025-05-15T10:47:42","date_gmt":"2025-05-15T11:47:42","guid":{"rendered":"https:\/\/consultoria.cv\/?p=3271"},"modified":"2025-05-15T11:02:56","modified_gmt":"2025-05-15T12:02:56","slug":"forum-em-sao-vicente-construindo-uma-governanca-digital-inclusiva-e-sustentavel","status":"publish","type":"post","link":"https:\/\/consultoria.cv\/fr\/forum-em-sao-vicente-construindo-uma-governanca-digital-inclusiva-e-sustentavel\/","title":{"rendered":"Forum \u00e0 S\u00e3o Vicente : Construire une gouvernance num\u00e9rique inclusive et durable"},"content":{"rendered":"<p>O 5.\u00ba F\u00f3rum da Governan\u00e7a da Internet de Cabo Verde (IGF-CV), realizado nos dias 14 e 15 de maio de 2025, na ilha de S\u00e3o Vicente, surge como uma plataforma essencial para refletir e debater as pol\u00edticas p\u00fablicas da Internet numa sociedade cada vez mais dependente da conectividade digital. Promovido pela Ag\u00eancia Reguladora Multissetorial da Economia (<a href=\"https:\/\/www.arme.cv\/\" target=\"_blank\" rel=\"noopener noreferrer nofollow\">ARME<\/a>), o evento re\u00fane especialistas, representantes governamentais, sociedade civil e academia para discutir estrat\u00e9gias que assegurem uma Internet segura, acess\u00edvel e inclusiva para todos.<\/p>\n\n\n\n<p>Sob o lema \u201cConstruindo Juntos a Governan\u00e7a Digital\u201d, o f\u00f3rum aborda temas globais como o&nbsp;<a href=\"https:\/\/www.un.org\/techenvoy\/global-digital-compact\" target=\"_blank\" rel=\"noopener noreferrer nofollow\">Global Digital Compact (GDC)<\/a>&nbsp;et&nbsp;<a href=\"https:\/\/www.itu.int\/wsis20\/\" target=\"_blank\" rel=\"noopener noreferrer nofollow\">WSIS+20<\/a>, contextualizando-os para a realidade cabo-verdiana. A confer\u00eancia de abertura destaca a import\u00e2ncia de uma abordagem colaborativa para promover um futuro digital sustent\u00e1vel, alinhado com os princ\u00edpios de inclus\u00e3o e equidade.<\/p>\n\n\n\n<p>O programa inclui pain\u00e9is tem\u00e1ticos que exploram quest\u00f5es cruciais, como seguran\u00e7a digital, prote\u00e7\u00e3o de grupos vulner\u00e1veis, inova\u00e7\u00e3o sustent\u00e1vel e a inclus\u00e3o de mulheres nas Tecnologias de Informa\u00e7\u00e3o e Comunica\u00e7\u00e3o (TIC). Estes debates refletem o compromisso de Cabo Verde em alinhar-se com iniciativas internacionais e em implementar pol\u00edticas que promovam a literacia digital, a ciberseguran\u00e7a e a democratiza\u00e7\u00e3o do acesso \u00e0 Internet, conforme delineado na&nbsp;<a href=\"https:\/\/med.gov.cv\/web\/med\/w\/a-estrat%C3%A9gia-digital-de-cabo-verde\" target=\"_blank\" rel=\"noopener noreferrer nofollow\">Estrat\u00e9gia Digital de Cabo Verde<\/a>.<\/p>\n\n\n\n<p>Este f\u00f3rum n\u00e3o apenas refor\u00e7a a posi\u00e7\u00e3o de Cabo Verde como um hub digital na \u00c1frica Ocidental, mas tamb\u00e9m sublinha a import\u00e2ncia de uma governan\u00e7a digital que priorize a sustentabilidade, a inova\u00e7\u00e3o respons\u00e1vel e os direitos digitais.<\/p>\n\n\n\n<h2 class=\"wp-block-heading\" id=\"definiodepolticaspblicasparaagovernanadigital\">Defini\u00e7\u00e3o de Pol\u00edticas P\u00fablicas para a Governan\u00e7a Digital<\/h2>\n\n\n\n<h3 class=\"wp-block-heading\" id=\"estruturasdedilogomultissetorial\">Estruturas de Di\u00e1logo Multissetorial<\/h3>\n\n\n\n<p>A defini\u00e7\u00e3o de pol\u00edticas p\u00fablicas para a governan\u00e7a digital em Cabo Verde tem sido amplamente baseada em plataformas de di\u00e1logo multissetorial, como o F\u00f3rum da Governan\u00e7a da Internet de Cabo Verde (IGF-CV). Este evento, realizado anualmente desde 2020, promove debates abertos e interativos entre representantes do setor p\u00fablico, privado, academia, sociedade civil e comunidade t\u00e9cnica. O formato h\u00edbrido do f\u00f3rum permite maior inclus\u00e3o, possibilitando a participa\u00e7\u00e3o de stakeholders locais e internacionais. A edi\u00e7\u00e3o de 2025, sob o lema \u201cConstruindo Juntos a Governan\u00e7a Digital\u201d, destacou a import\u00e2ncia de alinhar as discuss\u00f5es nacionais ao contexto global, como o&nbsp;<a href=\"https:\/\/expressodasilhas.cv\/economia\/2025\/05\/13\/forum-em-sao-vicente-debate-boa-governanca-da-internet\/97022\" target=\"_blank\" rel=\"noopener noreferrer nofollow\">Global Digital Compact (GDC)<\/a>, promovido pelas Na\u00e7\u00f5es Unidas.<\/p>\n\n\n\n<h3 class=\"wp-block-heading\" id=\"priorizaodeinclusodigital\">Prioriza\u00e7\u00e3o de Inclus\u00e3o Digital<\/h3>\n\n\n\n<p>Uma das principais diretrizes das pol\u00edticas p\u00fablicas discutidas no IGF-CV \u00e9 a inclus\u00e3o digital, com foco em grupos vulner\u00e1veis e na redu\u00e7\u00e3o das desigualdades no acesso \u00e0 tecnologia. No primeiro dia do f\u00f3rum, foi abordada a prote\u00e7\u00e3o online para crian\u00e7as e grupos vulner\u00e1veis, um tema essencial para garantir um ambiente digital seguro e acess\u00edvel para todos. Al\u00e9m disso, debates sobre a inclus\u00e3o de mulheres nas Tecnologias de Informa\u00e7\u00e3o e Comunica\u00e7\u00e3o (TIC) destacaram a necessidade de pol\u00edticas espec\u00edficas para reduzir a disparidade de g\u00eanero no setor digital. Estas iniciativas est\u00e3o alinhadas com a Estrat\u00e9gia Digital de Cabo Verde, que visa transformar o pa\u00eds em um \u201chub digital\u201d para a \u00c1frica Ocidental (<a href=\"https:\/\/med.gov.cv\/web\/med\/w\/a-estrat%C3%A9gia-digital-de-cabo-verde\" target=\"_blank\" rel=\"noopener noreferrer nofollow\">Minist\u00e8re de l'\u00e9conomie num\u00e9rique<\/a>).<\/p>\n\n\n\n<h3 class=\"wp-block-heading\" id=\"seguranadigitaleresilincia\">Seguran\u00e7a Digital e Resili\u00eancia<\/h3>\n\n\n\n<p>Outro eixo fundamental das pol\u00edticas p\u00fablicas debatidas no f\u00f3rum \u00e9 a seguran\u00e7a digital e a resili\u00eancia das infraestruturas tecnol\u00f3gicas. Durante o evento, especialistas discutiram estrat\u00e9gias para proteger os sistemas digitais de Cabo Verde contra amea\u00e7as cibern\u00e9ticas, garantindo a continuidade dos servi\u00e7os essenciais. Este tema \u00e9 particularmente relevante no contexto da Estrat\u00e9gia para a Governa\u00e7\u00e3o Digital de Cabo Verde (EGDCV), que prioriza a implementa\u00e7\u00e3o de medidas legislativas e tecnol\u00f3gicas para fortalecer a seguran\u00e7a digital do pa\u00eds (<a href=\"https:\/\/www.governo.cv\/publicado-plano-de-acao-da-estrategia-para-a-governacao-digital-de-cabo-verde\/\" target=\"_blank\" rel=\"noopener noreferrer nofollow\">Gouvernement du Cap-Vert<\/a>).<\/p>\n\n\n\n<h3 class=\"wp-block-heading\" id=\"direitosdigitaisedemocracia\">Direitos Digitais e Democracia<\/h3>\n\n\n\n<p>A promo\u00e7\u00e3o de direitos digitais e a garantia de uma democracia robusta na era digital tamb\u00e9m foram temas centrais do IGF-CV. Os debates exploraram como as pol\u00edticas p\u00fablicas podem assegurar a liberdade de express\u00e3o, privacidade e prote\u00e7\u00e3o de dados no ambiente online. Estas discuss\u00f5es s\u00e3o especialmente importantes em um contexto onde a transforma\u00e7\u00e3o digital est\u00e1 redefinindo os direitos e deveres dos cidad\u00e3os e do Estado. A Estrat\u00e9gia de Governa\u00e7\u00e3o Digital de Cabo Verde, aprovada em 2021, serve como uma \u201cb\u00fassola\u201d para alinhar as a\u00e7\u00f5es governamentais com os princ\u00edpios de transpar\u00eancia e participa\u00e7\u00e3o cidad\u00e3 (<a href=\"https:\/\/www.governo.cv\/a-estrategia-de-governacao-digital-de-cabo-verde-e-um-documento-do-estado-de-cabo-verde-ministra-edna-oliveira\/\" target=\"_blank\" rel=\"noopener noreferrer nofollow\">Ministra Edna Oliveira<\/a>).<\/p>\n\n\n\n<h3 class=\"wp-block-heading\" id=\"inovaoedesenvolvimentosustentvel\">Inova\u00e7\u00e3o e Desenvolvimento Sustent\u00e1vel<\/h3>\n\n\n\n<p>Por fim, a inova\u00e7\u00e3o respons\u00e1vel e sustent\u00e1vel foi amplamente discutida como um pilar para o futuro digital de Cabo Verde. O f\u00f3rum destacou a necessidade de pol\u00edticas que incentivem o empreendedorismo digital e a ado\u00e7\u00e3o de tecnologias emergentes, como a intelig\u00eancia artificial, de forma \u00e9tica e inclusiva. A Estrat\u00e9gia Digital de Cabo Verde, cofinanciada pelo Banco Mundial, prev\u00ea investimentos de US$ 20 milh\u00f5es em pilares como competitividade digital e infraestrutura de conectividade, refor\u00e7ando o compromisso do pa\u00eds com o desenvolvimento sustent\u00e1vel (<a href=\"https:\/\/med.gov.cv\/web\/med\/w\/a-estrat%C3%A9gia-digital-de-cabo-verde\" target=\"_blank\" rel=\"noopener noreferrer nofollow\">Minist\u00e8re de l'\u00e9conomie num\u00e9rique<\/a>).<\/p>\n\n\n\n<p>O IGF-CV continua a ser uma plataforma essencial para moldar as pol\u00edticas p\u00fablicas de governan\u00e7a digital em Cabo Verde, promovendo um di\u00e1logo inclusivo e alinhado \u00e0s melhores pr\u00e1ticas globais.<\/p>\n\n\n\n<h2 class=\"wp-block-heading\" id=\"inclusodigitaleacessibilidadenaeradigital\">Inclus\u00e3o Digital e Acessibilidade na Era Digital<\/h2>\n\n\n\n<h3 class=\"wp-block-heading\" id=\"polticasdeacessibilidadedigitalparagruposvulnerveis\">Pol\u00edticas de Acessibilidade Digital para Grupos Vulner\u00e1veis<\/h3>\n\n\n\n<p>A acessibilidade digital \u00e9 uma prioridade no contexto das pol\u00edticas p\u00fablicas de governan\u00e7a da Internet em Cabo Verde, especialmente no que diz respeito aos grupos vulner\u00e1veis. Durante o&nbsp;<a href=\"https:\/\/inforpress.cv\/article-3550\" target=\"_blank\" rel=\"noopener noreferrer nofollow\">V F\u00f3rum da Governan\u00e7a da Internet de Cabo Verde (IGF-CV)<\/a>, foram discutidas estrat\u00e9gias para assegurar que crian\u00e7as, idosos, pessoas com defici\u00eancia e popula\u00e7\u00f5es economicamente desfavorecidas tenham acesso igualit\u00e1rio \u00e0s tecnologias digitais. Estas a\u00e7\u00f5es incluem a implementa\u00e7\u00e3o de ferramentas de acessibilidade em plataformas digitais p\u00fablicas e privadas, como leitores de tela, legendagem autom\u00e1tica e interfaces simplificadas.<\/p>\n\n\n\n<p>Al\u00e9m disso, foi destacado o papel das parcerias entre o governo e o setor privado para financiar iniciativas de inclus\u00e3o digital, como a distribui\u00e7\u00e3o de dispositivos tecnol\u00f3gicos a comunidades carentes e a expans\u00e3o de redes de internet para \u00e1reas rurais e remotas. Estas iniciativas est\u00e3o alinhadas com a meta de Cabo Verde de digitalizar 60% dos servi\u00e7os p\u00fablicos at\u00e9 2026 e 80% at\u00e9 2030, conforme relatado pelo&nbsp;<a href=\"https:\/\/www.worldbank.org\/pt\/news\/feature\/2024\/10\/23\/afw-digital-transformation-in-cabo-verde-the-new-horizon\" target=\"_blank\" rel=\"noopener noreferrer nofollow\">Banque mondiale<\/a>.<\/p>\n\n\n\n<h3 class=\"wp-block-heading\" id=\"educaodigitalecapacitaotecnolgica\">Educa\u00e7\u00e3o Digital e Capacita\u00e7\u00e3o Tecnol\u00f3gica<\/h3>\n\n\n\n<p>A capacita\u00e7\u00e3o tecnol\u00f3gica foi um dos pilares debatidos no IGF-CV para promover a inclus\u00e3o digital. Programas como o \u201cWeblabs\u201d, que j\u00e1 inscreveram cerca de 14.000 estudantes em \u00e1reas como desenvolvimento web, rob\u00f3tica e marketing digital, foram destacados como exemplos de boas pr\u00e1ticas. Estes programas n\u00e3o apenas ampliam o acesso ao conhecimento t\u00e9cnico, mas tamb\u00e9m criam oportunidades de emprego e empreendedorismo digital para jovens e adultos.<\/p>\n\n\n\n<p>Outro ponto central foi a necessidade de integrar a educa\u00e7\u00e3o digital nos curr\u00edculos escolares, garantindo que crian\u00e7as e adolescentes adquiram compet\u00eancias digitais desde cedo. Este esfor\u00e7o \u00e9 complementado por iniciativas como a promo\u00e7\u00e3o de oficinas de alfabetiza\u00e7\u00e3o digital para adultos e idosos, com o objetivo de reduzir a exclus\u00e3o digital entre diferentes faixas et\u00e1rias e classes sociais.<\/p>\n\n\n\n<h3 class=\"wp-block-heading\" id=\"infraestruturaeconectividadeparaincluso\">Infraestrutura e Conectividade para Inclus\u00e3o<\/h3>\n\n\n\n<p>A expans\u00e3o da infraestrutura de conectividade \u00e9 um fator essencial para a inclus\u00e3o digital em Cabo Verde. Durante o f\u00f3rum, foi enfatizado que a falta de acesso \u00e0 internet em \u00e1reas rurais e remotas continua sendo um obst\u00e1culo significativo. Para mitigar este problema, o governo cabo-verdiano, em parceria com organiza\u00e7\u00f5es internacionais, tem investido na instala\u00e7\u00e3o de redes de fibra \u00f3tica e no aumento da cobertura de internet m\u00f3vel.<\/p>\n\n\n\n<p>Al\u00e9m disso, iniciativas como o programa &#8220;Sikabadu&#8221; visam atrair investimentos da di\u00e1spora cabo-verdiana para o desenvolvimento de startups e pequenas empresas tecnol\u00f3gicas, promovendo um ecossistema digital inclusivo. Estas a\u00e7\u00f5es est\u00e3o alinhadas com a vis\u00e3o de Cabo Verde de se tornar um hub digital na \u00c1frica Ocidental, conforme detalhado na&nbsp;<a href=\"https:\/\/med.gov.cv\/web\/med\/w\/a-estrat%C3%A9gia-digital-de-cabo-verde\" target=\"_blank\" rel=\"noopener noreferrer nofollow\">Estrat\u00e9gia Digital de Cabo Verde<\/a>.<\/p>\n\n\n\n<h3 class=\"wp-block-heading\" id=\"reduodebarreiraseconmicasaoacessodigital\">Redu\u00e7\u00e3o de Barreiras Econ\u00f4micas ao Acesso Digital<\/h3>\n\n\n\n<p>A redu\u00e7\u00e3o de barreiras econ\u00f4micas foi outro tema amplamente debatido no IGF-CV. A acessibilidade financeira \u00e9 crucial para garantir que todos os cidad\u00e3os possam usufruir dos benef\u00edcios da transforma\u00e7\u00e3o digital. Entre as medidas discutidas est\u00e3o a redu\u00e7\u00e3o dos custos de dispositivos tecnol\u00f3gicos e planos de internet, bem como a cria\u00e7\u00e3o de subs\u00eddios governamentais para fam\u00edlias de baixa renda.<\/p>\n\n\n\n<p>Al\u00e9m disso, foi mencionada a import\u00e2ncia de promover modelos de neg\u00f3cios inclusivos, como a oferta de pacotes de internet gratuitos ou de baixo custo para estudantes e trabalhadores em setores informais. Estas medidas s\u00e3o fundamentais para assegurar que a inclus\u00e3o digital n\u00e3o seja limitada apenas a uma parcela privilegiada da popula\u00e7\u00e3o.<\/p>\n\n\n\n<h3 class=\"wp-block-heading\" id=\"inclusodemulheresnastecnologiasdeinformaoecomunicaotic\">Inclus\u00e3o de Mulheres nas Tecnologias de Informa\u00e7\u00e3o e Comunica\u00e7\u00e3o (TIC)<\/h3>\n\n\n\n<p>Embora a inclus\u00e3o de mulheres nas TIC tenha sido abordada em relat\u00f3rios anteriores, o IGF-CV trouxe novos dados e perspectivas sobre este tema. Foi enfatizado que, apesar dos avan\u00e7os, as mulheres ainda enfrentam desafios significativos no acesso a oportunidades de forma\u00e7\u00e3o e emprego no setor tecnol\u00f3gico. Para enfrentar esta disparidade, foram propostas pol\u00edticas espec\u00edficas, como programas de mentoria e capacita\u00e7\u00e3o voltados para mulheres, al\u00e9m de incentivos fiscais para empresas que promovam a igualdade de g\u00eanero em suas equipes.<\/p>\n\n\n\n<p>Adicionalmente, o f\u00f3rum destacou a import\u00e2ncia de criar campanhas de sensibiliza\u00e7\u00e3o para combater estere\u00f3tipos de g\u00eanero no setor tecnol\u00f3gico, incentivando mais mulheres a ingressarem em \u00e1reas como ci\u00eancia da computa\u00e7\u00e3o, engenharia de software e ciberseguran\u00e7a. Estas a\u00e7\u00f5es s\u00e3o vistas como essenciais para alcan\u00e7ar uma governan\u00e7a digital verdadeiramente inclusiva e equitativa.<\/p>\n\n\n\n<h3 class=\"wp-block-heading\" id=\"proteoonlineeseguranadigitalparatodos\">Prote\u00e7\u00e3o Online e Seguran\u00e7a Digital para Todos<\/h3>\n\n\n\n<p>A prote\u00e7\u00e3o online foi outro aspecto central discutido no IGF-CV, com foco na cria\u00e7\u00e3o de um ambiente digital seguro e acess\u00edvel para todos. Foram apresentadas propostas para fortalecer a legisla\u00e7\u00e3o de prote\u00e7\u00e3o de dados e privacidade, bem como para implementar medidas de seguran\u00e7a cibern\u00e9tica que protejam usu\u00e1rios vulner\u00e1veis contra amea\u00e7as online, como fraudes e ass\u00e9dio.<\/p>\n\n\n\n<p>Al\u00e9m disso, o f\u00f3rum destacou a necessidade de educar a popula\u00e7\u00e3o sobre pr\u00e1ticas seguras na internet, incluindo o uso de senhas fortes, a identifica\u00e7\u00e3o de e-mails fraudulentos e a prote\u00e7\u00e3o de informa\u00e7\u00f5es pessoais. Estas iniciativas s\u00e3o fundamentais para garantir que a inclus\u00e3o digital seja acompanhada por um ambiente online seguro e confi\u00e1vel.<\/p>\n\n\n\n<h2 class=\"wp-block-heading\" id=\"inovaoesustentabilidadenofuturodigital\">Inova\u00e7\u00e3o e Sustentabilidade no Futuro Digital<\/h2>\n\n\n\n<h3 class=\"wp-block-heading\" id=\"incentivosinovaotecnolgicaeempreendedorismodigital\">Incentivos \u00e0 Inova\u00e7\u00e3o Tecnol\u00f3gica e Empreendedorismo Digital<\/h3>\n\n\n\n<p>A promo\u00e7\u00e3o de inova\u00e7\u00e3o tecnol\u00f3gica e o fortalecimento do empreendedorismo digital foram pontos centrais no debate do 5.\u00ba F\u00f3rum da Governa\u00e7\u00e3o da Internet de Cabo Verde (IGF-CV). A cria\u00e7\u00e3o de ambientes favor\u00e1veis para startups e pequenas empresas tecnol\u00f3gicas foi destacada como essencial para impulsionar a economia digital do pa\u00eds. Iniciativas como o programa&nbsp;<strong>Cap-Vert num\u00e9rique<\/strong>, que j\u00e1 atraiu dezenas de startups locais e internacionais, t\u00eam desempenhado um papel significativo no desenvolvimento de solu\u00e7\u00f5es tecnol\u00f3gicas inovadoras. Este programa oferece apoio financeiro, mentoria e acesso a infraestruturas digitais modernas, criando um ecossistema prop\u00edcio \u00e0 inova\u00e7\u00e3o. (<a href=\"https:\/\/www.arme.cv\/\" target=\"_blank\" rel=\"noopener noreferrer nofollow\">ARME<\/a>).<\/p>\n\n\n\n<p>Al\u00e9m disso, foi enfatizada a necessidade de expandir os investimentos em tecnologias emergentes, como intelig\u00eancia artificial (IA) e blockchain, para resolver desafios locais em setores como sa\u00fade, educa\u00e7\u00e3o e agricultura. Por exemplo, a utiliza\u00e7\u00e3o de IA para monitoramento clim\u00e1tico e gest\u00e3o de recursos h\u00eddricos foi apontada como uma solu\u00e7\u00e3o sustent\u00e1vel para os desafios ambientais enfrentados por Cabo Verde.<\/p>\n\n\n\n<h3 class=\"wp-block-heading\" id=\"sustentabilidadedigitalereduodoimpactoambiental\">Sustentabilidade Digital e Redu\u00e7\u00e3o do Impacto Ambiental<\/h3>\n\n\n\n<p>O impacto ambiental das tecnologias digitais foi amplamente discutido, com foco na necessidade de adotar pr\u00e1ticas sustent\u00e1veis no setor. Durante o f\u00f3rum, especialistas destacaram a import\u00e2ncia de implementar infraestruturas digitais energeticamente eficientes e de promover o uso de energias renov\u00e1veis em data centers e redes de telecomunica\u00e7\u00f5es. A Estrat\u00e9gia da Economia Digital de Cabo Verde (EEDCV) j\u00e1 inclui metas espec\u00edficas para a sustentabilidade ambiental, como a integra\u00e7\u00e3o de energia solar em instala\u00e7\u00f5es de TIC. (<a href=\"https:\/\/www.mf.gov.cv\/\" target=\"_blank\" rel=\"noopener noreferrer nofollow\">Minist\u00e8re des finances<\/a>).<\/p>\n\n\n\n<p>Outro ponto abordado foi a gest\u00e3o de res\u00edduos eletr\u00f3nicos, um problema crescente em pa\u00edses em desenvolvimento. Cabo Verde est\u00e1 a explorar parcerias internacionais para implementar programas de reciclagem e reutiliza\u00e7\u00e3o de equipamentos tecnol\u00f3gicos, promovendo uma economia circular no setor digital.<\/p>\n\n\n\n<h3 class=\"wp-block-heading\" id=\"educaoeformaoemtecnologiassustentveis\">Educa\u00e7\u00e3o e Forma\u00e7\u00e3o em Tecnologias Sustent\u00e1veis<\/h3>\n\n\n\n<p>Embora a capacita\u00e7\u00e3o tecnol\u00f3gica j\u00e1 tenha sido debatida em relat\u00f3rios anteriores, este t\u00f3pico foca especificamente na forma\u00e7\u00e3o em tecnologias sustent\u00e1veis. O IGF-CV sublinhou a necessidade de incluir disciplinas relacionadas \u00e0 sustentabilidade digital nos curr\u00edculos educacionais e em programas de forma\u00e7\u00e3o profissional. A cria\u00e7\u00e3o de cursos especializados em \u00e1reas como efici\u00eancia energ\u00e9tica em TIC e design sustent\u00e1vel de software foi identificada como uma prioridade. Estas iniciativas complementam programas existentes, como os&nbsp;<strong>Weblabs<\/strong>, mas com foco espec\u00edfico em pr\u00e1ticas sustent\u00e1veis. (<a href=\"https:\/\/inforpress.cv\/\" target=\"_blank\" rel=\"noopener noreferrer nofollow\">Inforpress<\/a>).<\/p>\n\n\n\n<p>Al\u00e9m disso, foi sugerida a cria\u00e7\u00e3o de parcerias entre universidades e o setor privado para desenvolver solu\u00e7\u00f5es tecnol\u00f3gicas que promovam a sustentabilidade, como sensores IoT para monitoramento ambiental e plataformas digitais para educa\u00e7\u00e3o em sustentabilidade.<\/p>\n\n\n\n<h3 class=\"wp-block-heading\" id=\"inclusodecomunidadesruraisnofuturodigitalsustentvel\">Inclus\u00e3o de Comunidades Rurais no Futuro Digital Sustent\u00e1vel<\/h3>\n\n\n\n<p>A inclus\u00e3o digital de comunidades rurais foi abordada sob a \u00f3tica da sustentabilidade, destacando a import\u00e2ncia de levar tecnologias verdes a \u00e1reas remotas. O IGF-CV discutiu o uso de redes m\u00f3veis alimentadas por energia solar para conectar comunidades sem acesso \u00e0 internet. Estas redes n\u00e3o apenas promovem a inclus\u00e3o digital, mas tamb\u00e9m reduzem a depend\u00eancia de combust\u00edveis f\u00f3sseis. (<a href=\"https:\/\/expressodasilhas.cv\/\" target=\"_blank\" rel=\"noopener noreferrer nofollow\">Island Express<\/a>).<\/p>\n\n\n\n<p>Outro aspecto debatido foi a capacita\u00e7\u00e3o de agricultores e pescadores em tecnologias digitais, como aplicativos de previs\u00e3o clim\u00e1tica e gest\u00e3o de recursos naturais. Estas ferramentas n\u00e3o apenas aumentam a produtividade, mas tamb\u00e9m promovem pr\u00e1ticas sustent\u00e1veis no setor agr\u00edcola e pesqueiro.<\/p>\n\n\n\n<h3 class=\"wp-block-heading\" id=\"regulaoepolticaspblicasparasustentabilidadedigital\">Regula\u00e7\u00e3o e Pol\u00edticas P\u00fablicas para Sustentabilidade Digital<\/h3>\n\n\n\n<p>A cria\u00e7\u00e3o de um quadro regulat\u00f3rio que incentive a inova\u00e7\u00e3o sustent\u00e1vel foi outro tema central. O f\u00f3rum destacou a necessidade de pol\u00edticas p\u00fablicas que promovam a ado\u00e7\u00e3o de tecnologias limpas e a redu\u00e7\u00e3o da pegada de carbono no setor digital. A&nbsp;<strong>Estrat\u00e9gia para a Governa\u00e7\u00e3o Digital de Cabo Verde (EGDCV)<\/strong>&nbsp;j\u00e1 contempla medidas para garantir que a transforma\u00e7\u00e3o digital do pa\u00eds seja alinhada com os Objetivos de Desenvolvimento Sustent\u00e1vel (ODS). (<a href=\"https:\/\/www.governo.cv\/\" target=\"_blank\" rel=\"noopener noreferrer nofollow\">Gouvernement du Cap-Vert<\/a>).<\/p>\n\n\n\n<p>Entre as propostas discutidas est\u00e3o incentivos fiscais para empresas que adotem pr\u00e1ticas sustent\u00e1veis, como o uso de energias renov\u00e1veis e a implementa\u00e7\u00e3o de processos de economia circular. Al\u00e9m disso, foi sugerida a cria\u00e7\u00e3o de um fundo nacional para financiar projetos de inova\u00e7\u00e3o sustent\u00e1vel no setor digital.<\/p>\n\n\n\n<p>Este relat\u00f3rio apresenta uma an\u00e1lise detalhada de como a inova\u00e7\u00e3o e a sustentabilidade est\u00e3o a ser integradas no futuro digital de Cabo Verde, complementando mas n\u00e3o repetindo os t\u00f3picos abordados em relat\u00f3rios anteriores.<\/p>\n\n\n\n<h2 class=\"wp-block-heading\" id=\"concluso\">Conclusion<\/h2>\n\n\n\n<p>O V F\u00f3rum da Governan\u00e7a da Internet de Cabo Verde destacou a relev\u00e2ncia de um di\u00e1logo multissetorial para a defini\u00e7\u00e3o de pol\u00edticas p\u00fablicas que promovam uma governan\u00e7a digital inclusiva, segura e sustent\u00e1vel. Entre os principais temas abordados, sobressa\u00edram a inclus\u00e3o digital, com foco em grupos vulner\u00e1veis, a seguran\u00e7a cibern\u00e9tica e a promo\u00e7\u00e3o de direitos digitais, alinhando as iniciativas nacionais a marcos globais como o&nbsp;<a href=\"https:\/\/expressodasilhas.cv\/economia\/2025\/05\/13\/forum-em-sao-vicente-debate-boa-governanca-da-internet\/97022\" target=\"_blank\" rel=\"noopener noreferrer nofollow\">Global Digital Compact<\/a>. A Estrat\u00e9gia Digital de Cabo Verde, que visa transformar o pa\u00eds num hub tecnol\u00f3gico na \u00c1frica Ocidental, foi reiterada como um pilar essencial para alcan\u00e7ar esses objetivos.<\/p>\n\n\n\n<p>Os debates enfatizaram a necessidade de reduzir desigualdades no acesso \u00e0 tecnologia, expandir a conectividade em \u00e1reas rurais e investir em capacita\u00e7\u00e3o tecnol\u00f3gica para jovens, mulheres e grupos desfavorecidos. Al\u00e9m disso, foram discutidas medidas para fortalecer a resili\u00eancia digital e proteger os cidad\u00e3os contra amea\u00e7as cibern\u00e9ticas, bem como a import\u00e2ncia de incentivar a inova\u00e7\u00e3o tecnol\u00f3gica e o empreendedorismo digital de forma \u00e9tica e sustent\u00e1vel. A integra\u00e7\u00e3o de pr\u00e1ticas ambientais no setor digital, como o uso de energias renov\u00e1veis e a gest\u00e3o de res\u00edduos eletr\u00f3nicos, foi apontada como crucial para garantir um futuro digital sustent\u00e1vel.<\/p>\n\n\n\n<p>Os resultados do f\u00f3rum sublinham o compromisso de Cabo Verde em consolidar-se como refer\u00eancia regional em governan\u00e7a digital, promovendo pol\u00edticas p\u00fablicas inclusivas e alinhadas aos Objetivos de Desenvolvimento Sustent\u00e1vel (ODS). Para avan\u00e7ar, ser\u00e1 essencial intensificar os investimentos em infraestrutura, fomentar parcerias internacionais e assegurar que a transforma\u00e7\u00e3o digital seja acompanhada por um quadro regulat\u00f3rio robusto e adaptado \u00e0s din\u00e2micas globais.<\/p>","protected":false},"excerpt":{"rendered":"<p>O 5.\u00ba F\u00f3rum da Governan\u00e7a da Internet de Cabo Verde (IGF-CV), realizado nos dias 14 e 15 de maio de 2025, na ilha de S\u00e3o Vicente, surge como uma plataforma essencial para refletir e debater as pol\u00edticas p\u00fablicas da Internet numa sociedade cada vez mais dependente da conectividade digital. Promovido pela Ag\u00eancia Reguladora Multissetorial da [&hellip;]<\/p>\n","protected":false},"author":2,"featured_media":3272,"comment_status":"closed","ping_status":"closed","sticky":false,"template":"","format":"standard","meta":{"_breakdance_hide_in_design_set":false,"_breakdance_tags":"","footnotes":""},"categories":[1,216,238,184],"tags":[],"class_list":["post-3271","post","type-post","status-publish","format-standard","has-post-thumbnail","hentry","category-blog","category-estrategia-digital","category-governanca","category-transformacao-digital"],"_links":{"self":[{"href":"https:\/\/consultoria.cv\/fr\/wp-json\/wp\/v2\/posts\/3271","targetHints":{"allow":["GET"]}}],"collection":[{"href":"https:\/\/consultoria.cv\/fr\/wp-json\/wp\/v2\/posts"}],"about":[{"href":"https:\/\/consultoria.cv\/fr\/wp-json\/wp\/v2\/types\/post"}],"author":[{"embeddable":true,"href":"https:\/\/consultoria.cv\/fr\/wp-json\/wp\/v2\/users\/2"}],"replies":[{"embeddable":true,"href":"https:\/\/consultoria.cv\/fr\/wp-json\/wp\/v2\/comments?post=3271"}],"version-history":[{"count":3,"href":"https:\/\/consultoria.cv\/fr\/wp-json\/wp\/v2\/posts\/3271\/revisions"}],"predecessor-version":[{"id":3317,"href":"https:\/\/consultoria.cv\/fr\/wp-json\/wp\/v2\/posts\/3271\/revisions\/3317"}],"wp:featuredmedia":[{"embeddable":true,"href":"https:\/\/consultoria.cv\/fr\/wp-json\/wp\/v2\/media\/3272"}],"wp:attachment":[{"href":"https:\/\/consultoria.cv\/fr\/wp-json\/wp\/v2\/media?parent=3271"}],"wp:term":[{"taxonomy":"category","embeddable":true,"href":"https:\/\/consultoria.cv\/fr\/wp-json\/wp\/v2\/categories?post=3271"},{"taxonomy":"post_tag","embeddable":true,"href":"https:\/\/consultoria.cv\/fr\/wp-json\/wp\/v2\/tags?post=3271"}],"curies":[{"name":"wp","href":"https:\/\/api.w.org\/{rel}","templated":true}]}}