{"id":3261,"date":"2025-05-30T11:44:48","date_gmt":"2025-05-30T12:44:48","guid":{"rendered":"https:\/\/consultoria.cv\/?p=3261"},"modified":"2025-06-03T10:50:51","modified_gmt":"2025-06-03T11:50:51","slug":"programa-start-up-jovem-oportunidade-para-empreendedores-cabo-verdianos-inovarem","status":"publish","type":"post","link":"https:\/\/consultoria.cv\/fr\/programa-start-up-jovem-oportunidade-para-empreendedores-cabo-verdianos-inovarem\/","title":{"rendered":"Programme d'aide \u00e0 la cr\u00e9ation d'entreprises par les jeunes : une occasion pour les entrepreneurs cap-verdiens d'innover"},"content":{"rendered":"<p>O Programa Start-Up Jovem, uma iniciativa de \u00e2mbito nacional promovida pelo Governo de Cabo Verde, destaca-se como uma plataforma estrat\u00e9gica para fomentar o empreendedorismo entre os jovens cabo-verdianos. Lan\u00e7ado oficialmente em 2017 no evento 3E \u2013 Empreendedorismo, Empregabilidade e Emprego, este programa visa capacitar a juventude, especialmente mulheres, para desenvolverem ideias inovadoras e transform\u00e1-las em neg\u00f3cios sustent\u00e1veis. Com foco na descentraliza\u00e7\u00e3o, o programa assegura igualdade de acesso em todo o arquip\u00e9lago, de Santo Ant\u00e3o \u00e0 Brava, promovendo a inclus\u00e3o e o desenvolvimento econ\u00f3mico regional&nbsp;<a href=\"https:\/\/www.governo.cv\/lancado-oficialmente-o-programa-start-up-jovem\/\" target=\"_blank\" rel=\"noopener noreferrer nofollow\">Gouvernement du Cap-Vert<\/a>.<\/p>\n\n\n\n<p>Destinado a jovens entre os 18 e os 35 anos, com forma\u00e7\u00e3o superior ou profissional, o programa apoia a cria\u00e7\u00e3o de empresas novas ou em fase embrion\u00e1ria, incentivando projectos inovadores, com ou sem base tecnol\u00f3gica. Recentemente, foi introduzida uma garantia de financiamento at\u00e9 100% para projectos disruptivos, facilitando o acesso ao cr\u00e9dito e reduzindo barreiras financeiras para empreendedores&nbsp;<a href=\"https:\/\/www.anacao.cv\/noticia\/2023\/03\/16\/programa-start-up-jovem-agora-com-garantia-de-100\/\" target=\"_blank\" rel=\"noopener noreferrer nofollow\">La Nation<\/a>.<\/p>\n\n\n\n<p>Esta iniciativa insere-se num contexto mais amplo de pol\u00edticas p\u00fablicas que priorizam o crescimento econ\u00f3mico, a inclus\u00e3o social e a redu\u00e7\u00e3o das desigualdades. O Governo tem investido em programas complementares, como acelera\u00e7\u00e3o empresarial e forma\u00e7\u00e3o tecnol\u00f3gica, para criar um ecossistema prop\u00edcio ao empreendedorismo. Estes esfor\u00e7os s\u00e3o refor\u00e7ados por parcerias internacionais e fundos de desenvolvimento, que ampliam as oportunidades para jovens empreendedores&nbsp;<a href=\"https:\/\/proempresa.cv\/index.php\/promocao-empresarial\/startup-jovem-2\" target=\"_blank\" rel=\"noopener noreferrer nofollow\">Soci\u00e9t\u00e9 Pro<\/a>.<\/p>\n\n\n\n<p>O Programa Start-Up Jovem n\u00e3o s\u00f3 promove a cria\u00e7\u00e3o de emprego e a inova\u00e7\u00e3o, mas tamb\u00e9m contribui para o fortalecimento da economia cabo-verdiana, posicionando o pa\u00eds como um hub de neg\u00f3cios inovadores na regi\u00e3o.<\/p>\n\n\n\n<h2 class=\"wp-block-heading\" id=\"objetivosebenefciosdoprogramastartupjovem\">Objetivos e Benef\u00edcios do Programa Start-Up Jovem<\/h2>\n\n\n\n<h3 class=\"wp-block-heading\" id=\"promoodoempreendedorismojovem\">Promo\u00e7\u00e3o do Empreendedorismo Jovem<\/h3>\n\n\n\n<p>O Programa Start-Up Jovem tem como principal objetivo fomentar o empreendedorismo entre os jovens cabo-verdianos, incentivando a cria\u00e7\u00e3o de novas empresas e a expans\u00e3o de neg\u00f3cios existentes. Este programa visa capacitar jovens com idades entre os 18 e os 35 anos, oferecendo-lhes uma oportunidade de transformar ideias inovadoras em neg\u00f3cios sustent\u00e1veis. A iniciativa est\u00e1 alinhada com os pilares do Plano Estrat\u00e9gico de Desenvolvimento Sustent\u00e1vel (PEDS), promovendo atividades econ\u00f3micas que gerem valor e criem postos de trabalho. (<a href=\"https:\/\/www.governo.cv\/primeiro-ministro-apresenta-o-programa-start-up-jovem\/\" target=\"_blank\" rel=\"noopener noreferrer nofollow\">Gouvernement du Cap-Vert<\/a>)<\/p>\n\n\n\n<h3 class=\"wp-block-heading\" id=\"apoioaodesenvolvimentodeideiasinovadoras\">Apoio ao Desenvolvimento de Ideias Inovadoras<\/h3>\n\n\n\n<p>O programa incentiva a inova\u00e7\u00e3o e a criatividade, proporcionando condi\u00e7\u00f5es para o desenvolvimento de projetos promissores, sejam eles novos ou em fase embrion\u00e1ria. Neg\u00f3cios com base tecnol\u00f3gica ou que introduzam solu\u00e7\u00f5es inovadoras em sectores tradicionais s\u00e3o especialmente valorizados. Este apoio inclui n\u00e3o apenas financiamento, mas tamb\u00e9m capacita\u00e7\u00e3o em gest\u00e3o e acompanhamento t\u00e9cnico durante a implementa\u00e7\u00e3o dos projetos. (<a href=\"https:\/\/proempresa.cv\/index.php\/promocao-empresarial\/startup-jovem-2\" target=\"_blank\" rel=\"noopener noreferrer nofollow\">Soci\u00e9t\u00e9 Pro<\/a>)<\/p>\n\n\n\n<h3 class=\"wp-block-heading\" id=\"condiesdefinanciamentoacessveis\">Condi\u00e7\u00f5es de Financiamento Acess\u00edveis<\/h3>\n\n\n\n<p>Um dos benef\u00edcios mais significativos do programa \u00e9 a disponibiliza\u00e7\u00e3o de financiamento em condi\u00e7\u00f5es vantajosas. Os projetos podem receber entre 500.000$ e 5.000.000$ escudos cabo-verdianos, com uma taxa de juro bonificada em 50% pelo Estado. Esta medida visa reduzir as barreiras financeiras que frequentemente dificultam o acesso ao cr\u00e9dito por parte de jovens empreendedores. (<a href=\"https:\/\/www.governo.cv\/primeiro-ministro-apresenta-o-programa-start-up-jovem\/\" target=\"_blank\" rel=\"noopener noreferrer nofollow\">Gouvernement du Cap-Vert<\/a>)<\/p>\n\n\n\n<h3 class=\"wp-block-heading\" id=\"geraodeempregoesustentabilidade\">Gera\u00e7\u00e3o de Emprego e Sustentabilidade<\/h3>\n\n\n\n<p>Ao promover a cria\u00e7\u00e3o de empresas, o programa contribui diretamente para a gera\u00e7\u00e3o de emprego, especialmente para jovens. Al\u00e9m disso, o foco em neg\u00f3cios sustent\u00e1veis assegura que as empresas apoiadas tenham um impacto positivo a longo prazo, tanto no contexto econ\u00f3mico como social. A iniciativa tamb\u00e9m procura estimular a inclus\u00e3o de mulheres empreendedoras, atrav\u00e9s da parceria com a Associa\u00e7\u00e3o de Mulheres Empres\u00e1rias de Cabo Verde (AMES). (<a href=\"https:\/\/www.progarante.cv\/pt\/produtos\/start-up-jovem\" target=\"_blank\" rel=\"noopener noreferrer nofollow\">Pro-Garante<\/a>)<\/p>\n\n\n\n<h3 class=\"wp-block-heading\" id=\"incubaoeacompanhamentoempresarial\">Incuba\u00e7\u00e3o e Acompanhamento Empresarial<\/h3>\n\n\n\n<p>Outro benef\u00edcio relevante \u00e9 o suporte oferecido \u00e0s empresas nascentes atrav\u00e9s de incubadoras. Estas estruturas fornecem um ambiente favor\u00e1vel para o crescimento dos neg\u00f3cios, oferecendo desde espa\u00e7o f\u00edsico at\u00e9 apoio t\u00e9cnico e consultoria especializada. Este acompanhamento \u00e9 essencial para garantir a sustentabilidade e o sucesso das empresas no longo prazo. (<a href=\"https:\/\/proempresa.cv\/index.php\/promocao-empresarial\/startup-jovem-2\" target=\"_blank\" rel=\"noopener noreferrer nofollow\">Soci\u00e9t\u00e9 Pro<\/a>)<\/p>\n\n\n\n<h2 class=\"wp-block-heading\" id=\"critriosdeelegibilidadeeestruturadefinanciamento\">Crit\u00e9rios de Elegibilidade e Estrutura de Financiamento<\/h2>\n\n\n\n<h3 class=\"wp-block-heading\" id=\"critriosdeelegibilidadeparapromotores\">Crit\u00e9rios de Elegibilidade para Promotores<\/h3>\n\n\n\n<p>O Programa Start-Up Jovem estabelece requisitos espec\u00edficos para os indiv\u00edduos que desejam candidatar-se, garantindo que os benefici\u00e1rios estejam alinhados com os objectivos do programa. Os crit\u00e9rios incluem:<\/p>\n\n\n\n<ul class=\"wp-block-list\">\n<li><strong>Idade<\/strong>: Os candidatos devem ter entre 18 e 35 anos \u00e0 data de aprova\u00e7\u00e3o do projecto. Este requisito visa fomentar o empreendedorismo jovem em Cabo Verde. (<a href=\"https:\/\/proempresa.cv\/index.php\/promocao-empresarial\/startup-jovem-2\" target=\"_blank\" rel=\"noopener noreferrer nofollow\">Soci\u00e9t\u00e9 Pro<\/a>)<\/li>\n\n\n\n<li><strong>Nacionalidade<\/strong>: Apenas cidad\u00e3os cabo-verdianos podem beneficiar do programa, refor\u00e7ando o foco no desenvolvimento econ\u00f3mico local. (<a href=\"https:\/\/proempresa.cv\/index.php\/promocao-empresarial\/startup-jovem-2\" target=\"_blank\" rel=\"noopener noreferrer nofollow\">Soci\u00e9t\u00e9 Pro<\/a>)<\/li>\n\n\n\n<li><strong>Forma\u00e7\u00e3o Acad\u00e9mica ou Profissional<\/strong>: \u00c9 exigido que os promotores possuam forma\u00e7\u00e3o superior ou profissional correspondente aos n\u00edveis 4 ou 5 de qualifica\u00e7\u00e3o, assegurando que os candidatos tenham compet\u00eancias adequadas para gerir os seus neg\u00f3cios. (<a href=\"https:\/\/proempresa.cv\/index.php\/promocao-empresarial\/startup-jovem-2\" target=\"_blank\" rel=\"noopener noreferrer nofollow\">Soci\u00e9t\u00e9 Pro<\/a>)<\/li>\n<\/ul>\n\n\n\n<h3 class=\"wp-block-heading\" id=\"critriosdeelegibilidadeparaprojectos\">Crit\u00e9rios de Elegibilidade para Projectos<\/h3>\n\n\n\n<p>Al\u00e9m dos requisitos para os promotores, os projectos submetidos devem cumprir crit\u00e9rios espec\u00edficos para serem considerados eleg\u00edveis:<\/p>\n\n\n\n<ul class=\"wp-block-list\">\n<li><strong>Estado do Projecto<\/strong>: O programa aceita projectos novos, embrion\u00e1rios ou em fase de constitui\u00e7\u00e3o, desde que apresentem potencial inovador. (<a href=\"https:\/\/proempresa.cv\/index.php\/promocao-empresarial\/startup-jovem-2\" target=\"_blank\" rel=\"noopener noreferrer nofollow\">Soci\u00e9t\u00e9 Pro<\/a>)<\/li>\n\n\n\n<li><strong>Innovation et durabilit\u00e9<\/strong>: Os projectos devem estar alinhados com a inova\u00e7\u00e3o e contribuir para a expans\u00e3o de actividades existentes, promovendo a cria\u00e7\u00e3o de postos de trabalho adicionais. (<a href=\"https:\/\/proempresa.cv\/index.php\/promocao-empresarial\/startup-jovem-2\" target=\"_blank\" rel=\"noopener noreferrer nofollow\">Soci\u00e9t\u00e9 Pro<\/a>)<\/li>\n\n\n\n<li><strong>Enquadramento no PEDS<\/strong>: Os projectos devem enquadrar-se em pelo menos um dos tr\u00eas pilares do Plano Estrat\u00e9gico de Desenvolvimento Sustent\u00e1vel (PEDS), garantindo alinhamento com as prioridades nacionais. (<a href=\"https:\/\/proempresa.cv\/index.php\/promocao-empresarial\/startup-jovem-2\" target=\"_blank\" rel=\"noopener noreferrer nofollow\">Soci\u00e9t\u00e9 Pro<\/a>)<\/li>\n<\/ul>\n\n\n\n<h3 class=\"wp-block-heading\" id=\"estruturadefinanciamento\">Estrutura de Financiamento<\/h3>\n\n\n\n<p>O financiamento no \u00e2mbito do Programa Start-Up Jovem \u00e9 estruturado para proporcionar condi\u00e7\u00f5es vantajosas e acess\u00edveis aos empreendedores. Embora j\u00e1 tenha sido abordado que os projectos podem receber entre 500.000$ e 5.000.000$ escudos cabo-verdianos com uma taxa de juro bonificada em 50%, esta sec\u00e7\u00e3o detalha outros aspectos complementares.<\/p>\n\n\n\n<ul class=\"wp-block-list\">\n<li><strong>Garantia de Cr\u00e9dito<\/strong>: O programa oferece uma garantia de 100% para os projectos aprovados, reduzindo os riscos para as institui\u00e7\u00f5es financeiras e facilitando o acesso ao cr\u00e9dito. (<a href=\"https:\/\/proempresa.cv\/index.php\/promocao-empresarial-3\/startup-jovem-100-garantia\" target=\"_blank\" rel=\"noopener noreferrer nofollow\">Soci\u00e9t\u00e9 Pro<\/a>)<\/li>\n\n\n\n<li><strong>Isen\u00e7\u00f5es Fiscais<\/strong>: As empresas benefici\u00e1rias usufruem de uma taxa reduzida de IRPC (Imposto sobre Rendimento de Pessoas Colectivas) de 5% nos primeiros cinco anos de actividade. Para empresas do sector de Tecnologias da Informa\u00e7\u00e3o e Comunica\u00e7\u00e3o (TIC) e Investiga\u00e7\u00e3o e Desenvolvimento (I&amp;D), a taxa \u00e9 ainda menor, fixando-se em 2,5%. (<a href=\"https:\/\/proempresa.cv\/index.php\/imprensa-2\/noticias-blog\/54-incentivos-as-empresas-startup-jovem\" target=\"_blank\" rel=\"noopener noreferrer nofollow\">Soci\u00e9t\u00e9 Pro<\/a>)<\/li>\n\n\n\n<li><strong>Benef\u00edcios Aduaneiros<\/strong>: Os benefici\u00e1rios est\u00e3o isentos de direitos aduaneiros, ICE (Imposto sobre o Consumo Espec\u00edfico) e IVA (Imposto sobre o Valor Acrescentado) na importa\u00e7\u00e3o de ve\u00edculos de transporte de mercadorias, desde que cumpram crit\u00e9rios espec\u00edficos, como idade do ve\u00edculo e capacidade de transporte. (<a href=\"https:\/\/proempresa.cv\/index.php\/imprensa-2\/noticias-blog\/54-incentivos-as-empresas-startup-jovem\" target=\"_blank\" rel=\"noopener noreferrer nofollow\">Soci\u00e9t\u00e9 Pro<\/a>)<\/li>\n<\/ul>\n\n\n\n<h3 class=\"wp-block-heading\" id=\"requisitosparaempresas\">Requisitos para Empresas<\/h3>\n\n\n\n<p>Os requisitos para as empresas que desejam beneficiar do programa s\u00e3o igualmente rigorosos, assegurando que os recursos sejam aplicados em iniciativas com elevado potencial de impacto:<\/p>\n\n\n\n<ul class=\"wp-block-list\">\n<li><strong>Constitui\u00e7\u00e3o Formal<\/strong>: As empresas devem estar formalmente constitu\u00eddas h\u00e1 no m\u00e1ximo dois anos, garantindo que o programa apoie neg\u00f3cios em fases iniciais. (<a href=\"https:\/\/proempresa.cv\/index.php\/promocao-empresarial-3\/startup-jovem-100-garantia\" target=\"_blank\" rel=\"noopener noreferrer nofollow\">Soci\u00e9t\u00e9 Pro<\/a>)<\/li>\n\n\n\n<li><strong>Estrutura de Capital<\/strong>: Pelo menos 60% do capital social da empresa deve ser detido por jovens com idades entre 18 e 35 anos, promovendo a participa\u00e7\u00e3o activa dos jovens no desenvolvimento econ\u00f3mico. (<a href=\"https:\/\/proempresa.cv\/index.php\/promocao-empresarial-3\/startup-jovem-100-garantia\" target=\"_blank\" rel=\"noopener noreferrer nofollow\">Soci\u00e9t\u00e9 Pro<\/a>)<\/li>\n<\/ul>\n\n\n\n<h3 class=\"wp-block-heading\" id=\"apoiotcnicoeacompanhamento\">Apoio T\u00e9cnico e Acompanhamento<\/h3>\n\n\n\n<p>Al\u00e9m do financiamento, o programa oferece suporte t\u00e9cnico aos benefici\u00e1rios, garantindo que os empreendedores tenham as ferramentas necess\u00e1rias para gerir os seus neg\u00f3cios de forma eficaz:<\/p>\n\n\n\n<ul class=\"wp-block-list\">\n<li><strong>Forma\u00e7\u00e3o e Capacita\u00e7\u00e3o<\/strong>: S\u00e3o disponibilizados programas de forma\u00e7\u00e3o e capacita\u00e7\u00e3o em \u00e1reas como gest\u00e3o empresarial, marketing e inova\u00e7\u00e3o, assegurando que os promotores estejam preparados para enfrentar os desafios do mercado. (<a href=\"https:\/\/proempresa.cv\/index.php\/promocao-empresarial\/startup-jovem-2\" target=\"_blank\" rel=\"noopener noreferrer nofollow\">Soci\u00e9t\u00e9 Pro<\/a>)<\/li>\n\n\n\n<li><strong>Acompanhamento Personalizado<\/strong>: Os projectos aprovados recebem acompanhamento cont\u00ednuo por parte de consultores especializados, promovendo a sustentabilidade e o crescimento das empresas apoiadas. (<a href=\"https:\/\/proempresa.cv\/index.php\/promocao-empresarial\/startup-jovem-2\" target=\"_blank\" rel=\"noopener noreferrer nofollow\">Soci\u00e9t\u00e9 Pro<\/a>)<\/li>\n<\/ul>\n\n\n\n<h3 class=\"wp-block-heading\" id=\"diferenciaoemrelaoaocontedoexistente\">Diferencia\u00e7\u00e3o em Rela\u00e7\u00e3o ao Conte\u00fado Existente<\/h3>\n\n\n\n<p>Embora o conte\u00fado existente j\u00e1 tenha abordado as condi\u00e7\u00f5es de financiamento acess\u00edveis, este relat\u00f3rio expande a an\u00e1lise ao detalhar os crit\u00e9rios de elegibilidade para promotores e projectos, bem como os requisitos espec\u00edficos para empresas e a estrutura de financiamento, incluindo garantias de cr\u00e9dito e benef\u00edcios fiscais. Adicionalmente, s\u00e3o explorados os aspectos de apoio t\u00e9cnico e acompanhamento, que n\u00e3o foram mencionados anteriormente.<\/p>\n\n\n\n<h2 class=\"wp-block-heading\" id=\"impactonoempreendedorismoedesenvolvimentoeconmicoemcaboverde\">Impacto no Empreendedorismo e Desenvolvimento Econ\u00f3mico em Cabo Verde<\/h2>\n\n\n\n<h3 class=\"wp-block-heading\" id=\"estmuloinovaoecriaodestartups\">Est\u00edmulo \u00e0 Inova\u00e7\u00e3o e Cria\u00e7\u00e3o de Startups<\/h3>\n\n\n\n<p>O Programa Start-Up Jovem tem contribu\u00eddo significativamente para o fortalecimento do ecossistema empreendedor em Cabo Verde, promovendo a cria\u00e7\u00e3o de startups inovadoras. Este impacto \u00e9 vis\u00edvel na emerg\u00eancia de empresas em sectores como a tecnologia, economia criativa e energias renov\u00e1veis, que t\u00eam registado um crescimento not\u00e1vel. Atrav\u00e9s de incentivos financeiros e t\u00e9cnicos, o programa facilita a implementa\u00e7\u00e3o de ideias de neg\u00f3cio disruptivas, promovendo a diversifica\u00e7\u00e3o econ\u00f3mica e reduzindo a depend\u00eancia de sectores tradicionais, como o turismo. Esta abordagem alinhada com a Estrat\u00e9gia da Economia Digital de Cabo Verde (<a href=\"https:\/\/consultoria.cv\/fr\/transformacao-digital-o-guia-completo-para-empresas-em-cabo-verde\/\">conseil.cv<\/a>) tem permitido ao pa\u00eds posicionar-se como um hub digital na \u00c1frica Ocidental.<\/p>\n\n\n\n<p>Al\u00e9m disso, o programa promove a integra\u00e7\u00e3o de pr\u00e1ticas sustent\u00e1veis nos modelos de neg\u00f3cio das startups, incentivando a ado\u00e7\u00e3o de tecnologias verdes e solu\u00e7\u00f5es ecol\u00f3gicas. Este foco na sustentabilidade \u00e9 essencial para atrair investimentos internacionais e garantir a competitividade das empresas no mercado global.<\/p>\n\n\n\n<h3 class=\"wp-block-heading\" id=\"aumentodainclusoeconmicaesocial\">Aumento da Inclus\u00e3o Econ\u00f3mica e Social<\/h3>\n\n\n\n<p>Uma das contribui\u00e7\u00f5es mais relevantes do programa \u00e9 a inclus\u00e3o de jovens e mulheres no mercado empresarial. Ao oferecer oportunidades de financiamento e capacita\u00e7\u00e3o, o Start-Up Jovem tem permitido que grupos tradicionalmente sub-representados no empreendedorismo acedam a recursos essenciais para iniciar e expandir neg\u00f3cios. Esta inclus\u00e3o econ\u00f3mica tem um impacto directo na redu\u00e7\u00e3o das desigualdades sociais e na promo\u00e7\u00e3o de um desenvolvimento mais equitativo.<\/p>\n\n\n\n<p>O programa tamb\u00e9m tem fomentado a participa\u00e7\u00e3o activa de jovens empreendedores em sectores emergentes, como a biotecnologia e a economia digital. Este envolvimento \u00e9 refor\u00e7ado por iniciativas como o Cabo Verde Digital, que promove a forma\u00e7\u00e3o em compet\u00eancias tecnol\u00f3gicas e a cria\u00e7\u00e3o de redes de colabora\u00e7\u00e3o internacional (<a href=\"https:\/\/cabowork.com\/pt-pt\/startups-em-cabo-verde-ecossistema-lider-palop\/\" target=\"_blank\" rel=\"noopener noreferrer nofollow\">cabowork.com<\/a>).<\/p>\n\n\n\n<h3 class=\"wp-block-heading\" id=\"reduodaeconomiainformal\">Redu\u00e7\u00e3o da Economia Informal<\/h3>\n\n\n\n<p>O Start-Up Jovem desempenha um papel crucial na transi\u00e7\u00e3o da economia informal para a formal. Atrav\u00e9s da formaliza\u00e7\u00e3o de neg\u00f3cios, o programa contribui para o aumento da arrecada\u00e7\u00e3o fiscal e para a cria\u00e7\u00e3o de empregos formais, fortalecendo a base econ\u00f3mica do pa\u00eds. Esta transi\u00e7\u00e3o \u00e9 facilitada por medidas de simplifica\u00e7\u00e3o administrativa e pela disponibiliza\u00e7\u00e3o de financiamento acess\u00edvel, que reduzem as barreiras \u00e0 formaliza\u00e7\u00e3o de empresas.<\/p>\n\n\n\n<p>A formaliza\u00e7\u00e3o tamb\u00e9m promove a protec\u00e7\u00e3o dos direitos laborais e o acesso a benef\u00edcios sociais, melhorando as condi\u00e7\u00f5es de trabalho e a qualidade de vida dos trabalhadores. Este impacto \u00e9 particularmente relevante num contexto em que a economia informal representa uma parcela significativa da actividade econ\u00f3mica em Cabo Verde (<a href=\"https:\/\/consultoria.cv\/fr\/programas-de-aceleracao-empresarial-em-cabo-verde-oportunidades-e-participacao\/\">conseil.cv<\/a>).<\/p>\n\n\n\n<h3 class=\"wp-block-heading\" id=\"desenvolvimentodeinfraestruturasdeapoioaoempreendedorismo\">Desenvolvimento de Infraestruturas de Apoio ao Empreendedorismo<\/h3>\n\n\n\n<p>O programa tem impulsionado o desenvolvimento de infraestruturas de apoio ao empreendedorismo, como incubadoras e aceleradoras de empresas. Estas estruturas oferecem suporte t\u00e9cnico e estrat\u00e9gico \u00e0s startups, desde a fase de idea\u00e7\u00e3o at\u00e9 \u00e0 expans\u00e3o. Atrav\u00e9s de parcerias p\u00fablico-privadas, o governo tem investido na cria\u00e7\u00e3o de espa\u00e7os de coworking e centros de inova\u00e7\u00e3o, que facilitam a colabora\u00e7\u00e3o entre empreendedores e outros actores do ecossistema.<\/p>\n\n\n\n<p>Adicionalmente, a realiza\u00e7\u00e3o de eventos como a Cimeira de Investimento e Financiamento Jovem tem promovido o networking e a capta\u00e7\u00e3o de investimentos para startups cabo-verdianas. Estas iniciativas s\u00e3o fundamentais para fortalecer o ecossistema empreendedor e atrair talentos e recursos internacionais (<a href=\"https:\/\/proempresa.cv\/index.php\/imprensa-2\/noticias-blog\/297-ii-edicao-da-cimeira-de-investimento-e-financiamento-jovem-formacao-inovacao-e-empreendedorismo-cabo-verde-em-acao\" target=\"_blank\" rel=\"noopener noreferrer nofollow\">proempresa.cv<\/a>).<\/p>\n\n\n\n<h3 class=\"wp-block-heading\" id=\"contribuioparaasustentabilidadeeconmicadelongoprazo\">Contribui\u00e7\u00e3o para a Sustentabilidade Econ\u00f3mica de Longo Prazo<\/h3>\n\n\n\n<p>O impacto do Start-Up Jovem na sustentabilidade econ\u00f3mica de Cabo Verde \u00e9 evidente na diversifica\u00e7\u00e3o das actividades econ\u00f3micas e no fortalecimento de sectores estrat\u00e9gicos. A promo\u00e7\u00e3o de neg\u00f3cios inovadores em \u00e1reas como o turismo sustent\u00e1vel e as energias renov\u00e1veis tem potencial para gerar receitas consistentes e reduzir a vulnerabilidade do pa\u00eds a choques externos.<\/p>\n\n\n\n<p>O programa tamb\u00e9m tem incentivado a colabora\u00e7\u00e3o entre startups e grandes empresas, criando sinergias que impulsionam a inova\u00e7\u00e3o e a competitividade. Esta abordagem integrada \u00e9 essencial para garantir que o crescimento econ\u00f3mico seja inclusivo e sustent\u00e1vel a longo prazo (<a href=\"https:\/\/mindelinsite.com\/opiniao\/empreendedorismo-em-cabo-verde-desafios-e-oportunidades-em-um-cenario-dinamico\/\" target=\"_blank\" rel=\"noopener noreferrer nofollow\">mindelinsite.com<\/a>).<\/p>\n\n\n\n<h3 class=\"wp-block-heading\" id=\"capacitaoedesenvolvimentodetalentos\">Formation et d\u00e9veloppement des talents<\/h3>\n\n\n\n<p>A capacita\u00e7\u00e3o de jovens empreendedores \u00e9 um dos pilares do Start-Up Jovem. O programa oferece forma\u00e7\u00e3o em \u00e1reas como gest\u00e3o empresarial, marketing digital e inova\u00e7\u00e3o tecnol\u00f3gica, preparando os participantes para enfrentar os desafios do mercado. Esta forma\u00e7\u00e3o \u00e9 complementada por mentorias e consultorias personalizadas, que ajudam os empreendedores a desenvolver compet\u00eancias pr\u00e1ticas e a implementar estrat\u00e9gias eficazes.<\/p>\n\n\n\n<p>Al\u00e9m disso, o programa promove a educa\u00e7\u00e3o empreendedora nas escolas e universidades, incentivando os jovens a explorar o empreendedorismo como uma carreira vi\u00e1vel. Este foco no desenvolvimento de talentos \u00e9 crucial para criar uma for\u00e7a de trabalho qualificada e alinhada com as necessidades do mercado global (<a href=\"https:\/\/consultoria.cv\/en\/empreendedorismo-em-cabo-verde-como-transformar-ideias-em-negocios-de-sucesso\/\">conseil.cv<\/a>).<\/p>\n\n\n\n<h3 class=\"wp-block-heading\" id=\"impactonaatracodeinvestimentos\">Impacto na Atrac\u00e7\u00e3o de Investimentos<\/h3>\n\n\n\n<p>O Start-Up Jovem tem desempenhado um papel importante na atrac\u00e7\u00e3o de investimentos para Cabo Verde. Atrav\u00e9s da cria\u00e7\u00e3o de um ambiente de neg\u00f3cios favor\u00e1vel e da implementa\u00e7\u00e3o de pol\u00edticas de incentivo, o programa tem atra\u00eddo investidores nacionais e internacionais interessados em apoiar startups promissoras. Este influxo de capital \u00e9 essencial para financiar a expans\u00e3o de empresas e impulsionar o crescimento econ\u00f3mico.<\/p>\n\n\n\n<p>A participa\u00e7\u00e3o de Cabo Verde em redes internacionais de empreendedorismo e inova\u00e7\u00e3o tamb\u00e9m tem aumentado a visibilidade do pa\u00eds como um destino atractivo para investimentos. Este reconhecimento global \u00e9 um testemunho do sucesso do programa em posicionar Cabo Verde como um l\u00edder regional no ecossistema de startups (<a href=\"https:\/\/cabowork.com\/pt-pt\/startups-em-cabo-verde-ecossistema-lider-palop\/\" target=\"_blank\" rel=\"noopener noreferrer nofollow\">cabowork.com<\/a>).<\/p>\n\n\n\n<h2 class=\"wp-block-heading\" id=\"concluso\">Conclusion<\/h2>\n\n\n\n<p>O Programa Start-Up Jovem revelou-se uma iniciativa estrat\u00e9gica para impulsionar o empreendedorismo jovem em Cabo Verde, promovendo a cria\u00e7\u00e3o de empresas inovadoras e sustent\u00e1veis. Com foco em jovens entre os 18 e os 35 anos, o programa oferece financiamento acess\u00edvel, capacita\u00e7\u00e3o t\u00e9cnica e acompanhamento personalizado, permitindo transformar ideias promissoras em neg\u00f3cios vi\u00e1veis. Atrav\u00e9s de incentivos financeiros, como taxas de juro bonificadas e isen\u00e7\u00f5es fiscais, e do apoio a sectores emergentes, como tecnologia e energias renov\u00e1veis, a iniciativa contribui para a diversifica\u00e7\u00e3o econ\u00f3mica e a redu\u00e7\u00e3o da depend\u00eancia de sectores tradicionais, como o turismo. Este esfor\u00e7o est\u00e1 alinhado com os objectivos do Plano Estrat\u00e9gico de Desenvolvimento Sustent\u00e1vel (PEDS), refor\u00e7ando a sustentabilidade e a inclus\u00e3o social no pa\u00eds (<a href=\"https:\/\/proempresa.cv\/index.php\/promocao-empresarial\/startup-jovem-2\" target=\"_blank\" rel=\"noopener noreferrer nofollow\">Soci\u00e9t\u00e9 Pro<\/a>).<\/p>\n\n\n\n<p>Entre os impactos mais significativos, destacam-se a gera\u00e7\u00e3o de emprego, a formaliza\u00e7\u00e3o de neg\u00f3cios e a inclus\u00e3o de mulheres e jovens em sectores estrat\u00e9gicos. A cria\u00e7\u00e3o de infraestruturas de apoio, como incubadoras e aceleradoras, e a promo\u00e7\u00e3o de redes de colabora\u00e7\u00e3o internacional t\u00eam fortalecido o ecossistema empreendedor, posicionando Cabo Verde como um hub de inova\u00e7\u00e3o na \u00c1frica Ocidental. Contudo, para maximizar os resultados, \u00e9 essencial continuar a investir na capacita\u00e7\u00e3o de talentos, na simplifica\u00e7\u00e3o de processos administrativos e na atrac\u00e7\u00e3o de investimentos externos. Este programa n\u00e3o s\u00f3 promove o crescimento econ\u00f3mico sustent\u00e1vel, como tamb\u00e9m refor\u00e7a a competitividade do pa\u00eds no mercado global (<a href=\"https:\/\/cabowork.com\/pt-pt\/startups-em-cabo-verde-ecossistema-lider-palop\/\" target=\"_blank\" rel=\"noopener noreferrer nofollow\">cabowork.com<\/a>).<\/p>","protected":false},"excerpt":{"rendered":"<p>O Programa Start-Up Jovem, uma iniciativa de \u00e2mbito nacional promovida pelo Governo de Cabo Verde, destaca-se como uma plataforma estrat\u00e9gica para fomentar o empreendedorismo entre os jovens cabo-verdianos. Lan\u00e7ado oficialmente em 2017 no evento 3E \u2013 Empreendedorismo, Empregabilidade e Emprego, este programa visa capacitar a juventude, especialmente mulheres, para desenvolverem ideias inovadoras e transform\u00e1-las em [&hellip;]<\/p>\n","protected":false},"author":2,"featured_media":3376,"comment_status":"closed","ping_status":"closed","sticky":false,"template":"","format":"standard","meta":{"_breakdance_hide_in_design_set":false,"_breakdance_tags":"","footnotes":""},"categories":[1],"tags":[],"class_list":["post-3261","post","type-post","status-publish","format-standard","has-post-thumbnail","hentry","category-blog"],"_links":{"self":[{"href":"https:\/\/consultoria.cv\/fr\/wp-json\/wp\/v2\/posts\/3261","targetHints":{"allow":["GET"]}}],"collection":[{"href":"https:\/\/consultoria.cv\/fr\/wp-json\/wp\/v2\/posts"}],"about":[{"href":"https:\/\/consultoria.cv\/fr\/wp-json\/wp\/v2\/types\/post"}],"author":[{"embeddable":true,"href":"https:\/\/consultoria.cv\/fr\/wp-json\/wp\/v2\/users\/2"}],"replies":[{"embeddable":true,"href":"https:\/\/consultoria.cv\/fr\/wp-json\/wp\/v2\/comments?post=3261"}],"version-history":[{"count":2,"href":"https:\/\/consultoria.cv\/fr\/wp-json\/wp\/v2\/posts\/3261\/revisions"}],"predecessor-version":[{"id":3334,"href":"https:\/\/consultoria.cv\/fr\/wp-json\/wp\/v2\/posts\/3261\/revisions\/3334"}],"wp:featuredmedia":[{"embeddable":true,"href":"https:\/\/consultoria.cv\/fr\/wp-json\/wp\/v2\/media\/3376"}],"wp:attachment":[{"href":"https:\/\/consultoria.cv\/fr\/wp-json\/wp\/v2\/media?parent=3261"}],"wp:term":[{"taxonomy":"category","embeddable":true,"href":"https:\/\/consultoria.cv\/fr\/wp-json\/wp\/v2\/categories?post=3261"},{"taxonomy":"post_tag","embeddable":true,"href":"https:\/\/consultoria.cv\/fr\/wp-json\/wp\/v2\/tags?post=3261"}],"curies":[{"name":"wp","href":"https:\/\/api.w.org\/{rel}","templated":true}]}}