{"id":3242,"date":"2025-05-06T11:28:30","date_gmt":"2025-05-06T12:28:30","guid":{"rendered":"https:\/\/consultoria.cv\/?p=3242"},"modified":"2025-05-06T11:47:59","modified_gmt":"2025-05-06T12:47:59","slug":"cabo-verde-techpark-un-centre-technologique-pour-le-monde-entier","status":"publish","type":"post","link":"https:\/\/consultoria.cv\/fr\/techpark-de-cabo-verde-um-hub-tecnologico-para-o-mundo\/","title":{"rendered":"Techpark du Cap-Vert : un centre technologique pour le monde entier"},"content":{"rendered":"<p>Le Cap-Vert a franchi une \u00e9tape importante dans sa strat\u00e9gie de transformation num\u00e9rique avec l'inauguration de Techpark, une infrastructure de pointe qui positionne l'archipel comme un centre technologique de r\u00e9f\u00e9rence en Afrique de l'Ouest. Ce projet ambitieux, largement financ\u00e9 par la Banque africaine de d\u00e9veloppement (BAD), refl\u00e8te la vision de transformer le pays en une nation num\u00e9rique inclusive, connect\u00e9e et globale. Lors de la c\u00e9r\u00e9monie d'inauguration, le Premier ministre Ulisses Correia e Silva a soulign\u00e9 que le Techpark permettra non seulement de cr\u00e9er et d'exporter des services technologiques de haute qualit\u00e9, mais aussi de g\u00e9n\u00e9rer des emplois qualifi\u00e9s pour les jeunes Capverdiens.<\/p>\n\n\n\n<p>Le pr\u00e9sident de la BAD, Akinwumi Adesina, a soulign\u00e9 l'importance de cette \u00e9tape en d\u00e9clarant que \"le Cap-Vert est un exemple important pour attirer les entreprises technologiques du monde entier\". Cette reconnaissance renforce le r\u00f4le de Techpark en tant que catalyseur du d\u00e9veloppement \u00e9conomique et social, tout en favorisant la diversification de l'\u00e9conomie capverdienne, traditionnellement d\u00e9pendante du tourisme.<\/p>\n\n\n\n<p>Dot\u00e9 d'une infrastructure moderne et d'un emplacement strat\u00e9gique dans la r\u00e9gion du centre du littoral atlantique, le parc technologique accueille d\u00e9j\u00e0 des entreprises de plusieurs pays et vise \u00e0 attirer jusqu'\u00e0 30 entreprises d'ici \u00e0 2030. L'initiative comprend des incitations fiscales associ\u00e9es \u00e0 une \"zone franche technologique\", ainsi que des investissements dans la formation de talents locaux et la collaboration avec des institutions universitaires et des start-ups. Cet effort commun vise \u00e0 consolider le Cap-Vert en tant que p\u00f4le num\u00e9rique comp\u00e9titif, capable d'exporter des services technologiques vers les march\u00e9s mondiaux, y compris les pays de langue portugaise (PALOP).<\/p>\n\n\n\n<p>Pour plus de d\u00e9tails sur l'impact de Techpark, visitez le site web de la Commission europ\u00e9enne.&nbsp;<a href=\"https:\/\/www.governo.cv\/ulisses-correia-e-silva-inaugura-parques-tecnologico-da-praia-e-do-mindelo\/\" target=\"_blank\" rel=\"noopener noreferrer nofollow\">Site officiel du gouvernement du Cap-Vert<\/a>&nbsp;ou lisez la couverture compl\u00e8te sur&nbsp;<a href=\"https:\/\/expressodasilhas.cv\/pais\/2025\/05\/05\/techpark-permitira-criar-e-exportar-servicos-tecnologicos-de-cabo-verde-para-o-mundo-pm\/96897\" target=\"_blank\" rel=\"noopener noreferrer nofollow\">Island Express<\/a>.<\/p>\n\n\n\n<h2 class=\"wp-block-heading\" id=\"visogeraldotechparkeoseupapelnatransformaodigitaldecaboverde\">Aper\u00e7u de TechPark et de son r\u00f4le dans la transformation num\u00e9rique du Cap-Vert<\/h2>\n\n\n\n<h3 class=\"wp-block-heading\" id=\"infraestruturaeobjetivosestratgicosdotechpark\">Infrastructure et objectifs strat\u00e9giques de TechPark<\/h3>\n\n\n\n<p>Le TechPark du Cap-Vert, inaugur\u00e9 en mai 2025, repr\u00e9sente une \u00e9tape importante dans la transformation num\u00e9rique de l'archipel. Ce projet, situ\u00e9 dans la ville de Praia, a \u00e9t\u00e9 con\u00e7u comme une infrastructure d'excellence destin\u00e9e \u00e0 favoriser l'\u00e9conomie num\u00e9rique, l'innovation et l'esprit d'entreprise. Le projet fait partie d'une strat\u00e9gie nationale visant \u00e0 positionner le Cap-Vert comme un centre technologique r\u00e9gional en Afrique, en tirant parti de sa situation g\u00e9ographique strat\u00e9gique et de sa stabilit\u00e9 politique.<\/p>\n\n\n\n<p>Le parc technologique a \u00e9t\u00e9 financ\u00e9 \u00e0 hauteur de 95% par la Banque africaine de d\u00e9veloppement (BAD), pour un investissement total d'environ 50 millions d'euros (<a href=\"https:\/\/www.diarioeconomico.co.mz\/2025\/05\/05\/mundo\/africa\/cabo-verde-bad-financiou-95-do-parque-tecnologico-a-ser-inaugurado-hoje-na-capital-do-pais\/\" target=\"_blank\" rel=\"noopener noreferrer nofollow\">Journal officiel<\/a>). Ce soutien t\u00e9moigne de la confiance accord\u00e9e au Cap-Vert en tant qu'exemple de transformation num\u00e9rique sur le continent africain.<\/p>\n\n\n\n<p>En plus d'\u00eatre une infrastructure physique, TechPark est une plateforme qui attire des entreprises technologiques, des start-ups et des centres de recherche, favorisant la cr\u00e9ation d'emplois qualifi\u00e9s et l'exportation de services num\u00e9riques. Le plan d'affaires pr\u00e9voit l'installation de 30 entreprises d'ici 2030, avec la cr\u00e9ation de 1 000 emplois directs et de 2 000 emplois indirects (<a href=\"https:\/\/www.noticiasaominuto.com\/economia\/2774823\/cabo-verde-inaugura-parque-tecnologico-focado-na-exportacao-e-inovacao\" target=\"_blank\" rel=\"noopener noreferrer nofollow\">Nouvelles du monde<\/a>).<\/p>\n\n\n\n<h3 class=\"wp-block-heading\" id=\"apostanaformaoeretenodetalentos\">Parier sur la formation et la r\u00e9tention des talents<\/h3>\n\n\n\n<p>L'un des piliers fondamentaux de TechPark est la formation et la valorisation des talents locaux. L'infrastructure comprend des espaces d\u00e9di\u00e9s \u00e0 la formation sp\u00e9cialis\u00e9e, en partenariat avec des universit\u00e9s et des centres de recherche. Cet effort vise \u00e0 lutter contre le manque de main-d'\u0153uvre qualifi\u00e9e et \u00e0 att\u00e9nuer la fuite des talents, un probl\u00e8me courant dans les pays en d\u00e9veloppement.<\/p>\n\n\n\n<p>TechPark mise \u00e9galement sur la diaspora capverdienne, qui compte environ 1,5 million de personnes, soit trois fois plus que la population r\u00e9sidant sur les \u00eeles. Des \u00e9v\u00e9nements et des initiatives sont organis\u00e9s pour attirer les entrepreneurs et les professionnels de la diaspora, comme une r\u00e9union pr\u00e9vue en juin 2025, au cours de laquelle une entrepreneuse cap-verdienne des \u00c9tats-Unis partagera son exp\u00e9rience et collaborera au d\u00e9veloppement du parc.<\/p>\n\n\n\n<h3 class=\"wp-block-heading\" id=\"incentivosfiscaiseambientedenegcios\">Incitations fiscales et environnement des entreprises<\/h3>\n\n\n\n<p>Pour attirer les investisseurs et les entreprises internationales, TechPark offre un environnement commercial comp\u00e9titif, avec des avantages fiscaux associ\u00e9s \u00e0 une \"zone franche\" pour la technologie. Ce mod\u00e8le comprend des exon\u00e9rations fiscales et d'autres incitations pour les entreprises qui s'\u00e9tablissent dans le parc, ce qui fait du Cap-Vert une alternative attrayante \u00e0 d'autres march\u00e9s africains.<\/p>\n\n\n\n<p>En outre, le pays se distingue par sa stabilit\u00e9 politique, sa libert\u00e9 et sa d\u00e9mocratie, autant de facteurs qui renforcent la confiance des investisseurs. L'engagement du gouvernement \u00e0 d\u00e9velopper des \"\u00eeles technologiques\" en Afrique de l'Ouest est un autre \u00e9l\u00e9ment qui distingue le Cap-Vert sur la sc\u00e8ne r\u00e9gionale.<\/p>\n\n\n\n<h3 class=\"wp-block-heading\" id=\"exportaodeservioseimpactoeconmico\">Exportations de services et impact \u00e9conomique<\/h3>\n\n\n\n<p>TechPark est con\u00e7u pour \u00eatre une unit\u00e9 d'exportation de services technologiques, tirant parti de l'histoire du Cap-Vert en mati\u00e8re d'exportation de services num\u00e9riques vers les pays voisins et les pays de langue portugaise. Des entreprises telles que Visionware, sp\u00e9cialis\u00e9e dans la cybers\u00e9curit\u00e9, op\u00e8rent d\u00e9j\u00e0 dans le parc, fournissant des services \u00e0 la fois au march\u00e9 local et \u00e0 des clients internationaux.<\/p>\n\n\n\n<p>L'exp\u00e9rience accumul\u00e9e par le Centre op\u00e9rationnel pour la soci\u00e9t\u00e9 de l'information (NOSI), une entreprise publique cap-verdienne, a \u00e9galement contribu\u00e9 \u00e0 la cr\u00e9ation d'une culture de l'innovation dans le pays. Le NOSI, qui op\u00e8re \u00e0 TechPark, joue un r\u00f4le crucial dans la num\u00e9risation des services publics et l'exportation de solutions technologiques vers d'autres pays africains, tels que l'Angola.<\/p>\n\n\n\n<h3 class=\"wp-block-heading\" id=\"cooperaointernacionalesustentabilidade\">Coop\u00e9ration internationale et durabilit\u00e9<\/h3>\n\n\n\n<p>Le partenariat avec la Banque africaine de d\u00e9veloppement (BAD) a \u00e9t\u00e9 essentiel pour la r\u00e9alisation de TechPark. Ce soutien s'inscrit dans le cadre d'une d\u00e9cennie de coop\u00e9ration strat\u00e9gique entre le Cap-Vert et la BAD, qui comprend des investissements dans des domaines tels que l'\u00e9nergie durable, les transports et l'\u00e9conomie num\u00e9rique (<a href=\"https:\/\/www.diarioeconomico.co.mz\/2025\/05\/05\/mundo\/africa\/cabo-verde-bad-financiou-95-do-parque-tecnologico-a-ser-inaugurado-hoje-na-capital-do-pais\/\" target=\"_blank\" rel=\"noopener noreferrer nofollow\">Journal officiel<\/a>).<\/p>\n\n\n\n<p>TechPark est \u00e9galement align\u00e9 sur les Objectifs de d\u00e9veloppement durable (ODD), promouvant l'inclusion num\u00e9rique et l'innovation en tant que moteurs de la croissance \u00e9conomique et sociale. L'infrastructure a \u00e9t\u00e9 con\u00e7ue pour \u00eatre \u00e9cologiquement durable, en int\u00e9grant des pratiques d'efficacit\u00e9 \u00e9nerg\u00e9tique et de gestion des ressources.<\/p>\n\n\n\n<h3 class=\"wp-block-heading\" id=\"parceriascomuniversidadesecentrosdeinvestigao\">Partenariats avec les universit\u00e9s et les centres de recherche<\/h3>\n\n\n\n<p>Un autre \u00e9l\u00e9ment central de TechPark est son int\u00e9gration avec les institutions acad\u00e9miques et les centres de recherche. Ces partenariats visent \u00e0 cr\u00e9er un \u00e9cosyst\u00e8me d'innovation qui associe la formation des talents \u00e0 la recherche appliqu\u00e9e. L'objectif est de transformer les id\u00e9es en solutions pratiques, en stimulant le d\u00e9veloppement de start-ups et le transfert de technologie.<\/p>\n\n\n\n<p>Les espaces de coworking et les laboratoires d'innovation de TechPark offrent un environnement collaboratif o\u00f9 entrepreneurs, chercheurs et \u00e9tudiants peuvent d\u00e9velopper des projets communs. Ce mod\u00e8le d'innovation ouverte est essentiel pour relever les d\u00e9fis de la transformation num\u00e9rique et cr\u00e9er des solutions adapt\u00e9es aux besoins locaux et mondiaux.<\/p>\n\n\n\n<p>Bien que le TechPark du Cap-Vert soit une infrastructure r\u00e9cente, son impact est d\u00e9j\u00e0 visible dans la promotion de l'\u00e9conomie num\u00e9rique, la cr\u00e9ation d'emplois et l'exportation de services technologiques. Avec le soutien de partenaires internationaux tels que la BAD et l'engagement du gouvernement \u00e0 d\u00e9velopper un environnement commercial comp\u00e9titif, le TechPark a le potentiel de transformer le Cap-Vert en une r\u00e9f\u00e9rence pour l'innovation et la technologie en Afrique de l'Ouest.<\/p>\n\n\n\n<h2 class=\"wp-block-heading\" id=\"impactoeconmicoesocialcriaodeempregoeexportaodeserviostecnolgicos\">Impact \u00e9conomique et social : cr\u00e9ation d'emplois et exportation de services technologiques<\/h2>\n\n\n\n<h3 class=\"wp-block-heading\" id=\"expansodomercadodetrabalhoemcaboverde\">Expansion du march\u00e9 du travail au Cap-Vert<\/h3>\n\n\n\n<p>Le TechPark du Cap-Vert a \u00e9t\u00e9 un catalyseur pour la cr\u00e9ation d'emplois qualifi\u00e9s, avec un impact direct sur le march\u00e9 du travail de l'archipel. Selon le plan d'affaires du parc, on estime qu'environ 1 000 emplois directs et 2 000 emplois indirects seront cr\u00e9\u00e9s d'ici 2030, dans des domaines tels que le d\u00e9veloppement de logiciels, la cybers\u00e9curit\u00e9, l'analyse de donn\u00e9es et l'assistance technique. Cette croissance est stimul\u00e9e par la pr\u00e9sence d'entreprises internationales telles que Visionware, qui emploie d\u00e9j\u00e0 des dizaines de jeunes Cap-Verdiens dans des fonctions hautement sp\u00e9cialis\u00e9es (<a href=\"https:\/\/www.diarioeconomico.co.mz\/2025\/05\/05\/mundo\/africa\/cabo-verde-bad-financiou-95-do-parque-tecnologico-a-ser-inaugurado-hoje-na-capital-do-pais\/\" target=\"_blank\" rel=\"noopener noreferrer nofollow\">Journal officiel<\/a>).<\/p>\n\n\n\n<p>En outre, le TechPark favorise la r\u00e9tention des talents locaux, emp\u00eachant ainsi la fuite des cerveaux, un probl\u00e8me courant dans les pays en d\u00e9veloppement. Les infrastructures modernes et les possibilit\u00e9s de formation continue offertes par le parc cr\u00e9ent un environnement attrayant pour les jeunes professionnels, qui trouvent d\u00e9sormais au Cap-Vert un endroit o\u00f9 se d\u00e9velopper professionnellement sans avoir \u00e0 \u00e9migrer. Ce mod\u00e8le de r\u00e9tention des talents est essentiel pour renforcer l'\u00e9conomie locale et r\u00e9duire la d\u00e9pendance \u00e0 l'\u00e9gard des envois de fonds de l'\u00e9tranger.<\/p>\n\n\n\n<h3 class=\"wp-block-heading\" id=\"diversificaodaeconomiaereduodadependnciadoturismo\">Diversifier l'\u00e9conomie et r\u00e9duire la d\u00e9pendance \u00e0 l'\u00e9gard du tourisme<\/h3>\n\n\n\n<p>Historiquement, l'\u00e9conomie du Cap-Vert d\u00e9pend fortement du tourisme, un secteur vuln\u00e9rable aux crises mondiales telles que la pand\u00e9mie de COVID-19. TechPark est apparu comme une solution strat\u00e9gique pour diversifier l'\u00e9conomie, en positionnant le pays comme un centre technologique en Afrique de l'Ouest. L'exportation de services technologiques, tels que les solutions de cybers\u00e9curit\u00e9 et la num\u00e9risation des syst\u00e8mes administratifs, repr\u00e9sente d\u00e9j\u00e0 une nouvelle source de revenus pour l'archipel (<a href=\"https:\/\/asemana.cv\/cultura\/88-manchetes\/14941-cabo-verde-inaugura-parque-tecnologico-focado-na-exportacao-e-inovacao\" target=\"_blank\" rel=\"noopener noreferrer nofollow\">La semaine<\/a>).<\/p>\n\n\n\n<p>Des entreprises telles que N\u00facleo Operacional Para a Sociedade de Informa\u00e7\u00e3o (NOSI) ont jou\u00e9 un r\u00f4le crucial dans ce processus, en exportant des solutions num\u00e9riques vers des pays lusophones tels que l'Angola, o\u00f9 elles ont r\u00e9cemment mis en \u0153uvre un syst\u00e8me de num\u00e9risation judiciaire. Ce type d'exportation ne g\u00e9n\u00e8re pas seulement des revenus, mais renforce \u00e9galement la r\u00e9putation du Cap-Vert en tant que fournisseur fiable de services technologiques.<\/p>\n\n\n\n<h3 class=\"wp-block-heading\" id=\"atraodeempresasinternacionaiseinvestimentoestrangeiro\">Attirer les entreprises internationales et les investissements \u00e9trangers<\/h3>\n\n\n\n<p>TechPark est con\u00e7u pour attirer les entreprises technologiques du monde entier, en leur offrant des incitations fiscales et un environnement commercial favorable. La cr\u00e9ation d'une \"zone franche\" pour la technologie, avec des avantages fiscaux sp\u00e9cifiques, a \u00e9t\u00e9 l'un des principaux attraits pour les investisseurs \u00e9trangers. Des entreprises de pays tels que le Portugal, les \u00c9tats-Unis et le Br\u00e9sil ont d\u00e9j\u00e0 manifest\u00e9 leur int\u00e9r\u00eat pour l'installation d'activit\u00e9s dans le parc, tirant parti de la situation strat\u00e9gique du Cap-Vert dans la r\u00e9gion m\u00e9dio-atlantique (<a href=\"https:\/\/observalinguaportuguesa.org\/cabo-verde-inaugura-parque-tecnologico-focado-na-exportacao-e-inovacao\/\" target=\"_blank\" rel=\"noopener noreferrer nofollow\">Observatoire de la langue portugaise<\/a>).<\/p>\n\n\n\n<p>En outre, le financement de 95% pour le TechPark par la Banque africaine de d\u00e9veloppement (BAD) renforce la confiance internationale dans le potentiel du projet. Lors de l'inauguration du parc, le pr\u00e9sident de la BAD, Akinwumi Adesina, a pr\u00e9sent\u00e9 le Cap-Vert comme un exemple d'innovation et de r\u00e9silience \u00e9conomique, encourageant d'autres entreprises \u00e0 investir dans le pays.<\/p>\n\n\n\n<h3 class=\"wp-block-heading\" id=\"formaoecapacitaodejovensprofissionais\">Formation et renforcement des capacit\u00e9s des jeunes professionnels<\/h3>\n\n\n\n<p>L'une des priorit\u00e9s de TechPark est de former de jeunes professionnels dans des domaines technologiques de pointe. En partenariat avec des universit\u00e9s locales et internationales, le parc propose des programmes de formation en intelligence artificielle, blockchain, cybers\u00e9curit\u00e9 et autres technologies \u00e9mergentes. Ces initiatives permettent non seulement de pr\u00e9parer les jeunes au march\u00e9 du travail, mais aussi de cr\u00e9er une base de talents hautement qualifi\u00e9s capables de r\u00e9pondre \u00e0 la demande croissante des entreprises technologiques.<\/p>\n\n\n\n<p>L'implication d'entreprises telles que Visionware, qui utilise le parc comme base pour former et employer des jeunes dans le domaine de la cybers\u00e9curit\u00e9, est un exemple clair de l'impact positif de ces partenariats. Ce mod\u00e8le de formation pratique, combin\u00e9 \u00e0 l'acc\u00e8s aux technologies de pointe, positionne le Cap-Vert comme un leader de l'innovation technologique parmi les pays africains lusophones (<a href=\"https:\/\/cabowork.com\/pt-pt\/startups-em-cabo-verde-ecossistema-lider-palop\/\" target=\"_blank\" rel=\"noopener noreferrer nofollow\">CaboWork<\/a>).<\/p>\n\n\n\n<h3 class=\"wp-block-heading\" id=\"exportaodeserviostecnolgicoscomomotordecrescimento\">L'exportation de services technologiques comme moteur de croissance<\/h3>\n\n\n\n<p>L'exportation de services technologiques est l'un des piliers du mod\u00e8le d'entreprise de TechPark. Le Cap-Vert dispose d\u00e9j\u00e0 d'une solide exp\u00e9rience dans ce domaine, avec des entreprises comme NOSI qui m\u00e8nent des projets de num\u00e9risation dans les pays voisins. Le parc technologique amplifie cette capacit\u00e9 en offrant des infrastructures de classe mondiale, telles que des centres de donn\u00e9es et des r\u00e9seaux de fibres optiques, qui soutiennent la fourniture de services \u00e0 des clients internationaux.<\/p>\n\n\n\n<p>Le plan d'affaires de TechPark pr\u00e9voit que d'ici 2030, le chiffre d'affaires g\u00e9n\u00e9r\u00e9 par l'exportation de services technologiques deviendra l'une des principales sources de revenus du pays. Cette croissance contribue non seulement au PIB, mais cr\u00e9e \u00e9galement des emplois indirects dans des secteurs tels que la logistique, l'assistance technique et le conseil aux entreprises. L'objectif d'atteindre 30 entreprises cr\u00e9\u00e9es d'ici 2030 refl\u00e8te l'engagement du Cap-Vert \u00e0 devenir un centre d'excellence en mati\u00e8re de technologie et d'innovation.<\/p>\n\n\n\n<h3 class=\"wp-block-heading\" id=\"conexocomomercadoglobalenmadasdigitais\">Se connecter au march\u00e9 mondial et aux nomades num\u00e9riques<\/h3>\n\n\n\n<p>La situation strat\u00e9gique du Cap-Vert, combin\u00e9e \u00e0 son infrastructure technologique avanc\u00e9e, fait du pays une destination attrayante pour les nomades num\u00e9riques et les entreprises mondiales. TechPark offre un environnement id\u00e9al pour les professionnels travaillant \u00e0 distance, avec un acc\u00e8s internet \u00e0 haut d\u00e9bit et des espaces de coworking modernes. Ce segment de march\u00e9 conna\u00eet une croissance rapide et le Cap-Vert est bien plac\u00e9 pour s'approprier une part importante de ce public.<\/p>\n\n\n\n<p>En outre, la connectivit\u00e9 internationale de l'archipel, garantie par quatre c\u00e2bles internet sous-marins, permet aux entreprises locales de fournir des services \u00e0 leurs clients partout dans le monde. Cette connectivit\u00e9 est un avantage concurrentiel qui renforce le r\u00f4le du Cap-Vert en tant que centre technologique dans la r\u00e9gion (<a href=\"https:\/\/asemana.cv\/cultura\/88-manchetes\/14941-cabo-verde-inaugura-parque-tecnologico-focado-na-exportacao-e-inovacao\" target=\"_blank\" rel=\"noopener noreferrer nofollow\">La semaine<\/a>).<\/p>\n\n\n\n<hr class=\"wp-block-separator has-alpha-channel-opacity\"\/>\n\n\n\n<p>Ce rapport pr\u00e9sente une vue d'ensemble d\u00e9taill\u00e9e de l'impact \u00e9conomique et social du TechPark du Cap-Vert, mettant en \u00e9vidence la cr\u00e9ation d'emplois, la diversification \u00e9conomique et l'exportation de services technologiques comme piliers du d\u00e9veloppement durable du pays.<\/p>\n\n\n\n<h2 class=\"wp-block-heading\" id=\"parceriasestratgicasebenefciosfiscaisparaatrairinvestimentos\">Partenariats strat\u00e9giques et avantages fiscaux pour attirer les investissements<\/h2>\n\n\n\n<figure class=\"wp-block-gallery has-nested-images columns-default is-cropped wp-block-gallery-1 is-layout-flex wp-block-gallery-is-layout-flex\"><\/figure>\n\n\n\n<h3 class=\"wp-block-heading\" id=\"incentivosfiscaisespecficosparaempresastecnolgicas\">Incitations fiscales sp\u00e9cifiques pour les entreprises technologiques<\/h3>\n\n\n\n<p>Le Cap-Vert a mis en place un ensemble d'incitations fiscales tr\u00e8s comp\u00e9titives pour attirer les entreprises technologiques \u00e0 TechPark, se positionnant ainsi comme une destination strat\u00e9gique pour les investissements dans le secteur technologique. Ces incitations comprennent des exon\u00e9rations de l'imp\u00f4t sur les b\u00e9n\u00e9fices pour des p\u00e9riodes allant jusqu'\u00e0 15 ans, en fonction de l'impact et de l'innovation du projet. En outre, il existe d'importantes r\u00e9ductions des droits de douane pour l'importation d'\u00e9quipements technologiques, ce qui facilite l'\u00e9tablissement d'op\u00e9rations locales. Ce mod\u00e8le fiscal est compl\u00e9t\u00e9 par des accords de double imposition et de protection des investissements, qui garantissent la s\u00e9curit\u00e9 juridique aux investisseurs internationaux (<a href=\"https:\/\/consultoria.cv\/fr\/incitations-fiscales-pour-les-investisseurs-de-la-diaspora-au-cap-vert\/\">S&amp;D Consultancy<\/a>).<\/p>\n\n\n\n<p>Alors que le contenu existant a d\u00e9j\u00e0 couvert le concept de \"zone de libre-\u00e9change\" et les incitations fiscales g\u00e9n\u00e9rales, cette section se concentre sp\u00e9cifiquement sur l'application pratique de ces avantages pour les entreprises technologiques, en d\u00e9taillant les conditions et les avantages exclusifs offerts par le gouvernement du Cap-Vert.<\/p>\n\n\n\n<h3 class=\"wp-block-heading\" id=\"colaboraocominstituiesfinanceirasinternacionais\">Collaboration avec les institutions financi\u00e8res internationales<\/h3>\n\n\n\n<p>Le partenariat strat\u00e9gique avec les institutions financi\u00e8res internationales, telles que la Banque africaine de d\u00e9veloppement (BAD), a jou\u00e9 un r\u00f4le essentiel dans la viabilit\u00e9 de TechPark. La BAD a financ\u00e9 95% du projet, ce qui d\u00e9montre la confiance internationale dans le potentiel du Cap-Vert en tant que p\u00f4le technologique. En outre, le programme Global Gateway de l'Union europ\u00e9enne a d\u00e9bloqu\u00e9 240 millions d'euros pour des projets de transition \u00e9nerg\u00e9tique et d'\u00e9conomie bleue, dont une partie est destin\u00e9e \u00e0 l'infrastructure technologique (<a href=\"https:\/\/expressodasilhas.cv\/pais\/2025\/04\/27\/cabo-verde-inaugura-parque-tecnologico-focado-na-exportacao-e-inovacao\/96770\" target=\"_blank\" rel=\"noopener noreferrer nofollow\">Island Express<\/a>).<\/p>\n\n\n\n<p>Cette section compl\u00e8te les sujets existants en explorant comment ces collaborations financi\u00e8res non seulement rendent TechPark viable, mais cr\u00e9ent \u00e9galement un environnement attractif pour les investisseurs \u00e0 la recherche de stabilit\u00e9 et d'un soutien financier solide.<\/p>\n\n\n\n<h3 class=\"wp-block-heading\" id=\"parceriaspblicoprivadasparaexpansotecnolgica\">Partenariats public-priv\u00e9 pour l'expansion technologique<\/h3>\n\n\n\n<p>Le gouvernement cap-verdien a encourag\u00e9 les partenariats public-priv\u00e9 (PPP) en tant que strat\u00e9gie centrale pour acc\u00e9l\u00e9rer le d\u00e9veloppement de TechPark et accro\u00eetre sa capacit\u00e9 \u00e0 exporter des services technologiques. Ces partenariats comprennent des collaborations avec des entreprises technologiques internationales pour cr\u00e9er des centres de donn\u00e9es, des espaces de coworking et des programmes de formation aux comp\u00e9tences num\u00e9riques. Par exemple, le projet Cabo Verde Digital a servi de catalyseur pour mettre en relation des startups locales avec des entreprises internationales, favorisant ainsi le transfert de connaissances et l'innovation technologique (<a href=\"https:\/\/asemana.cv\/economia\/88-manchetes\/12800-cabo-verde-vai-preparar-programa-para-atrair-startups-internacionais\" target=\"_blank\" rel=\"noopener noreferrer nofollow\">La semaine<\/a>).<\/p>\n\n\n\n<p>Bien que le contenu pr\u00e9c\u00e9dent ait mentionn\u00e9 la coop\u00e9ration internationale, cette section met sp\u00e9cifiquement l'accent sur les PPP en tant que m\u00e9canisme d'int\u00e9gration du secteur priv\u00e9 dans le d\u00e9veloppement du TechPark, en cr\u00e9ant des synergies qui profitent \u00e0 la fois aux entreprises locales et internationales.<\/p>\n\n\n\n<h3 class=\"wp-block-heading\" id=\"facilitaodevistoseinfraestruturadeapoio\">Facilitation de l'obtention des visas et infrastructure d'appui<\/h3>\n\n\n\n<p>Pour attirer les talents et les entreprises technologiques du monde entier, le Cap-Vert a simplifi\u00e9 les proc\u00e9dures de visa et cr\u00e9\u00e9 des infrastructures de soutien sp\u00e9cifiques. Le programme d'admission pour les startups internationales, qui fait partie de la phase II du projet TechPark, comprend des param\u00e8tres clairs sur les co\u00fbts et la dur\u00e9e des visas, ce qui facilite l'entr\u00e9e de professionnels qualifi\u00e9s. En outre, TechPark dispose d\u00e9j\u00e0 de trois centres de donn\u00e9es, d'un centre d'affaires et d'espaces d\u00e9di\u00e9s \u00e0 l'entrepreneuriat et \u00e0 la formation technologique (<a href=\"https:\/\/asemana.cv\/component\/content\/article\/88-manchetes\/12800-cabo-verde-vai-preparar-programa-para-atrair-startups-internacionais?Itemid=639\" target=\"_blank\" rel=\"noopener noreferrer nofollow\">La semaine<\/a>).<\/p>\n\n\n\n<p>Cette section ajoute une nouvelle dimension en examinant comment la facilitation des visas et l'infrastructure de soutien sont des \u00e9l\u00e9ments cl\u00e9s pour attirer les entreprises et les professionnels des technologies, en compl\u00e9ment des incitations fiscales et des partenariats strat\u00e9giques.<\/p>\n\n\n\n<h3 class=\"wp-block-heading\" id=\"promoodeexportaodeserviostecnolgicos\">Promouvoir les exportations de services technologiques<\/h3>\n\n\n\n<p>TechPark a \u00e9t\u00e9 con\u00e7u dans le but de transformer le Cap-Vert en un centre d'exportation de services technologiques vers les march\u00e9s mondiaux. La situation strat\u00e9gique de l'archipel, au milieu de l'Atlantique, lui permet d'acc\u00e9der facilement aux march\u00e9s d'Europe, d'Afrique et d'Am\u00e9rique du Sud. En outre, le gouvernement a investi dans l'infrastructure de fibre optique et la connectivit\u00e9 num\u00e9rique afin que les entreprises du TechPark puissent fonctionner de mani\u00e8re efficace et comp\u00e9titive. L'accent mis sur les exportations est renforc\u00e9 par des programmes tels que Cabo Verde Digital, qui promeut l'internationalisation des startups locales (<a href=\"https:\/\/consultoria.cv\/fr\/analyse-externe-analyse-du-marche-au-cap-vert-tendances-et-opportunites-pour-2025\/\">S&amp;D Consultancy<\/a>).<\/p>\n\n\n\n<p>Alors que l'impact \u00e9conomique de l'exportation de services technologiques a \u00e9t\u00e9 abord\u00e9 dans les rapports pr\u00e9c\u00e9dents, cette section se concentre sur la promotion active de l'internationalisation en tant que strat\u00e9gie centrale du TechPark, en d\u00e9taillant les efforts sp\u00e9cifiques pour positionner le Cap-Vert en tant que fournisseur mondial de services technologiques.<\/p>\n\n\n\n<h2 class=\"wp-block-heading\" id=\"concluso\">Conclusion<\/h2>\n\n\n\n<p>Le TechPark du Cap-Vert est devenu une \u00e9tape importante dans la strat\u00e9gie de diversification \u00e9conomique et de num\u00e9risation de l'archipel, positionnant le pays comme un centre technologique de r\u00e9f\u00e9rence en Afrique de l'Ouest. <\/p>\n\n\n\n<p>Avec un investissement significatif de 50 millions d'euros, financ\u00e9 \u00e0 hauteur de 95% par la Banque africaine de d\u00e9veloppement, le parc technologique combine d'excellentes infrastructures, des incitations fiscales attrayantes et des partenariats strat\u00e9giques pour attirer les entreprises mondiales et favoriser l'innovation. Ce projet favorise non seulement la cr\u00e9ation de 3 000 emplois directs et indirects d'ici 2030, mais renforce \u00e9galement l'exportation de services technologiques, consolidant le Cap-Vert en tant que fournisseur comp\u00e9titif de solutions num\u00e9riques sur les march\u00e9s internationaux, y compris les pays lusophones tels que l'Angola.<\/p>\n\n\n\n<p>TechPark s'engage \u00e9galement \u00e0 former et \u00e0 retenir les talents locaux, \u00e0 lutter contre la fuite des cerveaux gr\u00e2ce \u00e0 des partenariats avec des universit\u00e9s et des centres de recherche, ainsi qu'\u00e0 des initiatives destin\u00e9es \u00e0 la diaspora cap-verdienne. <\/p>\n\n\n\n<p>L'int\u00e9gration des technologies \u00e9mergentes, telles que l'intelligence artificielle et la cybers\u00e9curit\u00e9, dans les programmes de formation pr\u00e9pare les jeunes \u00e0 un march\u00e9 mondial comp\u00e9titif, tandis qu'une connectivit\u00e9 num\u00e9rique robuste, garantie par des c\u00e2bles sous-marins, positionne le Cap-Vert comme une destination attrayante pour les nomades num\u00e9riques et les entreprises technologiques (<a href=\"https:\/\/asemana.cv\/cultura\/88-manchetes\/14941-cabo-verde-inaugura-parque-tecnologico-focado-na-exportacao-e-inovacao\" target=\"_blank\" rel=\"noopener noreferrer nofollow\">La semaine<\/a>).<\/p>\n\n\n\n<p>Avec un mod\u00e8le durable align\u00e9 sur les Objectifs de d\u00e9veloppement durable (ODD), TechPark non seulement diversifie l'\u00e9conomie, en r\u00e9duisant la d\u00e9pendance au tourisme, mais projette \u00e9galement le Cap-Vert comme un exemple d'innovation et de r\u00e9silience \u00e9conomique sur le continent africain. Le succ\u00e8s du projet d\u00e9pendra de la poursuite des partenariats public-priv\u00e9, du renforcement de l'environnement commercial et de la promotion active de l'exportation de services technologiques, consolidant ainsi le pays en tant que centre d'excellence en mati\u00e8re de technologie et d'innovation.<\/p>\n\n\n\n<figure class=\"wp-block-gallery has-nested-images columns-default is-cropped wp-block-gallery-2 is-layout-flex wp-block-gallery-is-layout-flex\">\n<figure class=\"wp-block-image size-large\"><img loading=\"lazy\" decoding=\"async\" width=\"900\" height=\"600\" data-id=\"3244\" src=\"https:\/\/consultoria.cv\/wp-content\/uploads\/2025\/05\/Tech-Park-Akinwumi-AdesinaIMG_6208.webp\" alt=\"\" class=\"wp-image-3244\" srcset=\"https:\/\/consultoria.cv\/wp-content\/uploads\/2025\/05\/Tech-Park-Akinwumi-AdesinaIMG_6208.webp 900w, https:\/\/consultoria.cv\/wp-content\/uploads\/2025\/05\/Tech-Park-Akinwumi-AdesinaIMG_6208-300x200.webp 300w, https:\/\/consultoria.cv\/wp-content\/uploads\/2025\/05\/Tech-Park-Akinwumi-AdesinaIMG_6208-768x512.webp 768w, https:\/\/consultoria.cv\/wp-content\/uploads\/2025\/05\/Tech-Park-Akinwumi-AdesinaIMG_6208-18x12.webp 18w\" sizes=\"auto, (max-width: 900px) 100vw, 900px\" \/><\/figure>\n\n\n\n<figure class=\"wp-block-image size-large\"><img loading=\"lazy\" decoding=\"async\" width=\"900\" height=\"538\" data-id=\"3245\" src=\"https:\/\/consultoria.cv\/wp-content\/uploads\/2025\/05\/Captura-de-ecra-2025-05-06-090030.png\" alt=\"\" class=\"wp-image-3245\" srcset=\"https:\/\/consultoria.cv\/wp-content\/uploads\/2025\/05\/Captura-de-ecra-2025-05-06-090030.png 900w, https:\/\/consultoria.cv\/wp-content\/uploads\/2025\/05\/Captura-de-ecra-2025-05-06-090030-300x179.png 300w, https:\/\/consultoria.cv\/wp-content\/uploads\/2025\/05\/Captura-de-ecra-2025-05-06-090030-768x459.png 768w, https:\/\/consultoria.cv\/wp-content\/uploads\/2025\/05\/Captura-de-ecra-2025-05-06-090030-18x12.png 18w\" sizes=\"auto, (max-width: 900px) 100vw, 900px\" \/><\/figure>\n\n\n\n<figure class=\"wp-block-image size-large\"><img loading=\"lazy\" decoding=\"async\" width=\"1024\" height=\"721\" data-id=\"3250\" src=\"https:\/\/consultoria.cv\/wp-content\/uploads\/2025\/05\/1746463133784.normal.jpg\" alt=\"Tech_park_sd_consultancy_\" class=\"wp-image-3250\" srcset=\"https:\/\/consultoria.cv\/wp-content\/uploads\/2025\/05\/1746463133784.normal.jpg 1024w, https:\/\/consultoria.cv\/wp-content\/uploads\/2025\/05\/1746463133784.normal-300x211.jpg 300w, https:\/\/consultoria.cv\/wp-content\/uploads\/2025\/05\/1746463133784.normal-768x541.jpg 768w, https:\/\/consultoria.cv\/wp-content\/uploads\/2025\/05\/1746463133784.normal-18x12.jpg 18w\" sizes=\"auto, (max-width: 1024px) 100vw, 1024px\" \/><\/figure>\n<\/figure>","protected":false},"excerpt":{"rendered":"<p>Cabo Verde deu um passo significativo na sua estrat\u00e9gia de transforma\u00e7\u00e3o digital com a inaugura\u00e7\u00e3o do Techpark, uma infraestrutura de ponta que posiciona o arquip\u00e9lago como um centro tecnol\u00f3gico de refer\u00eancia na \u00c1frica Ocidental. Este projeto ambicioso, financiado em grande parte pelo Banco Africano de Desenvolvimento (BAD), reflete a vis\u00e3o de transformar o pa\u00eds numa [&hellip;]<\/p>\n","protected":false},"author":2,"featured_media":3243,"comment_status":"closed","ping_status":"closed","sticky":false,"template":"","format":"standard","meta":{"_breakdance_hide_in_design_set":false,"_breakdance_tags":"","footnotes":""},"categories":[255,1,247,177,184],"tags":[],"class_list":["post-3242","post","type-post","status-publish","format-standard","has-post-thumbnail","hentry","category-aceleracao-empresarial","category-blog","category-capacitacao-digital","category-empreendedorismo","category-transformacao-digital"],"_links":{"self":[{"href":"https:\/\/consultoria.cv\/fr\/wp-json\/wp\/v2\/posts\/3242","targetHints":{"allow":["GET"]}}],"collection":[{"href":"https:\/\/consultoria.cv\/fr\/wp-json\/wp\/v2\/posts"}],"about":[{"href":"https:\/\/consultoria.cv\/fr\/wp-json\/wp\/v2\/types\/post"}],"author":[{"embeddable":true,"href":"https:\/\/consultoria.cv\/fr\/wp-json\/wp\/v2\/users\/2"}],"replies":[{"embeddable":true,"href":"https:\/\/consultoria.cv\/fr\/wp-json\/wp\/v2\/comments?post=3242"}],"version-history":[{"count":5,"href":"https:\/\/consultoria.cv\/fr\/wp-json\/wp\/v2\/posts\/3242\/revisions"}],"predecessor-version":[{"id":3258,"href":"https:\/\/consultoria.cv\/fr\/wp-json\/wp\/v2\/posts\/3242\/revisions\/3258"}],"wp:featuredmedia":[{"embeddable":true,"href":"https:\/\/consultoria.cv\/fr\/wp-json\/wp\/v2\/media\/3243"}],"wp:attachment":[{"href":"https:\/\/consultoria.cv\/fr\/wp-json\/wp\/v2\/media?parent=3242"}],"wp:term":[{"taxonomy":"category","embeddable":true,"href":"https:\/\/consultoria.cv\/fr\/wp-json\/wp\/v2\/categories?post=3242"},{"taxonomy":"post_tag","embeddable":true,"href":"https:\/\/consultoria.cv\/fr\/wp-json\/wp\/v2\/tags?post=3242"}],"curies":[{"name":"wp","href":"https:\/\/api.w.org\/{rel}","templated":true}]}}