{"id":3214,"date":"2025-05-01T00:18:57","date_gmt":"2025-05-01T01:18:57","guid":{"rendered":"https:\/\/consultoria.cv\/gunter-pauli-encantado-com-cabo-verde-apela-a-uma-aposta-estrategica-na-economia-azul\/"},"modified":"2025-05-01T00:18:57","modified_gmt":"2025-05-01T01:18:57","slug":"gunter-pauli-encantado-com-cabo-verde-apela-a-uma-aposta-estrategica-na-economia-azul","status":"publish","type":"post","link":"https:\/\/consultoria.cv\/fr\/gunter-pauli-encantado-com-cabo-verde-apela-a-uma-aposta-estrategica-na-economia-azul\/","title":{"rendered":"Gunter Pauli se r\u00e9jouit de l'appel du Cap-Vert en faveur d'un investissement strat\u00e9gique dans l'\u00e9conomie bleue"},"content":{"rendered":"<div>\n<p>Depois da Conversa Aberta com o Primeiro Ministro, Ulisses Correia e Silva, na passada segunda-feira, 28, o renomado economista e especialista em Economia Azul, Gunter Pauli, esteve esta quarta-feira, 30 de abril, em S\u00e3o Vicente, onde manteve uma reuni\u00e3o de trabalho com o Ministro do Mar, Jorge Santos. Durante o encontro, foram debatidas as m\u00faltiplas oportunidades que Cabo Verde possui para se afirmar no cen\u00e1rio internacional atrav\u00e9s do aproveitamento sustent\u00e1vel dos seus recursos marinhos.<\/p>\n<p>\u201cEncantado\u201d com Cabo Verde, Gunter Pauli destacou que o Pa\u00eds tem um enorme potencial, sobretudo a n\u00edvel do mar, mas refor\u00e7ou a necessidade de transformar as ideias em projetos concretos, e sublinhou o fato de Cabo Verde j\u00e1 ter uma estrat\u00e9gia de Economia Azul, mas segundo vincou \u00e9 necess\u00e1rio \u201ctraduzir em projetos concretos, com um portf\u00f3lio de oportunidades que se pode aproveitar\u201d.<\/p>\n<p>O economista sublinhou ainda que o desenvolvimento sustent\u00e1vel n\u00e3o depende apenas de financiamento p\u00fablico, defendendo a cria\u00e7\u00e3o de uma economia centrada no cliente, dizendo mesmo que \u201ctendo cliente \u00e9 poss\u00edvel mobilizar investimentos\u201d.<\/p>\n<p>Para Gunter Pauli, a vida no mar \u00e9 um verdadeiro ativo nacional tendo incentivado Cabo Verde a aprofundar o conhecimento sobre a sua biodiversidade, investir em investiga\u00e7\u00e3o cient\u00edfica e apostar em nichos como o turismo de mergulho. Destacou, igualmente, o potencial do Pa\u00eds na constru\u00e7\u00e3o de um turismo com conte\u00fado, referindo-se \u00e0 hist\u00f3ria da escravatura como uma narrativa importante e com valor cultural a ser partilhada com o mundo.<\/p>\n<p>Ap\u00f3s o encontro, o convidado do Ministro do Mar visitou o Terminal de Cruzeiros e as instala\u00e7\u00f5es dos Estaleiros Navais de Cabo Verde, com o objetivo de conhecer de perto estas duas importantes infraestruturas do setor mar\u00edtimo, e manifestou-se muito impressionado com o n\u00edvel de investimento no Terminal de Cruzeiros, que, segundo destacou, representa um passo decisivo para dotar o Pa\u00eds de um espa\u00e7o moderno e atrativo para a rece\u00e7\u00e3o de turistas. Tamb\u00e9m elogiou a din\u00e2mica e o potencial da CABNAVE, sublinhando o papel estrat\u00e9gico que esta pode desempenhar no refor\u00e7o da economia mar\u00edtima nacional.<\/p>\n<p>A presen\u00e7a de Gunter Pauli insere-se nos esfor\u00e7os cont\u00ednuos do Governo de Cabo Verde em consolidar a Economia Azul como um dos pilares estrat\u00e9gicos do desenvolvimento sustent\u00e1vel, atrav\u00e9s do refor\u00e7o das parcerias internacionais e do di\u00e1logo com especialistas de refer\u00eancia mundial.<\/p>\n<p>\u00a0<\/p>\n<p>O post <a rel=\"nofollow\" href=\"https:\/\/www.governo.cv\/gunter-pauli-encantado-com-cabo-verde-apela-a-uma-aposta-estrategica-na-economia-azul\/\" target=\"_blank\">Gunter Pauli se r\u00e9jouit de l'appel du Cap-Vert en faveur d'un investissement strat\u00e9gique dans l'\u00e9conomie bleue<\/a> apareceu primeiro em <a rel=\"nofollow\" href=\"https:\/\/www.governo.cv\/\" target=\"_blank\">Gouvernement du Cap-Vert<\/a>.<\/p>\n<\/div>","protected":false},"excerpt":{"rendered":"<p>Depois da Conversa Aberta com o Primeiro Ministro, Ulisses Correia e Silva, na passada segunda-feira, 28, o renomado economista e especialista em Economia Azul, Gunter Pauli, esteve esta quarta-feira, 30 de abril, em S\u00e3o Vicente, onde manteve uma reuni\u00e3o de trabalho com o Ministro do Mar, Jorge Santos. Durante o encontro, foram debatidas as m\u00faltiplas [&hellip;]<\/p>\n","protected":false},"author":2,"featured_media":0,"comment_status":"closed","ping_status":"closed","sticky":false,"template":"","format":"standard","meta":{"_breakdance_hide_in_design_set":false,"_breakdance_tags":"","footnotes":""},"categories":[263],"tags":[264],"class_list":["post-3214","post","type-post","status-publish","format-standard","hentry","category-noticias","tag-noticias"],"_links":{"self":[{"href":"https:\/\/consultoria.cv\/fr\/wp-json\/wp\/v2\/posts\/3214","targetHints":{"allow":["GET"]}}],"collection":[{"href":"https:\/\/consultoria.cv\/fr\/wp-json\/wp\/v2\/posts"}],"about":[{"href":"https:\/\/consultoria.cv\/fr\/wp-json\/wp\/v2\/types\/post"}],"author":[{"embeddable":true,"href":"https:\/\/consultoria.cv\/fr\/wp-json\/wp\/v2\/users\/2"}],"replies":[{"embeddable":true,"href":"https:\/\/consultoria.cv\/fr\/wp-json\/wp\/v2\/comments?post=3214"}],"version-history":[{"count":0,"href":"https:\/\/consultoria.cv\/fr\/wp-json\/wp\/v2\/posts\/3214\/revisions"}],"wp:attachment":[{"href":"https:\/\/consultoria.cv\/fr\/wp-json\/wp\/v2\/media?parent=3214"}],"wp:term":[{"taxonomy":"category","embeddable":true,"href":"https:\/\/consultoria.cv\/fr\/wp-json\/wp\/v2\/categories?post=3214"},{"taxonomy":"post_tag","embeddable":true,"href":"https:\/\/consultoria.cv\/fr\/wp-json\/wp\/v2\/tags?post=3214"}],"curies":[{"name":"wp","href":"https:\/\/api.w.org\/{rel}","templated":true}]}}