{"id":3213,"date":"2025-05-01T00:17:55","date_gmt":"2025-05-01T01:17:55","guid":{"rendered":"https:\/\/consultoria.cv\/cabo-verde-assina-convencao-sobre-monitoramento-controlo-e-fiscalizacao-das-atividades-de-pesca-com-a-comissao-sub-regional-das-pescas\/"},"modified":"2025-05-01T00:17:55","modified_gmt":"2025-05-01T01:17:55","slug":"cabo-verde-assina-convencao-sobre-monitoramento-controlo-e-fiscalizacao-das-atividades-de-pesca-com-a-comissao-sub-regional-das-pescas","status":"publish","type":"post","link":"https:\/\/consultoria.cv\/fr\/cabo-verde-assina-convencao-sobre-monitoramento-controlo-e-fiscalizacao-das-atividades-de-pesca-com-a-comissao-sub-regional-das-pescas\/","title":{"rendered":"Le Cap-Vert signe la convention sur le suivi, le contr\u00f4le et l'inspection des activit\u00e9s de p\u00eache avec la Commission sous-r\u00e9gionale des p\u00eaches"},"content":{"rendered":"<div>\n<p>O Governo de Cabo Verde, representado pelo Ministro do Mar, Jorge Santos, assinou ontem, ter\u00e7a-feira, 29 de abril, no Mindelo, a Conven\u00e7\u00e3o sobre Monitoramento, Controlo e Fiscaliza\u00e7\u00e3o (MCF) das Atividades de Pesca nas Zonas Mar\u00edtimas sob Jurisdi\u00e7\u00e3o dos Estados-Membros da Comiss\u00e3o Sub-Regional das Pescas (CSRP). A cerim\u00f3nia contou com a presen\u00e7a do Secret\u00e1rio Permanente Regional da CSRP, Sr. Khallahi Brahim, que testemunhou o ato oficial.<\/p>\n<p>Na sua interven\u00e7\u00e3o, ap\u00f3s a assinatura do documento, o Ministro do Mar destacou que Cabo Verde tem feito uma aposta estrat\u00e9gica no desenvolvimento da Economia Azul, assente em tr\u00eas pilares fundamentais, nomeadamente, a sustentabilidade e a defesa do ecossistema dos Oceanos, a valoriza\u00e7\u00e3o do capital humano e da investiga\u00e7\u00e3o cient\u00edfica e o desenvolvimento da atividade econ\u00f3mica nas \u00e1reas da pesca, do turismo, energias e dos transportes mar\u00edtimos.<\/p>\n<p>O governante sublinhou que o desenvolvimento da economia azul exige a defini\u00e7\u00e3o de regras claras e eficazes, e que esta Conven\u00e7\u00e3o vem justamente refor\u00e7ar esse compromisso, tanto ao n\u00edvel da Zona Econ\u00f3mica Exclusiva (ZEE) de Cabo Verde, como no contexto sub-regional, que integra pa\u00edses como Maurit\u00e2nia, Senegal, G\u00e2mbia, Guin\u00e9-Bissau, Guin\u00e9-Conacri e Serra Leoa. O Ministro manifestou ainda a expectativa de que \u201cmais membros\u201d da Sub-Regi\u00e3o venham aderir \u00e0 Conven\u00e7\u00e3o.<\/p>\n<p>Jorge Santos refor\u00e7ou a relev\u00e2ncia estrat\u00e9gica do Pa\u00eds, afirmando que Cabo Verde est\u00e1 inserido numa das regi\u00f5es \u201cmais ricas\u201d em recursos de tun\u00eddeos do Oceano Atl\u00e2ntico, o que refor\u00e7a a import\u00e2ncia da coopera\u00e7\u00e3o regional para a gest\u00e3o sustent\u00e1vel dos recursos marinhos.<\/p>\n<p>A Conven\u00e7\u00e3o hoje assinada responde \u00e0s preocupa\u00e7\u00f5es partilhadas pelos Estados-membros da CSRP no dom\u00ednio da MCF, clarifica disposi\u00e7\u00f5es constantes de conven\u00e7\u00f5es internacionais e harmoniza os procedimentos de atua\u00e7\u00e3o da CSRP e dos seus membros no combate \u00e0 Pesca Ilegal, N\u00e3o Declarada e N\u00e3o Regulamentada (INN).<\/p>\n<p>Com a assinatura deste importante instrumento, Cabo Verde reafirma o seu compromisso com a preserva\u00e7\u00e3o dos recursos marinhos, a coopera\u00e7\u00e3o regional e a governan\u00e7a sustent\u00e1vel dos oceanos.<\/p>\n<p>O post <a rel=\"nofollow\" href=\"https:\/\/www.governo.cv\/cabo-verde-assina-convencao-sobre-monitoramento-controlo-e-fiscalizacao-das-atividades-de-pesca-com-a-comissao-sub-regional-das-pescas\/\" target=\"_blank\">Le Cap-Vert signe la convention sur le suivi, le contr\u00f4le et l'inspection des activit\u00e9s de p\u00eache avec la Commission sous-r\u00e9gionale des p\u00eaches<\/a> apareceu primeiro em <a rel=\"nofollow\" href=\"https:\/\/www.governo.cv\/\" target=\"_blank\">Gouvernement du Cap-Vert<\/a>.<\/p>\n<\/div>","protected":false},"excerpt":{"rendered":"<p>O Governo de Cabo Verde, representado pelo Ministro do Mar, Jorge Santos, assinou ontem, ter\u00e7a-feira, 29 de abril, no Mindelo, a Conven\u00e7\u00e3o sobre Monitoramento, Controlo e Fiscaliza\u00e7\u00e3o (MCF) das Atividades de Pesca nas Zonas Mar\u00edtimas sob Jurisdi\u00e7\u00e3o dos Estados-Membros da Comiss\u00e3o Sub-Regional das Pescas (CSRP). A cerim\u00f3nia contou com a presen\u00e7a do Secret\u00e1rio Permanente Regional [&hellip;]<\/p>\n","protected":false},"author":2,"featured_media":0,"comment_status":"closed","ping_status":"closed","sticky":false,"template":"","format":"standard","meta":{"_breakdance_hide_in_design_set":false,"_breakdance_tags":"","footnotes":""},"categories":[263],"tags":[264],"class_list":["post-3213","post","type-post","status-publish","format-standard","hentry","category-noticias","tag-noticias"],"_links":{"self":[{"href":"https:\/\/consultoria.cv\/fr\/wp-json\/wp\/v2\/posts\/3213","targetHints":{"allow":["GET"]}}],"collection":[{"href":"https:\/\/consultoria.cv\/fr\/wp-json\/wp\/v2\/posts"}],"about":[{"href":"https:\/\/consultoria.cv\/fr\/wp-json\/wp\/v2\/types\/post"}],"author":[{"embeddable":true,"href":"https:\/\/consultoria.cv\/fr\/wp-json\/wp\/v2\/users\/2"}],"replies":[{"embeddable":true,"href":"https:\/\/consultoria.cv\/fr\/wp-json\/wp\/v2\/comments?post=3213"}],"version-history":[{"count":0,"href":"https:\/\/consultoria.cv\/fr\/wp-json\/wp\/v2\/posts\/3213\/revisions"}],"wp:attachment":[{"href":"https:\/\/consultoria.cv\/fr\/wp-json\/wp\/v2\/media?parent=3213"}],"wp:term":[{"taxonomy":"category","embeddable":true,"href":"https:\/\/consultoria.cv\/fr\/wp-json\/wp\/v2\/categories?post=3213"},{"taxonomy":"post_tag","embeddable":true,"href":"https:\/\/consultoria.cv\/fr\/wp-json\/wp\/v2\/tags?post=3213"}],"curies":[{"name":"wp","href":"https:\/\/api.w.org\/{rel}","templated":true}]}}