{"id":3206,"date":"2025-04-30T19:24:36","date_gmt":"2025-04-30T20:24:36","guid":{"rendered":"https:\/\/consultoria.cv\/?p=3206"},"modified":"2025-05-03T01:16:48","modified_gmt":"2025-05-03T02:16:48","slug":"camara-de-comercio-para-a-lusofonia-e-diasporas-um-marco-para-a-cooperacao-economica-e-cultural","status":"publish","type":"post","link":"https:\/\/consultoria.cv\/fr\/camara-de-comercio-para-a-lusofonia-e-diasporas-um-marco-para-a-cooperacao-economica-e-cultural\/","title":{"rendered":"Chambre de commerce pour la lusophonie et les diasporas : un cadre de coop\u00e9ration \u00e9conomique et culturelle"},"content":{"rendered":"<p>A 29 de abril de 2025, Lisboa foi palco de um evento hist\u00f3rico para a Comunidade dos Pa\u00edses de L\u00edngua Portuguesa (CPLP) com o lan\u00e7amento oficial da C\u00e2mara de Com\u00e9rcio, Ind\u00fastria e Coopera\u00e7\u00e3o da Lusofonia e das Di\u00e1sporas (CCICLD). Esta nova entidade, apresentada na sede da CPLP, no Pal\u00e1cio Conde de Penafiel, surge como uma associa\u00e7\u00e3o sem fins lucrativos, com o objetivo de fortalecer os la\u00e7os empresariais, comerciais, culturais e industriais entre os pa\u00edses lus\u00f3fonos e as suas di\u00e1sporas. Presidida por Paulo Sande, a CCICLD pretende consolidar-se como um pilar estrat\u00e9gico para a coopera\u00e7\u00e3o econ\u00f3mica e social no espa\u00e7o lus\u00f3fono.<\/p>\n\n\n\n<p>O evento contou com o apoio da Presid\u00eancia da Rep\u00fablica e do Governo de Portugal, sublinhando a relev\u00e2ncia desta iniciativa para o desenvolvimento das rela\u00e7\u00f5es multilaterais entre os pa\u00edses de l\u00edngua portuguesa. O Presidente Marcelo Rebelo de Sousa participou atrav\u00e9s de uma mensagem em v\u00eddeo, enquanto o secret\u00e1rio de Estado do Turismo, Pedro Machado, representou o Minist\u00e9rio da Economia na cerim\u00f3nia. Este lan\u00e7amento tamb\u00e9m incluiu uma confer\u00eancia intitulada \u201cO valor econ\u00f3mico das Di\u00e1sporas da Lusofonia\u201d, que reuniu especialistas como Neima Ferreira, do Banco Africano e Compacto Lus\u00f3fono, e Salim Valimamade, da Universidade Cat\u00f3lica de Angola, para debater o impacto das di\u00e1sporas no crescimento econ\u00f3mico da regi\u00e3o.<\/p>\n\n\n\n<p>A CCICLD visa n\u00e3o apenas fomentar o com\u00e9rcio e o investimento entre os Estados-membros da CPLP, mas tamb\u00e9m promover a coopera\u00e7\u00e3o cient\u00edfica e tecnol\u00f3gica, criando um ambiente prop\u00edcio \u00e0 inova\u00e7\u00e3o e ao empreendedorismo. A organiza\u00e7\u00e3o j\u00e1 delineou planos para estabelecer parcerias com institui\u00e7\u00f5es p\u00fablicas, universidades, empresas e organiza\u00e7\u00f5es internacionais, refor\u00e7ando a sua miss\u00e3o de conectar cidad\u00e3os e entidades dos pa\u00edses lus\u00f3fonos. Al\u00e9m disso, a C\u00e2mara planeia candidatar-se ao estatuto de membro observador da CPLP, ampliando a sua capacidade de influ\u00eancia e colabora\u00e7\u00e3o no espa\u00e7o lus\u00f3fono.<\/p>\n\n\n\n<p>Este marco reflete a crescente import\u00e2ncia da lusofonia como um espa\u00e7o de oportunidades econ\u00f3micas e culturais, alinhado com a agenda econ\u00f3mica da CPLP para 2027. Para mais informa\u00e7\u00f5es sobre o evento e os objetivos da CCICLD, consulte o&nbsp;<a href=\"https:\/\/jornaleconomico.sapo.pt\/noticias\/secretario-executivo-destaca-importancia-da-camara-de-comercio-da-lusofonia-na-consolidacao-do-pilar-economico-da-cplp\/\" target=\"_blank\" rel=\"noopener noreferrer nofollow\">Jornal Econ\u00f3mico<\/a>&nbsp;ou le&nbsp;<a href=\"https:\/\/inforpress.cv\/camara-de-comercio-para-lusofonia-e-diasporas-nasce-hoje-em-lisboa\" target=\"_blank\" rel=\"noopener noreferrer nofollow\">Inforpress<\/a>.<\/p>\n\n\n\n<h2 class=\"wp-block-heading\" id=\"objetivoseimportnciadacmaradecomrcioparaalusofoniaedisporas\">Objetivos e Import\u00e2ncia da C\u00e2mara de Com\u00e9rcio para a Lusofonia e Di\u00e1sporas<\/h2>\n\n\n\n<h3 class=\"wp-block-heading\" id=\"reforodacooperaoeconmicaecomercialentrepaseslusfonos\">Refor\u00e7o da Coopera\u00e7\u00e3o Econ\u00f3mica e Comercial entre Pa\u00edses Lus\u00f3fonos<\/h3>\n\n\n\n<p>A C\u00e2mara de Com\u00e9rcio, Ind\u00fastria e Coopera\u00e7\u00e3o da Lusofonia e das Di\u00e1sporas (CCICLD) foi criada com o prop\u00f3sito de promover a integra\u00e7\u00e3o econ\u00f3mica entre os pa\u00edses de l\u00edngua portuguesa e as suas di\u00e1sporas. Este objetivo \u00e9 alcan\u00e7ado atrav\u00e9s da cria\u00e7\u00e3o de redes de neg\u00f3cios, parcerias estrat\u00e9gicas e iniciativas que fomentem o com\u00e9rcio e o investimento entre as na\u00e7\u00f5es lus\u00f3fonas. A CCICLD pretende atuar como um catalisador para a internacionaliza\u00e7\u00e3o das empresas lus\u00f3fonas, ligando empres\u00e1rios e institui\u00e7\u00f5es de pa\u00edses como Brasil, Portugal, Angola, Mo\u00e7ambique, Cabo Verde, Guin\u00e9-Bissau, Timor-Leste, S\u00e3o Tom\u00e9 e Pr\u00edncipe, e Guin\u00e9 Equatorial.<\/p>\n\n\n\n<p>Al\u00e9m disso, a organiza\u00e7\u00e3o busca identificar oportunidades de mercado e facilitar o acesso a bens e servi\u00e7os, promovendo um ambiente favor\u00e1vel ao desenvolvimento econ\u00f3mico. Este esfor\u00e7o \u00e9 complementado pela cria\u00e7\u00e3o de parcerias com organiza\u00e7\u00f5es internacionais e regionais, como a Comunidade dos Pa\u00edses de L\u00edngua Portuguesa (CPLP), para consolidar o pilar econ\u00f3mico da lusofonia. (<a href=\"https:\/\/inforpress.cv\/camara-de-comercio-para-lusofonia-e-diasporas-nasce-hoje-em-lisboa\" target=\"_blank\" rel=\"noopener noreferrer nofollow\">Inforpress<\/a>).<\/p>\n\n\n\n<h3 class=\"wp-block-heading\" id=\"promoodacooperaocientficaetecnolgica\">Promo\u00e7\u00e3o da Coopera\u00e7\u00e3o Cient\u00edfica e Tecnol\u00f3gica<\/h3>\n\n\n\n<p>Um dos pilares fundamentais da CCICLD \u00e9 a aposta na coopera\u00e7\u00e3o cient\u00edfica e tecnol\u00f3gica entre os pa\u00edses lus\u00f3fonos. Este esfor\u00e7o visa incentivar a inova\u00e7\u00e3o e o empreendedorismo, \u00e1reas essenciais para o desenvolvimento sustent\u00e1vel e competitivo das economias lus\u00f3fonas. A C\u00e2mara de Com\u00e9rcio planeia estabelecer colabora\u00e7\u00f5es com universidades, centros de investiga\u00e7\u00e3o e empresas tecnol\u00f3gicas para promover a transfer\u00eancia de conhecimento e o desenvolvimento de solu\u00e7\u00f5es inovadoras.<\/p>\n\n\n\n<p>A cria\u00e7\u00e3o de um banco de dados comum, como o \u201cCOMEX Data CPLP\u201d, \u00e9 um exemplo de como a tecnologia pode ser utilizada para identificar produtos e servi\u00e7os com maior potencial de sucesso econ\u00f3mico. Este projeto, liderado por entidades como a FUNCEX Europa, pretende facilitar a an\u00e1lise de oportunidades de neg\u00f3cios e melhorar as conex\u00f5es comerciais entre os pa\u00edses lus\u00f3fonos. (<a href=\"https:\/\/e-global.pt\/noticias\/lusofonia\/paises-lusofonos-terao-banco-de-dados-comum-inedito-no-ambito-do-comercio-exterior\/\" target=\"_blank\" rel=\"noopener noreferrer nofollow\">e-Global<\/a>).<\/p>\n\n\n\n<h3 class=\"wp-block-heading\" id=\"valorizaodasdisporaslusfonas\">Valoriza\u00e7\u00e3o das Di\u00e1sporas Lus\u00f3fonas<\/h3>\n\n\n\n<p>As di\u00e1sporas desempenham um papel crucial na estrat\u00e9gia da CCICLD. A organiza\u00e7\u00e3o reconhece o potencial econ\u00f3mico e cultural das comunidades lus\u00f3fonas espalhadas pelo mundo e pretende integr\u00e1-las de forma mais ativa nas iniciativas de desenvolvimento econ\u00f3mico. Um dos primeiros passos ser\u00e1 o mapeamento das di\u00e1sporas, identificando empres\u00e1rios, empresas e institui\u00e7\u00f5es que possam contribuir para o fortalecimento das rela\u00e7\u00f5es comerciais e culturais.<\/p>\n\n\n\n<p>A confer\u00eancia \u201cO valor econ\u00f3mico das Di\u00e1sporas da Lusofonia\u201d, realizada durante o lan\u00e7amento da CCICLD, destacou a import\u00e2ncia das di\u00e1sporas como agentes de transforma\u00e7\u00e3o econ\u00f3mica e cultural. Este evento contou com a participa\u00e7\u00e3o de especialistas como Neima Ferreira, Salim Valimamade e Bernardo Ivo Cruz, que discutiram estrat\u00e9gias para maximizar o impacto das di\u00e1sporas no desenvolvimento dos pa\u00edses lus\u00f3fonos. (<a href=\"https:\/\/jornaleconomico.sapo.pt\/noticias\/presidente-e-governo-apadrinham-nova-camara-de-comercio-para-a-lusofonia-e-diasporas\/\" target=\"_blank\" rel=\"noopener noreferrer nofollow\">Jornal Econ\u00f3mico<\/a>).<\/p>\n\n\n\n<h3 class=\"wp-block-heading\" id=\"alinhamentocomacplpeparceriasestratgicas\">Alinhamento com a CPLP e Parcerias Estrat\u00e9gicas<\/h3>\n\n\n\n<p>A CCICLD pretende consolidar a sua posi\u00e7\u00e3o como membro observador da CPLP, refor\u00e7ando a sua liga\u00e7\u00e3o com esta organiza\u00e7\u00e3o internacional. Este alinhamento estrat\u00e9gico permitir\u00e1 \u00e0 C\u00e2mara de Com\u00e9rcio colaborar em iniciativas conjuntas que promovam o desenvolvimento econ\u00f3mico, social e cultural dos pa\u00edses lus\u00f3fonos. Al\u00e9m disso, a CCICLD planeia estabelecer protocolos de coopera\u00e7\u00e3o com outras c\u00e2maras de com\u00e9rcio e organiza\u00e7\u00f5es que partilhem objetivos semelhantes.<\/p>\n\n\n\n<p>O lan\u00e7amento da CCICLD na sede da CPLP, em Lisboa, simboliza a converg\u00eancia de esfor\u00e7os entre governos, empresas e institui\u00e7\u00f5es para fortalecer os la\u00e7os entre os pa\u00edses de l\u00edngua portuguesa. A participa\u00e7\u00e3o de l\u00edderes como o Presidente Marcelo Rebelo de Sousa e o secret\u00e1rio de Estado do Turismo, Pedro Machado, demonstra o apoio pol\u00edtico e institucional a esta iniciativa. (<a href=\"https:\/\/inforpress.cv\/camara-de-comercio-para-lusofonia-e-diasporas-nasce-hoje-em-lisboa\" target=\"_blank\" rel=\"noopener noreferrer nofollow\">Inforpress<\/a>).<\/p>\n\n\n\n<h3 class=\"wp-block-heading\" id=\"impactoculturalesocialdaccicld\">Impacto Cultural e Social da CCICLD<\/h3>\n\n\n\n<p>Al\u00e9m dos objetivos econ\u00f3micos, a CCICLD tamb\u00e9m tem como miss\u00e3o promover a cultura e a seguran\u00e7a entre as comunidades lus\u00f3fonas. A organiza\u00e7\u00e3o reconhece que a cultura \u00e9 um elemento unificador que pode fortalecer os la\u00e7os entre os pa\u00edses e as suas di\u00e1sporas. Para isso, a C\u00e2mara de Com\u00e9rcio planeia apoiar eventos culturais, iniciativas educacionais e projetos que celebrem a diversidade e a riqueza cultural da lusofonia.<\/p>\n\n\n\n<p>A valoriza\u00e7\u00e3o da l\u00edngua portuguesa como um elemento central da identidade cultural e econ\u00f3mica dos pa\u00edses lus\u00f3fonos tamb\u00e9m \u00e9 uma prioridade. A CCICLD pretende utilizar o portugu\u00eas como uma ferramenta para facilitar a comunica\u00e7\u00e3o, a troca de ideias e a coopera\u00e7\u00e3o entre as na\u00e7\u00f5es lus\u00f3fonas. (<a href=\"https:\/\/www.noticiasaominuto.com\/economia\/2776416\/prioridade-de-nova-camara-do-comercio-e-industria-e-convencer-a-investir-na-lusofonia\" target=\"_blank\" rel=\"noopener noreferrer nofollow\">Nouvelles du monde<\/a>).<\/p>\n\n\n\n<h3 class=\"wp-block-heading\" id=\"estmuloaoinvestimentoeinternacionalizao\">Est\u00edmulo ao Investimento e \u00e0 Internacionaliza\u00e7\u00e3o<\/h3>\n\n\n\n<p>A CCICLD tem como prioridade atrair investimento para os pa\u00edses lus\u00f3fonos, promovendo as suas economias como destinos atrativos para neg\u00f3cios e parcerias. A organiza\u00e7\u00e3o planeia realizar a\u00e7\u00f5es de sensibiliza\u00e7\u00e3o junto de investidores e empres\u00e1rios, destacando as oportunidades existentes nos mercados lus\u00f3fonos. Estas a\u00e7\u00f5es incluem a realiza\u00e7\u00e3o de feiras, confer\u00eancias e miss\u00f5es empresariais que facilitem o contacto direto entre investidores e empresas.<\/p>\n\n\n\n<p>Um exemplo de sucesso nesta \u00e1rea \u00e9 o trabalho desenvolvido pela C\u00e2mara de Com\u00e9rcio Belgo-Portuguesa, que promove a internacionaliza\u00e7\u00e3o de empresas portuguesas e brasileiras para o mercado belga e atrai investimento belga para Portugal e Brasil. Este modelo pode servir de inspira\u00e7\u00e3o para iniciativas semelhantes lideradas pela CCICLD. (<a href=\"https:\/\/mil-hafre.blogspot.com\/2021\/05\/belgica-camara-de-comercio-belgo.html\" target=\"_blank\" rel=\"noopener noreferrer nofollow\">MILhafre<\/a>).<\/p>\n\n\n\n<p>Embora n\u00e3o seja uma organiza\u00e7\u00e3o portuguesa, a CCICLD nasceu em Portugal com o objetivo de servir todas as di\u00e1sporas lus\u00f3fonas espalhadas pelo mundo. A sua cria\u00e7\u00e3o marca um passo importante na consolida\u00e7\u00e3o do pilar econ\u00f3mico da CPLP e na promo\u00e7\u00e3o da coopera\u00e7\u00e3o entre os pa\u00edses de l\u00edngua portuguesa. Com uma vis\u00e3o abrangente que inclui objetivos econ\u00f3micos, culturais e sociais, a CCICLD promete ser um motor de transforma\u00e7\u00e3o para a lusofonia. (<a href=\"https:\/\/jornaleconomico.sapo.pt\/noticias\/secretario-executivo-destaca-importancia-da-camara-de-comercio-da-lusofonia-na-consolidacao-do-pilar-economico-da-cplp\/\" target=\"_blank\" rel=\"noopener noreferrer nofollow\">Jornal Econ\u00f3mico<\/a>).<\/p>\n\n\n\n<h2 class=\"wp-block-heading\" id=\"estruturaefuncionamentodaccicld\">Estrutura e Funcionamento da CCICLD<\/h2>\n\n\n\n<h3 class=\"wp-block-heading\" id=\"organizaointernaeliderana\">Organiza\u00e7\u00e3o Interna e Lideran\u00e7a<\/h3>\n\n\n\n<p>A C\u00e2mara de Com\u00e9rcio, Ind\u00fastria e Coopera\u00e7\u00e3o da Lusofonia e das Di\u00e1sporas (CCICLD) \u00e9 liderada por Paulo Sande, advogado e ex-consultor pol\u00edtico do Presidente da Rep\u00fablica Portuguesa, Marcelo Rebelo de Sousa, durante o seu primeiro mandato. A lideran\u00e7a da CCICLD reflete a inten\u00e7\u00e3o de reunir especialistas com experi\u00eancia em pol\u00edticas p\u00fablicas e coopera\u00e7\u00e3o internacional, assegurando uma gest\u00e3o estrat\u00e9gica orientada para os objetivos da organiza\u00e7\u00e3o. A estrutura organizacional inclui um Conselho Consultivo, composto por membros de diversas \u00e1reas, como economia, cultura e rela\u00e7\u00f5es internacionais, que contribuem para a formula\u00e7\u00e3o de estrat\u00e9gias e iniciativas.<\/p>\n\n\n\n<p>A assinatura do Compromisso de Honra pelos membros da dire\u00e7\u00e3o, realizada durante a cerim\u00f3nia de lan\u00e7amento, refor\u00e7a o compromisso \u00e9tico e profissional da lideran\u00e7a da CCICLD. Este ato simboliza a dedica\u00e7\u00e3o da organiza\u00e7\u00e3o em promover a coopera\u00e7\u00e3o entre os pa\u00edses lus\u00f3fonos e as suas di\u00e1sporas. (<a href=\"https:\/\/jornaleconomico.sapo.pt\/noticias\/presidente-e-governo-apadrinham-nova-camara-de-comercio-para-a-lusofonia-e-diasporas\/\" target=\"_blank\" rel=\"noopener noreferrer nofollow\">Jornal Econ\u00f3mico<\/a>)<\/p>\n\n\n\n<h3 class=\"wp-block-heading\" id=\"parceriasecolaboraesestratgicas\">Partenariats et collaborations strat\u00e9giques<\/h3>\n\n\n\n<p>A CCICLD pretende estabelecer parcerias estrat\u00e9gicas com organiza\u00e7\u00f5es internacionais, institui\u00e7\u00f5es p\u00fablicas, universidades, empresas e associa\u00e7\u00f5es. A colabora\u00e7\u00e3o com a Comunidade dos Pa\u00edses de L\u00edngua Portuguesa (CPLP) \u00e9 um dos pilares fundamentais da sua atua\u00e7\u00e3o. A C\u00e2mara j\u00e1 expressou a inten\u00e7\u00e3o de se tornar membro observador da CPLP, o que permitir\u00e1 uma maior integra\u00e7\u00e3o com os objetivos da comunidade, como o desenvolvimento econ\u00f3mico e cultural dos pa\u00edses lus\u00f3fonos.<\/p>\n\n\n\n<p>Al\u00e9m disso, a CCICLD planeia trabalhar em conjunto com entidades como o Banco Africano de Desenvolvimento e o Compacto Lus\u00f3fono, plataformas que promovem o financiamento e o crescimento econ\u00f3mico nos Pa\u00edses Africanos de L\u00edngua Oficial Portuguesa (PALOP). Este esfor\u00e7o visa criar sinergias que beneficiem tanto os pa\u00edses de origem como as di\u00e1sporas. (<a href=\"https:\/\/coop-economica.cplp.org\/noticias\/noticias-detalhe\/?id=22259\" target=\"_blank\" rel=\"noopener noreferrer nofollow\">CPLP<\/a>)<\/p>\n\n\n\n<h3 class=\"wp-block-heading\" id=\"iniciativasdeapoiosdisporas\">Iniciativas de Apoio \u00e0s Di\u00e1sporas<\/h3>\n\n\n\n<p>Um dos objetivos centrais da CCICLD \u00e9 fortalecer os la\u00e7os entre as di\u00e1sporas lus\u00f3fonas e os seus pa\u00edses de origem. A organiza\u00e7\u00e3o reconhece o papel crucial das comunidades emigrantes na dinamiza\u00e7\u00e3o econ\u00f3mica e cultural dos territ\u00f3rios lus\u00f3fonos. Para isso, a CCICLD planeia implementar programas de apoio ao empreendedorismo nas di\u00e1sporas, facilitando o acesso a financiamento, forma\u00e7\u00e3o e redes de contactos.<\/p>\n\n\n\n<p>Adicionalmente, a C\u00e2mara pretende organizar eventos como confer\u00eancias e feiras empresariais que promovam a troca de ideias e a cria\u00e7\u00e3o de parcerias entre empres\u00e1rios das di\u00e1sporas e dos pa\u00edses lus\u00f3fonos. Um exemplo \u00e9 a confer\u00eancia \u201cO valor econ\u00f3mico das Di\u00e1sporas da Lusofonia\u201d, realizada durante o lan\u00e7amento da CCICLD, que contou com a participa\u00e7\u00e3o de especialistas como Neima Ferreira, do Banco Africano, e Salim Valimamade, da Universidade Cat\u00f3lica de Angola. (<a href=\"https:\/\/jornaleconomico.sapo.pt\/noticias\/presidente-e-governo-apadrinham-nova-camara-de-comercio-para-a-lusofonia-e-diasporas\/\" target=\"_blank\" rel=\"noopener noreferrer nofollow\">Sapo Economia<\/a>)<\/p>\n\n\n\n<h3 class=\"wp-block-heading\" id=\"foconasustentabilidadeeinovao\">Foco na Sustentabilidade e Inova\u00e7\u00e3o<\/h3>\n\n\n\n<p>A CCICLD tem como prioridade promover pr\u00e1ticas sustent\u00e1veis e inovadoras nos setores econ\u00f3mico e industrial dos pa\u00edses lus\u00f3fonos. A organiza\u00e7\u00e3o planeia colaborar com centros de investiga\u00e7\u00e3o e universidades para desenvolver projetos que integrem tecnologias limpas e solu\u00e7\u00f5es sustent\u00e1veis. Este esfor\u00e7o inclui a cria\u00e7\u00e3o de uma base de dados comum que facilite a identifica\u00e7\u00e3o de oportunidades de neg\u00f3cios e a an\u00e1lise de mercados.<\/p>\n\n\n\n<p>Al\u00e9m disso, a C\u00e2mara est\u00e1 empenhada em fomentar a transfer\u00eancia de conhecimento entre os pa\u00edses lus\u00f3fonos, incentivando a cria\u00e7\u00e3o de startups e empresas tecnol\u00f3gicas que possam competir em mercados globais. Este foco na inova\u00e7\u00e3o visa n\u00e3o apenas o crescimento econ\u00f3mico, mas tamb\u00e9m a redu\u00e7\u00e3o das desigualdades sociais e regionais. (<a href=\"https:\/\/coop-economica.cplp.org\/noticias\/noticias-detalhe\/?id=22259\" target=\"_blank\" rel=\"noopener noreferrer nofollow\">e-Global<\/a>)<\/p>\n\n\n\n<h3 class=\"wp-block-heading\" id=\"eventoseiniciativasculturais\">Eventos e Iniciativas Culturais<\/h3>\n\n\n\n<p>A valoriza\u00e7\u00e3o da cultura lus\u00f3fona \u00e9 um dos pilares da CCICLD. A organiza\u00e7\u00e3o reconhece que a cultura \u00e9 um elemento unificador que pode fortalecer os la\u00e7os entre os pa\u00edses e as suas di\u00e1sporas. Nesse sentido, a C\u00e2mara tem como objetivo apoiar eventos culturais, exposi\u00e7\u00f5es e iniciativas educacionais que celebrem a diversidade e a riqueza cultural da lusofonia.<\/p>\n\n\n\n<p>Durante o lan\u00e7amento da CCICLD, foi inaugurada uma exposi\u00e7\u00e3o de pintura de Lino Dami\u00e3o, alusiva ao tema \u201cLusofonia e Di\u00e1sporas\u201d. Este evento simboliza o compromisso da C\u00e2mara em promover a cultura como um meio de integra\u00e7\u00e3o e coopera\u00e7\u00e3o entre as comunidades lus\u00f3fonas. Al\u00e9m disso, a CCICLD planeia criar programas de interc\u00e2mbio cultural que envolvam jovens das di\u00e1sporas, fortalecendo a sua liga\u00e7\u00e3o com as ra\u00edzes culturais e lingu\u00edsticas. (<a href=\"https:\/\/santiagomagazine.cv\/economia\/camara-de-comercio-para-lusofonia-e-diasporas-criada-em-lisboa\" target=\"_blank\" rel=\"noopener noreferrer nofollow\">Magazine Santiago<\/a>)<\/p>\n\n\n\n<h2 class=\"wp-block-heading\" id=\"impactoeconmicoeculturalnascomunidadeslusfonas\">Impacto Econ\u00f3mico e Cultural nas Comunidades Lus\u00f3fonas<\/h2>\n\n\n\n<h3 class=\"wp-block-heading\" id=\"fortalecimentodaseconomiaslocais\">Fortalecimento das Economias Locais<\/h3>\n\n\n\n<p>A cria\u00e7\u00e3o da C\u00e2mara de Com\u00e9rcio, Ind\u00fastria e Coopera\u00e7\u00e3o da Lusofonia e das Di\u00e1sporas (CCICLD) representa uma oportunidade significativa para impulsionar as economias locais dos pa\u00edses lus\u00f3fonos. Atrav\u00e9s da promo\u00e7\u00e3o de parcerias comerciais e industriais, a CCICLD visa criar um ambiente favor\u00e1vel ao crescimento econ\u00f3mico sustent\u00e1vel. Este esfor\u00e7o inclui a facilita\u00e7\u00e3o de investimentos estrangeiros e o apoio a pequenas e m\u00e9dias empresas (PMEs), que frequentemente enfrentam dificuldades em expandir as suas opera\u00e7\u00f5es para mercados internacionais.<\/p>\n\n\n\n<p>Por exemplo, a C\u00e2mara de Com\u00e9rcio Mo\u00e7ambique-Portugal tem desempenhado um papel crucial na promo\u00e7\u00e3o de neg\u00f3cios entre os dois pa\u00edses, sendo um modelo que pode ser replicado em outras na\u00e7\u00f5es lus\u00f3fonas. Estas iniciativas n\u00e3o apenas aumentam o fluxo de capital, mas tamb\u00e9m criam empregos e fortalecem setores estrat\u00e9gicos como agricultura, energia e tecnologia. (<a href=\"https:\/\/www.diasporalusa.pt\/instituicoes\/rede-camaras-comercio-industria\/\" target=\"_blank\" rel=\"noopener noreferrer nofollow\">Diaspora Lusa<\/a>)<\/p>\n\n\n\n<h3 class=\"wp-block-heading\" id=\"promoodadiversidadeculturalelingustica\">Promo\u00e7\u00e3o da Diversidade Cultural e Lingu\u00edstica<\/h3>\n\n\n\n<p>A CCICLD reconhece a import\u00e2ncia da cultura como um elemento unificador entre as comunidades lus\u00f3fonas. A l\u00edngua portuguesa, falada por mais de 265 milh\u00f5es de pessoas em todo o mundo, \u00e9 um dos principais ativos culturais que conectam estas na\u00e7\u00f5es. A C\u00e2mara planeia apoiar eventos culturais, como exposi\u00e7\u00f5es e festivais, que celebrem a diversidade e a riqueza cultural da lusofonia.<\/p>\n\n\n\n<p>Al\u00e9m disso, a organiza\u00e7\u00e3o pretende fomentar programas de interc\u00e2mbio cultural, especialmente entre jovens das di\u00e1sporas, para fortalecer a liga\u00e7\u00e3o com as suas ra\u00edzes culturais e lingu\u00edsticas. Este esfor\u00e7o \u00e9 fundamental para preservar a identidade cultural e promover a coes\u00e3o social entre os pa\u00edses lus\u00f3fonos. (<a href=\"https:\/\/santiagomagazine.cv\/economia\/camara-de-comercio-para-lusofonia-e-diasporas-criada-em-lisboa\" target=\"_blank\" rel=\"noopener noreferrer nofollow\">Magazine Santiago<\/a>)<\/p>\n\n\n\n<h3 class=\"wp-block-heading\" id=\"integraodasdisporasnodesenvolvimentoeconmico\">Integra\u00e7\u00e3o das Di\u00e1sporas no Desenvolvimento Econ\u00f3mico<\/h3>\n\n\n\n<p>Embora a valoriza\u00e7\u00e3o das di\u00e1sporas tenha sido abordada em relat\u00f3rios anteriores, este segmento foca-se na integra\u00e7\u00e3o pr\u00e1tica das comunidades emigrantes no desenvolvimento econ\u00f3mico dos pa\u00edses de origem. A CCICLD planeia criar plataformas digitais que conectem empres\u00e1rios e investidores das di\u00e1sporas com oportunidades de neg\u00f3cios nos pa\u00edses lus\u00f3fonos. Estas plataformas podem incluir bases de dados de projetos de investimento, informa\u00e7\u00f5es sobre incentivos fiscais e oportunidades de financiamento.<\/p>\n\n\n\n<p>Um exemplo de sucesso \u00e9 a atua\u00e7\u00e3o da C\u00e2mara Luso-Brit\u00e2nica, que facilita a entrada de empresas portuguesas no mercado do Reino Unido e vice-versa. Este modelo pode ser adaptado para incluir outras comunidades lus\u00f3fonas, promovendo a internacionaliza\u00e7\u00e3o e o fortalecimento das economias locais. (<a href=\"https:\/\/www.diasporalusa.pt\/empresas\/rede-camaras-comercio-industria\/\" target=\"_blank\" rel=\"noopener noreferrer nofollow\">Diaspora Lusa<\/a>)<\/p>\n\n\n\n<h3 class=\"wp-block-heading\" id=\"educaoetransfernciadeconhecimento\">Educa\u00e7\u00e3o e Transfer\u00eancia de Conhecimento<\/h3>\n\n\n\n<p>A CCICLD tamb\u00e9m pretende investir na educa\u00e7\u00e3o e na transfer\u00eancia de conhecimento como pilares para o desenvolvimento sustent\u00e1vel. A organiza\u00e7\u00e3o planeia estabelecer parcerias com universidades e centros de investiga\u00e7\u00e3o para promover a inova\u00e7\u00e3o e o empreendedorismo nos pa\u00edses lus\u00f3fonos. Este esfor\u00e7o inclui a cria\u00e7\u00e3o de programas de forma\u00e7\u00e3o t\u00e9cnica e profissional que atendam \u00e0s necessidades espec\u00edficas de cada mercado.<\/p>\n\n\n\n<p>Adicionalmente, a C\u00e2mara est\u00e1 a explorar a possibilidade de criar um banco de dados comum que permita a partilha de informa\u00e7\u00f5es sobre melhores pr\u00e1ticas e solu\u00e7\u00f5es inovadoras. Este tipo de iniciativa \u00e9 essencial para reduzir as desigualdades regionais e aumentar a competitividade das economias lus\u00f3fonas. (<a href=\"https:\/\/coop-economica.cplp.org\/noticias\/noticias-detalhe\/?id=22259\" target=\"_blank\" rel=\"noopener noreferrer nofollow\">e-Global<\/a>)<\/p>\n\n\n\n<h3 class=\"wp-block-heading\" id=\"impactonoturismoenaeconomiacriativa\">Impacto no Turismo e na Economia Criativa<\/h3>\n\n\n\n<p>O turismo e a economia criativa s\u00e3o setores com grande potencial para impulsionar o impacto econ\u00f3mico e cultural nas comunidades lus\u00f3fonas. A CCICLD planeia promover o turismo cultural como uma forma de valorizar o patrim\u00f3nio hist\u00f3rico e natural dos pa\u00edses de l\u00edngua portuguesa. Esta estrat\u00e9gia inclui a cria\u00e7\u00e3o de roteiros tur\u00edsticos que conectem diferentes pa\u00edses lus\u00f3fonos, destacando as suas semelhan\u00e7as e particularidades culturais.<\/p>\n\n\n\n<p>Al\u00e9m disso, a C\u00e2mara pretende apoiar a economia criativa, incentivando a produ\u00e7\u00e3o de conte\u00fados culturais, como filmes, m\u00fasica e literatura, que possam ser exportados para mercados internacionais. Estas iniciativas n\u00e3o apenas geram receitas, mas tamb\u00e9m fortalecem a identidade cultural e aumentam a visibilidade global da lusofonia. (<a href=\"https:\/\/inforpress.cv\/camara-de-comercio-para-lusofonia-e-diasporas-nasce-hoje-em-lisboa\" target=\"_blank\" rel=\"noopener noreferrer nofollow\">Inforpress<\/a>)<\/p>\n\n\n\n<h2 class=\"wp-block-heading\" id=\"concluso\">Conclusion<\/h2>\n\n\n\n<p>A cria\u00e7\u00e3o da C\u00e2mara de Com\u00e9rcio, Ind\u00fastria e Coopera\u00e7\u00e3o da Lusofonia e das Di\u00e1sporas (CCICLD) representa um marco significativo na promo\u00e7\u00e3o da integra\u00e7\u00e3o econ\u00f3mica, cultural e social entre os pa\u00edses lus\u00f3fonos e as suas di\u00e1sporas. Com o objetivo de fortalecer as rela\u00e7\u00f5es comerciais e industriais, a CCICLD surge como uma plataforma estrat\u00e9gica para fomentar parcerias, atrair investimentos e impulsionar a internacionaliza\u00e7\u00e3o das empresas lus\u00f3fonas. A colabora\u00e7\u00e3o com organiza\u00e7\u00f5es como a Comunidade dos Pa\u00edses de L\u00edngua Portuguesa (CPLP) e a aposta em ferramentas inovadoras, como o banco de dados \u201cCOMEX Data CPLP\u201d, destacam-se como iniciativas essenciais para identificar oportunidades de mercado e dinamizar as economias locais. Al\u00e9m disso, a valoriza\u00e7\u00e3o das di\u00e1sporas, reconhecidas como agentes de transforma\u00e7\u00e3o econ\u00f3mica e cultural, refor\u00e7a o papel destas comunidades no desenvolvimento sustent\u00e1vel dos pa\u00edses de origem (<a href=\"https:\/\/inforpress.cv\/camara-de-comercio-para-lusofonia-e-diasporas-nasce-hoje-em-lisboa\" target=\"_blank\" rel=\"noopener noreferrer nofollow\">Inforpress<\/a>).<\/p>\n\n\n\n<p>A CCICLD tamb\u00e9m assume um compromisso com a promo\u00e7\u00e3o da coopera\u00e7\u00e3o cient\u00edfica e tecnol\u00f3gica, a preserva\u00e7\u00e3o da identidade cultural e a sustentabilidade. Atrav\u00e9s de parcerias com universidades e centros de investiga\u00e7\u00e3o, a organiza\u00e7\u00e3o planeia incentivar a inova\u00e7\u00e3o e o empreendedorismo, enquanto promove a transfer\u00eancia de conhecimento entre os pa\u00edses lus\u00f3fonos. A valoriza\u00e7\u00e3o da l\u00edngua portuguesa como elemento unificador e a realiza\u00e7\u00e3o de eventos culturais e educacionais s\u00e3o igualmente prioridades, refor\u00e7ando os la\u00e7os entre as na\u00e7\u00f5es e as suas di\u00e1sporas. Com uma abordagem abrangente e multidimensional, a CCICLD posiciona-se como um motor de transforma\u00e7\u00e3o para a lusofonia, promovendo n\u00e3o apenas o crescimento econ\u00f3mico, mas tamb\u00e9m a coes\u00e3o social e a visibilidade global da diversidade cultural lus\u00f3fona (<a href=\"https:\/\/www.noticiasaominuto.com\/economia\/2776416\/prioridade-de-nova-camara-do-comercio-e-industria-e-convencer-a-investir-na-lusofonia\" target=\"_blank\" rel=\"noopener noreferrer nofollow\">Nouvelles du monde<\/a>).<\/p>\n\n\n\n<p>Os pr\u00f3ximos passos incluem a consolida\u00e7\u00e3o de parcerias estrat\u00e9gicas, a implementa\u00e7\u00e3o de iniciativas que integrem as di\u00e1sporas no desenvolvimento econ\u00f3mico e a cria\u00e7\u00e3o de programas que estimulem o turismo cultural e a economia criativa. Estes esfor\u00e7os, aliados ao apoio pol\u00edtico e institucional demonstrado no lan\u00e7amento da CCICLD, sublinham o potencial transformador desta organiza\u00e7\u00e3o para fortalecer os la\u00e7os entre os pa\u00edses de l\u00edngua portuguesa e criar um futuro mais integrado e pr\u00f3spero para a comunidade lus\u00f3fona global (<a href=\"https:\/\/jornaleconomico.sapo.pt\/noticias\/presidente-e-governo-apadrinham-nova-camara-de-comercio-para-a-lusofonia-e-diasporas\/\" target=\"_blank\" rel=\"noopener noreferrer nofollow\">Jornal Econ\u00f3mico<\/a>).<\/p>","protected":false},"excerpt":{"rendered":"<p>A 29 de abril de 2025, Lisboa foi palco de um evento hist\u00f3rico para a Comunidade dos Pa\u00edses de L\u00edngua Portuguesa (CPLP) com o lan\u00e7amento oficial da C\u00e2mara de Com\u00e9rcio, Ind\u00fastria e Coopera\u00e7\u00e3o da Lusofonia e das Di\u00e1sporas (CCICLD). Esta nova entidade, apresentada na sede da CPLP, no Pal\u00e1cio Conde de Penafiel, surge como uma [&hellip;]<\/p>\n","protected":false},"author":2,"featured_media":3208,"comment_status":"closed","ping_status":"closed","sticky":false,"template":"","format":"standard","meta":{"_breakdance_hide_in_design_set":false,"_breakdance_tags":"","footnotes":""},"categories":[1],"tags":[],"class_list":["post-3206","post","type-post","status-publish","format-standard","has-post-thumbnail","hentry","category-blog"],"_links":{"self":[{"href":"https:\/\/consultoria.cv\/fr\/wp-json\/wp\/v2\/posts\/3206","targetHints":{"allow":["GET"]}}],"collection":[{"href":"https:\/\/consultoria.cv\/fr\/wp-json\/wp\/v2\/posts"}],"about":[{"href":"https:\/\/consultoria.cv\/fr\/wp-json\/wp\/v2\/types\/post"}],"author":[{"embeddable":true,"href":"https:\/\/consultoria.cv\/fr\/wp-json\/wp\/v2\/users\/2"}],"replies":[{"embeddable":true,"href":"https:\/\/consultoria.cv\/fr\/wp-json\/wp\/v2\/comments?post=3206"}],"version-history":[{"count":2,"href":"https:\/\/consultoria.cv\/fr\/wp-json\/wp\/v2\/posts\/3206\/revisions"}],"predecessor-version":[{"id":3209,"href":"https:\/\/consultoria.cv\/fr\/wp-json\/wp\/v2\/posts\/3206\/revisions\/3209"}],"wp:featuredmedia":[{"embeddable":true,"href":"https:\/\/consultoria.cv\/fr\/wp-json\/wp\/v2\/media\/3208"}],"wp:attachment":[{"href":"https:\/\/consultoria.cv\/fr\/wp-json\/wp\/v2\/media?parent=3206"}],"wp:term":[{"taxonomy":"category","embeddable":true,"href":"https:\/\/consultoria.cv\/fr\/wp-json\/wp\/v2\/categories?post=3206"},{"taxonomy":"post_tag","embeddable":true,"href":"https:\/\/consultoria.cv\/fr\/wp-json\/wp\/v2\/tags?post=3206"}],"curies":[{"name":"wp","href":"https:\/\/api.w.org\/{rel}","templated":true}]}}