{"id":3162,"date":"2025-04-01T00:06:53","date_gmt":"2025-04-01T01:06:53","guid":{"rendered":"https:\/\/consultoria.cv\/comunicado-novo-conselho-de-assembleia-geral-da-sociedade-de-desenvolvimento-turistico-das-ilhas-da-boa-vista-e-maio-s-a-sdtibm\/"},"modified":"2025-04-01T00:06:53","modified_gmt":"2025-04-01T01:06:53","slug":"comunicado-novo-conselho-de-assembleia-geral-da-sociedade-de-desenvolvimento-turistico-das-ilhas-da-boa-vista-e-maio-s-a-sdtibm","status":"publish","type":"post","link":"https:\/\/consultoria.cv\/fr\/comunicado-novo-conselho-de-assembleia-geral-da-sociedade-de-desenvolvimento-turistico-das-ilhas-da-boa-vista-e-maio-s-a-sdtibm\/","title":{"rendered":"Annonce : Nouveau conseil d'administration de l'assembl\u00e9e g\u00e9n\u00e9rale de la Sociedade de Desenvolvimento Tur\u00edstico das Ilhas da Boa Vista e Maio, S.A. (SDTIBM)"},"content":{"rendered":"<div>\n<p>Tendo em conta o comunicado de imprensa, das Autarquias da Boa Vista e do Maio, relativo \u00e0 \u00faltima Assembleia Geral da Sociedade de Desenvolvimento Tur\u00edstico das Ilhas da Boa Vista e Maio, S.A. (SDTIBM), vem o Minist\u00e9rio das Finan\u00e7as esclarecer o seguinte:<\/p>\n<p>\u00a0<\/p>\n<ol>\n<li>No passado 21 de mar\u00e7o, os acionistas da Sociedade de Desenvolvimento Tur\u00edstico das Ilhas da Boa Vista e Maio, S.A. (SDTIBM), estiveram reunidos em Assembleia Geral, tendo como ordem do dia a elei\u00e7\u00e3o dos \u00f3rg\u00e3os sociais. De referir que o Estado de Cabo Verde det\u00e9m 51% do Capital Social da Sociedade, a C\u00e2mara Municipal da Boa Vista 35%, e a C\u00e2mara Municipal do Maio 14%;<\/li>\n<\/ol>\n<p>\u00a0<\/p>\n<ol start=\"2\">\n<li>A elei\u00e7\u00e3o decorreu-se devido ao fim do mandato dos membros dos \u00f3rg\u00e3os socais da SDTIBM e por indisponibilidade do ent\u00e3o Presidente do Conselho de Administra\u00e7\u00e3o, tornando assim necess\u00e1rio proceder com a recomposi\u00e7\u00e3o dos \u00f3rg\u00e3os sociais;<\/li>\n<\/ol>\n<p>\u00a0<\/p>\n<ol start=\"3\">\n<li>O procedimento para a elei\u00e7\u00e3o dos \u00f3rg\u00e3os sociais da SDTIBM encontra-se regulado nos Estatutos da respetiva empresa, bem como nos demais quadros legais de governan\u00e7a societ\u00e1ria, nomeadamente o C\u00f3digo das Sociedades Comerciais;<\/li>\n<\/ol>\n<p>\u00a0<\/p>\n<ol start=\"4\">\n<li>Com base nesses instrumentos legais, mormente os Estatutos aprovados em 2010, tem sido pr\u00e1tica vigente na SDTIBM que o Conselho de Administra\u00e7\u00e3o, de acordo o artigo 20\u00ba do Estatutos, \u00e9 composto por um Presidente e quatro Administradores, sendo o Presidente e dois Administradores eleitos sob proposta do acionista Estado de Cabo Verde e os demais eleitos sob proposta dos Munic\u00edpios da Boa Vista e do Maio;<\/li>\n<\/ol>\n<p>\u00a0<\/p>\n<ol start=\"5\">\n<li>Ao longo de v\u00e1rios anos, pese embora o Estado de Cabo Verde seja acionista maiorit\u00e1rio, tal acordo consagrado nos Estatutos da SDTIBM tem vigorado, com os acionistas a proporem gestores, sem que nunca tenha sido colocado em causa;<\/li>\n<\/ol>\n<p>\u00a0<\/p>\n<ol start=\"6\">\n<li>\u00c9 neste quadro que o acionista Estado de Cabo Verde pautou a sua atua\u00e7\u00e3o na \u00faltima Assembleia Geral, ap\u00f3s ter feito articula\u00e7\u00f5es com os demais acionistas, tendo indicado para Presidente do Conselho de Administra\u00e7\u00e3o o Dr. Miguel Rosa, que possui perfil, curriculum e experi\u00eancia adequados para o exerc\u00edcio do cargo. De referir que todos os curriculum dos membros dos \u00f3rg\u00e3os sociais podem ser consultados nos <em>sites<\/em> da SDTIBM e da UASE \u2013 Unidade de Acompanhamento do Setor Empresarial do Estado;<\/li>\n<\/ol>\n<p>\u00a0<\/p>\n<ol start=\"7\">\n<li>Apelamos a todos os acionistas sentido de responsabilidade, de coopera\u00e7\u00e3o e de observ\u00e2ncia dos Estatutos da SDTIBM, tendentes a criar um melhor ambiente institucional, tendo em conta a import\u00e2ncia estrat\u00e9gica da empresa na promo\u00e7\u00e3o do desenvolvimento das ilhas da Boa Vista e do Maio, e de Cabo Verde no geral.<\/li>\n<\/ol>\n<p>\u00a0<\/p>\n<p>Praia, 28 de mar\u00e7o de 2025.<\/p>\n<p>\u00a0<\/p>\n<p>O post <a rel=\"nofollow\" href=\"https:\/\/www.governo.cv\/comunicado-novo-conselho-de-assembleia-geral-da-sociedade-de-desenvolvimento-turistico-das-ilhas-da-boa-vista-e-maio-s-a-sdtibm\/\" target=\"_blank\">Annonce : Nouveau conseil d'administration de l'assembl\u00e9e g\u00e9n\u00e9rale de la Sociedade de Desenvolvimento Tur\u00edstico das Ilhas da Boa Vista e Maio, S.A. (SDTIBM)<\/a> apareceu primeiro em <a rel=\"nofollow\" href=\"https:\/\/www.governo.cv\/\" target=\"_blank\">Gouvernement du Cap-Vert<\/a>.<\/p>\n<\/div>","protected":false},"excerpt":{"rendered":"<p>Tendo em conta o comunicado de imprensa, das Autarquias da Boa Vista e do Maio, relativo \u00e0 \u00faltima Assembleia Geral da Sociedade de Desenvolvimento Tur\u00edstico das Ilhas da Boa Vista e Maio, S.A. (SDTIBM), vem o Minist\u00e9rio das Finan\u00e7as esclarecer o seguinte: \u00a0 No passado 21 de mar\u00e7o, os acionistas da Sociedade de Desenvolvimento Tur\u00edstico [&hellip;]<\/p>\n","protected":false},"author":2,"featured_media":0,"comment_status":"closed","ping_status":"closed","sticky":false,"template":"","format":"standard","meta":{"_breakdance_hide_in_design_set":false,"_breakdance_tags":"","footnotes":""},"categories":[263],"tags":[264],"class_list":["post-3162","post","type-post","status-publish","format-standard","hentry","category-noticias","tag-noticias"],"_links":{"self":[{"href":"https:\/\/consultoria.cv\/fr\/wp-json\/wp\/v2\/posts\/3162","targetHints":{"allow":["GET"]}}],"collection":[{"href":"https:\/\/consultoria.cv\/fr\/wp-json\/wp\/v2\/posts"}],"about":[{"href":"https:\/\/consultoria.cv\/fr\/wp-json\/wp\/v2\/types\/post"}],"author":[{"embeddable":true,"href":"https:\/\/consultoria.cv\/fr\/wp-json\/wp\/v2\/users\/2"}],"replies":[{"embeddable":true,"href":"https:\/\/consultoria.cv\/fr\/wp-json\/wp\/v2\/comments?post=3162"}],"version-history":[{"count":0,"href":"https:\/\/consultoria.cv\/fr\/wp-json\/wp\/v2\/posts\/3162\/revisions"}],"wp:attachment":[{"href":"https:\/\/consultoria.cv\/fr\/wp-json\/wp\/v2\/media?parent=3162"}],"wp:term":[{"taxonomy":"category","embeddable":true,"href":"https:\/\/consultoria.cv\/fr\/wp-json\/wp\/v2\/categories?post=3162"},{"taxonomy":"post_tag","embeddable":true,"href":"https:\/\/consultoria.cv\/fr\/wp-json\/wp\/v2\/tags?post=3162"}],"curies":[{"name":"wp","href":"https:\/\/api.w.org\/{rel}","templated":true}]}}