{"id":3161,"date":"2025-04-01T00:04:01","date_gmt":"2025-04-01T01:04:01","guid":{"rendered":"https:\/\/consultoria.cv\/estrada-asfaltada-ponte-de-orgaos-longueira-segue-a-bom-ritmo\/"},"modified":"2025-04-01T00:04:01","modified_gmt":"2025-04-01T01:04:01","slug":"estrada-asfaltada-ponte-de-orgaos-longueira-segue-a-bom-ritmo","status":"publish","type":"post","link":"https:\/\/consultoria.cv\/fr\/estrada-asfaltada-ponte-de-orgaos-longueira-segue-a-bom-ritmo\/","title":{"rendered":"L'asphaltage de la route Ponte de \u00d3rg\u00e3os-Longueira se poursuit"},"content":{"rendered":"<div>\n<p>Na sequ\u00eancia das visitas que o Primeiro Ministro vem efectuando \u00e0s obras e projectos nos munic\u00edpios, Ulisses Correia e Silva esteve em S\u00e3o Louren\u00e7o dos \u00d3rg\u00e3os, no passado dia 28, onde p\u00f4de ver <em>in loco<\/em> o avan\u00e7o da asfaltagem da estrada entre Ponte de \u00d3rg\u00e3os e Longueira.<\/p>\n<p>\u201cUma obra fundamental que vai melhorar significativamente a circula\u00e7\u00e3o de pessoas e mercadorias, facilitar o escoamento da produ\u00e7\u00e3o agr\u00edcola e potenciar o turismo\u201d, considera o Chefe do Governo.<\/p>\n<p>Segundo o Primeiro Ministro, a zona de S\u00e3o Jorge tem grande potencial tur\u00edstico, e o projeto \u201cAldeias Rurais\u201d vai valorizar o territ\u00f3rio, melhorar as habita\u00e7\u00f5es e toda a envolvente, criando condi\u00e7\u00f5es para o turismo comunit\u00e1rio e gerando rendimento direto para as fam\u00edlias.<\/p>\n<p>\u201cEstes investimentos tamb\u00e9m atraem mais investimento da nossa di\u00e1spora, fortemente ligada aos seus concelhos. Melhor acessibilidade e melhores condi\u00e7\u00f5es incentivam a participa\u00e7\u00e3o de todos no desenvolvimento local, gerando mais emprego, mais qualifica\u00e7\u00e3o e mais rendimento\u201d, sustentou.<\/p>\n<p>A visita a S. Louren\u00e7o dos \u00f3rg\u00e3os contou com as presen\u00e7as dos Ministros da Agricultura e Ambiente, Gilberto Silva, e do Ministro das Infra-estruturas, Ordenamento do Territ\u00f3rio e Habita\u00e7\u00e3o, Victor Coutinho.<\/p>\n<p>\u00a0<\/p>\n<p>O post <a rel=\"nofollow\" href=\"https:\/\/www.governo.cv\/estrada-asfaltada-ponte-de-orgaos-longueira-segue-a-bom-ritmo\/\" target=\"_blank\">L'asphaltage de la route Ponte de \u00d3rg\u00e3os-Longueira se poursuit<\/a> apareceu primeiro em <a rel=\"nofollow\" href=\"https:\/\/www.governo.cv\/\" target=\"_blank\">Gouvernement du Cap-Vert<\/a>.<\/p>\n<\/div>","protected":false},"excerpt":{"rendered":"<p>Na sequ\u00eancia das visitas que o Primeiro Ministro vem efectuando \u00e0s obras e projectos nos munic\u00edpios, Ulisses Correia e Silva esteve em S\u00e3o Louren\u00e7o dos \u00d3rg\u00e3os, no passado dia 28, onde p\u00f4de ver in loco o avan\u00e7o da asfaltagem da estrada entre Ponte de \u00d3rg\u00e3os e Longueira. \u201cUma obra fundamental que vai melhorar significativamente a [&hellip;]<\/p>\n","protected":false},"author":2,"featured_media":0,"comment_status":"closed","ping_status":"closed","sticky":false,"template":"","format":"standard","meta":{"_breakdance_hide_in_design_set":false,"_breakdance_tags":"","footnotes":""},"categories":[263],"tags":[264],"class_list":["post-3161","post","type-post","status-publish","format-standard","hentry","category-noticias","tag-noticias"],"_links":{"self":[{"href":"https:\/\/consultoria.cv\/fr\/wp-json\/wp\/v2\/posts\/3161","targetHints":{"allow":["GET"]}}],"collection":[{"href":"https:\/\/consultoria.cv\/fr\/wp-json\/wp\/v2\/posts"}],"about":[{"href":"https:\/\/consultoria.cv\/fr\/wp-json\/wp\/v2\/types\/post"}],"author":[{"embeddable":true,"href":"https:\/\/consultoria.cv\/fr\/wp-json\/wp\/v2\/users\/2"}],"replies":[{"embeddable":true,"href":"https:\/\/consultoria.cv\/fr\/wp-json\/wp\/v2\/comments?post=3161"}],"version-history":[{"count":0,"href":"https:\/\/consultoria.cv\/fr\/wp-json\/wp\/v2\/posts\/3161\/revisions"}],"wp:attachment":[{"href":"https:\/\/consultoria.cv\/fr\/wp-json\/wp\/v2\/media?parent=3161"}],"wp:term":[{"taxonomy":"category","embeddable":true,"href":"https:\/\/consultoria.cv\/fr\/wp-json\/wp\/v2\/categories?post=3161"},{"taxonomy":"post_tag","embeddable":true,"href":"https:\/\/consultoria.cv\/fr\/wp-json\/wp\/v2\/tags?post=3161"}],"curies":[{"name":"wp","href":"https:\/\/api.w.org\/{rel}","templated":true}]}}