{"id":3160,"date":"2025-04-01T00:02:59","date_gmt":"2025-04-01T01:02:59","guid":{"rendered":"https:\/\/consultoria.cv\/semana-internacional-da-gastronomia-cabo-verdiana-anunciada-no-dia-da-mulher-cabo-verdiana\/"},"modified":"2025-04-01T00:02:59","modified_gmt":"2025-04-01T01:02:59","slug":"semana-internacional-da-gastronomia-cabo-verdiana-anunciada-no-dia-da-mulher-cabo-verdiana","status":"publish","type":"post","link":"https:\/\/consultoria.cv\/fr\/semana-internacional-da-gastronomia-cabo-verdiana-anunciada-no-dia-da-mulher-cabo-verdiana\/","title":{"rendered":"La Semaine internationale de la gastronomie cap-verdienne est annonc\u00e9e \u00e0 l'occasion de la Journ\u00e9e de la femme cap-verdienne"},"content":{"rendered":"<div>\n<p>O Ministro do Turismo e Transportes, Jos\u00e9 Lu\u00eds S\u00e1 Nogueira, anunciou a realiza\u00e7\u00e3o da Semana Internacional da Gastronomia Cabo-Verdiana, que acontecer\u00e1 em Julho deste ano, enquadrada nas comemora\u00e7\u00f5es dos 50 anos da Independ\u00eancia, durante uma Tarde de Ch\u00e1 Tradicional.<\/p>\n<p>A Tarde de Ch\u00e1 Tradicional foi realizada pela Escola de Hotelaria e Turismo de Cabo Verde (EHTCV), em parceria com o Minist\u00e9rio do Turismo e Transportes, no Dia da Mulher Cabo-Verdiana, tendo o Ministro, na ocasi\u00e3o, destacado que a gastronomia como parte essencial da nossa identidade cultural<\/p>\n<p>\u201cO turismo, para se vingar, precisa ser sustent\u00e1vel, inclusivo e ter uma identidade cultural forte. A nossa gastronomia conta a nossa hist\u00f3ria, reflete o encontro de povos africanos, europeus e americanos, e \u00e9 uma valiosa componente do nosso produto tur\u00edstico. N\u00e3o somos apenas sol e praia; temos muito mais a oferecer!\u201d<\/p>\n<p>O Ministro do Turismo e Transportes reafirma o seu compromisso com a valoriza\u00e7\u00e3o da cultura cabo-verdiana e celebra todas as mulheres que, com dedica\u00e7\u00e3o e talento, contribuem para o crescimento do setor.<\/p>\n<p>\u00a0<\/p>\n<p>O post <a rel=\"nofollow\" href=\"https:\/\/www.governo.cv\/semana-internacional-da-gastronomia-cabo-verdiana-anunciada-no-dia-da-mulher-cabo-verdiana\/\" target=\"_blank\">La Semaine internationale de la gastronomie cap-verdienne est annonc\u00e9e \u00e0 l'occasion de la Journ\u00e9e de la femme cap-verdienne<\/a> apareceu primeiro em <a rel=\"nofollow\" href=\"https:\/\/www.governo.cv\/\" target=\"_blank\">Gouvernement du Cap-Vert<\/a>.<\/p>\n<\/div>","protected":false},"excerpt":{"rendered":"<p>O Ministro do Turismo e Transportes, Jos\u00e9 Lu\u00eds S\u00e1 Nogueira, anunciou a realiza\u00e7\u00e3o da Semana Internacional da Gastronomia Cabo-Verdiana, que acontecer\u00e1 em Julho deste ano, enquadrada nas comemora\u00e7\u00f5es dos 50 anos da Independ\u00eancia, durante uma Tarde de Ch\u00e1 Tradicional. A Tarde de Ch\u00e1 Tradicional foi realizada pela Escola de Hotelaria e Turismo de Cabo Verde [&hellip;]<\/p>\n","protected":false},"author":2,"featured_media":0,"comment_status":"closed","ping_status":"closed","sticky":false,"template":"","format":"standard","meta":{"_breakdance_hide_in_design_set":false,"_breakdance_tags":"","footnotes":""},"categories":[263],"tags":[264],"class_list":["post-3160","post","type-post","status-publish","format-standard","hentry","category-noticias","tag-noticias"],"_links":{"self":[{"href":"https:\/\/consultoria.cv\/fr\/wp-json\/wp\/v2\/posts\/3160","targetHints":{"allow":["GET"]}}],"collection":[{"href":"https:\/\/consultoria.cv\/fr\/wp-json\/wp\/v2\/posts"}],"about":[{"href":"https:\/\/consultoria.cv\/fr\/wp-json\/wp\/v2\/types\/post"}],"author":[{"embeddable":true,"href":"https:\/\/consultoria.cv\/fr\/wp-json\/wp\/v2\/users\/2"}],"replies":[{"embeddable":true,"href":"https:\/\/consultoria.cv\/fr\/wp-json\/wp\/v2\/comments?post=3160"}],"version-history":[{"count":0,"href":"https:\/\/consultoria.cv\/fr\/wp-json\/wp\/v2\/posts\/3160\/revisions"}],"wp:attachment":[{"href":"https:\/\/consultoria.cv\/fr\/wp-json\/wp\/v2\/media?parent=3160"}],"wp:term":[{"taxonomy":"category","embeddable":true,"href":"https:\/\/consultoria.cv\/fr\/wp-json\/wp\/v2\/categories?post=3160"},{"taxonomy":"post_tag","embeddable":true,"href":"https:\/\/consultoria.cv\/fr\/wp-json\/wp\/v2\/tags?post=3160"}],"curies":[{"name":"wp","href":"https:\/\/api.w.org\/{rel}","templated":true}]}}