{"id":3159,"date":"2025-04-01T00:01:58","date_gmt":"2025-04-01T01:01:58","guid":{"rendered":"https:\/\/consultoria.cv\/ministro-eurico-monteiro-participa-de-tarde-de-cha-tradicional-promovida-pela-escola-de-hotelaria-e-turismo-no-dia-da-mulher-cabo-verdiana\/"},"modified":"2025-04-01T00:01:58","modified_gmt":"2025-04-01T01:01:58","slug":"ministro-eurico-monteiro-participa-de-tarde-de-cha-tradicional-promovida-pela-escola-de-hotelaria-e-turismo-no-dia-da-mulher-cabo-verdiana","status":"publish","type":"post","link":"https:\/\/consultoria.cv\/fr\/ministro-eurico-monteiro-participa-de-tarde-de-cha-tradicional-promovida-pela-escola-de-hotelaria-e-turismo-no-dia-da-mulher-cabo-verdiana\/","title":{"rendered":"Le ministre Eurico Monteiro participe \u00e0 l'apr\u00e8s-midi de th\u00e9 traditionnel organis\u00e9 par l'\u00e9cole d'h\u00f4tellerie et de tourisme \u00e0 l'occasion de la Journ\u00e9e de la femme cap-verdienne."},"content":{"rendered":"<div>\n<p>O Ministro da Promo\u00e7\u00e3o de Investimentos e Fomento Empresarial, Eurico Monteiro, marcou presen\u00e7a numa Tarde de Ch\u00e1 Tradicional, promovida pela Escola de Hotelaria e Turismo de Cabo Verde (EHTCV), no quadro das celebra\u00e7\u00f5es dos cinquenta anos da Independ\u00eancia e do Dia da Mulher Cabo-verdiana, que se assinala esta quinta-feira, 27 de mar\u00e7o.<\/p>\n<p>Um evento revestido de \u201cmuito significado\u201d, tanto pela celebra\u00e7\u00e3o da Mulher Cabo-verdiana e do cinquenten\u00e1rio da Independ\u00eancia, como pelo pr\u00f3prio \u201cfestival gastron\u00f3mico\u201d, realizado numa \u201cescola de refer\u00eancia\u201d, proporcionado aos presentes a oportunidade de degustar produtos tradicionais, confecionados pelos formandos dos cursos de Padaria e Pastelaria e Restaura\u00e7\u00e3o e Bebidas, disse o Ministro em declara\u00e7\u00f5es \u00e0 imprensa.<\/p>\n<p>\u201cEsta escola, com o nome, o prest\u00edgio e a credibilidade que tem, ajuda a conferir mais brilho e prest\u00edgio \u00e0s festividades dos 50 anos de independ\u00eancia cabo-verdiana\u201d, sublinhou.<\/p>\n<p>Para o Ministro, se de uma forma geral n\u00f3s conseguimos atingir \u00a0um n\u00edvel elevado de qualidade \u00e9, tamb\u00e9m, por causa da mulher, porque \u201cmuito do que vive e\u00a0do que faz essa escola depende da mulher\u201d.\u00a0\u201cTanto a hist\u00f3ria da escola, em si, como a qualidade da cozinha e do servi\u00e7o\u00a0que aqui presta, tamb\u00e9m diz muito isso\u201d, afirma.<\/p>\n<p>Por isso, acredita que seria \u201cmuito gratificante\u201d para as mulheres de Cabo Verde, se tamb\u00e9m em outros setores se conseguisse elevar o patamar da qualidade como tem a EHTCV e como as mulheres nessa escola t\u00eam desempenhado a sua miss\u00e3o com sabedoria.<\/p>\n<p>\u201cEu creio que h\u00e1 um reconhecimento geral da import\u00e2ncia desta escola na promo\u00e7\u00e3o do turismo. H\u00e1, seguramente, um antes e um depois da EHTCV, pois, toda a gente reconhece a qualidade dos nossos servi\u00e7os tur\u00edsticos, dos recursos humanos, dos diversos agentes, sejam eles empregados de mesa, cozinheiros,\u00a0 pessoal que trabalha na prepara\u00e7\u00e3o das bebidas ou nos quartos dos hot\u00e9is, o que significa que, de uma forma geral, elevamos muito o patamar da qualidade\u201d, finalizou.<\/p>\n<p>\u00a0<\/p>\n<p>\u00a0<\/p>\n<p>\u00a0<\/p>\n<p>\u00a0<\/p>\n<p>O post <a rel=\"nofollow\" href=\"https:\/\/www.governo.cv\/ministro-eurico-monteiro-participa-de-tarde-de-cha-tradicional-promovida-pela-escola-de-hotelaria-e-turismo-no-dia-da-mulher-cabo-verdiana\/\" target=\"_blank\">Le ministre Eurico Monteiro participe \u00e0 l'apr\u00e8s-midi de th\u00e9 traditionnel organis\u00e9 par l'\u00e9cole d'h\u00f4tellerie et de tourisme \u00e0 l'occasion de la Journ\u00e9e de la femme cap-verdienne.<\/a> apareceu primeiro em <a rel=\"nofollow\" href=\"https:\/\/www.governo.cv\/\" target=\"_blank\">Gouvernement du Cap-Vert<\/a>.<\/p>\n<\/div>","protected":false},"excerpt":{"rendered":"<p>O Ministro da Promo\u00e7\u00e3o de Investimentos e Fomento Empresarial, Eurico Monteiro, marcou presen\u00e7a numa Tarde de Ch\u00e1 Tradicional, promovida pela Escola de Hotelaria e Turismo de Cabo Verde (EHTCV), no quadro das celebra\u00e7\u00f5es dos cinquenta anos da Independ\u00eancia e do Dia da Mulher Cabo-verdiana, que se assinala esta quinta-feira, 27 de mar\u00e7o. Um evento revestido [&hellip;]<\/p>\n","protected":false},"author":2,"featured_media":0,"comment_status":"closed","ping_status":"closed","sticky":false,"template":"","format":"standard","meta":{"_breakdance_hide_in_design_set":false,"_breakdance_tags":"","footnotes":""},"categories":[263],"tags":[264],"class_list":["post-3159","post","type-post","status-publish","format-standard","hentry","category-noticias","tag-noticias"],"_links":{"self":[{"href":"https:\/\/consultoria.cv\/fr\/wp-json\/wp\/v2\/posts\/3159","targetHints":{"allow":["GET"]}}],"collection":[{"href":"https:\/\/consultoria.cv\/fr\/wp-json\/wp\/v2\/posts"}],"about":[{"href":"https:\/\/consultoria.cv\/fr\/wp-json\/wp\/v2\/types\/post"}],"author":[{"embeddable":true,"href":"https:\/\/consultoria.cv\/fr\/wp-json\/wp\/v2\/users\/2"}],"replies":[{"embeddable":true,"href":"https:\/\/consultoria.cv\/fr\/wp-json\/wp\/v2\/comments?post=3159"}],"version-history":[{"count":0,"href":"https:\/\/consultoria.cv\/fr\/wp-json\/wp\/v2\/posts\/3159\/revisions"}],"wp:attachment":[{"href":"https:\/\/consultoria.cv\/fr\/wp-json\/wp\/v2\/media?parent=3159"}],"wp:term":[{"taxonomy":"category","embeddable":true,"href":"https:\/\/consultoria.cv\/fr\/wp-json\/wp\/v2\/categories?post=3159"},{"taxonomy":"post_tag","embeddable":true,"href":"https:\/\/consultoria.cv\/fr\/wp-json\/wp\/v2\/tags?post=3159"}],"curies":[{"name":"wp","href":"https:\/\/api.w.org\/{rel}","templated":true}]}}