{"id":3120,"date":"2025-04-23T15:29:23","date_gmt":"2025-04-23T16:29:23","guid":{"rendered":"https:\/\/consultoria.cv\/?p=3120"},"modified":"2025-04-24T14:26:29","modified_gmt":"2025-04-24T15:26:29","slug":"regimes-de-pension-et-de-retraite-au-cap-vert","status":"publish","type":"post","link":"https:\/\/consultoria.cv\/fr\/plano-de-pensoes-e-reforma-em-cabo-verde\/","title":{"rendered":"R\u00e9gimes de pension et de retraite au Cap-Vert : assurer l'avenir de votre entreprise"},"content":{"rendered":"<p>La durabilit\u00e9 des syst\u00e8mes de pension et de retraite au Cap-Vert s'est av\u00e9r\u00e9e \u00eatre une priorit\u00e9 strat\u00e9gique pour le gouvernement et les institutions responsables de la protection sociale. Dans un contexte mondial caract\u00e9ris\u00e9 par des d\u00e9fis \u00e9conomiques et sociaux, le pays a adopt\u00e9 des mesures innovantes et des politiques inclusives pour garantir la s\u00e9curit\u00e9 financi\u00e8re des citoyens et favoriser un environnement propice \u00e0 la croissance \u00e9conomique et \u00e0 la coh\u00e9sion sociale.<\/p>\n<p>Le budget de l'\u00c9tat 2023 a introduit des initiatives importantes, telles que l'extension de la pension sociale \u00e0 3 000 b\u00e9n\u00e9ficiaires suppl\u00e9mentaires, une \u00e9tape essentielle vers l'inclusion sociale et la r\u00e9duction de l'extr\u00eame pauvret\u00e9. Cet effort a \u00e9t\u00e9 compl\u00e9t\u00e9 par la cr\u00e9ation du Fonds MAIS, financ\u00e9 par une augmentation de la taxe touristique, dans le but d'\u00e9radiquer l'extr\u00eame pauvret\u00e9 dans un d\u00e9lai d\u00e9fini. Ces mesures soulignent l'engagement du gouvernement \u00e0 r\u00e9pondre aux besoins des populations les plus vuln\u00e9rables, comme le souligne le rapport de la Commission europ\u00e9enne sur la pauvret\u00e9 et l'exclusion sociale.\u00a0<a href=\"https:\/\/www.governo.cv\/oe2023-governo-confirma-alargamento-pensao-social-para-mais-3000-beneficiarios\/\" target=\"_blank\" rel=\"noopener noreferrer nofollow\">Site officiel du gouvernement du Cap-Vert<\/a>.<\/p>\n<p>Parall\u00e8lement, l'Institut national de la s\u00e9curit\u00e9 sociale (INPS) a jou\u00e9 un r\u00f4le crucial dans l'\u00e9valuation de la viabilit\u00e9 du syst\u00e8me de protection sociale obligatoire. La pr\u00e9sentation de l'\u00e9tude actuarielle 2021 a renforc\u00e9 l'importance des d\u00e9cisions bas\u00e9es sur des donn\u00e9es actuarielles rigoureuses, garantissant que les politiques adopt\u00e9es sont adapt\u00e9es \u00e0 la r\u00e9alit\u00e9 \u00e9conomique et sociale du pays. Cette \u00e9tude, qui est r\u00e9alis\u00e9e tous les cinq ans, est un instrument fondamental pour le maintien de la stabilit\u00e9 du syst\u00e8me, comme en t\u00e9moignent les r\u00e9sultats de l'\u00e9tude actuarielle 2021 de la Commission europ\u00e9enne.\u00a0<a href=\"https:\/\/inps.cv\/apresentacao-do-estudo-atuarial-do-sistema-de-protecao-social-obrigatoria-do-inps-2021\/\" target=\"_blank\" rel=\"noopener noreferrer nofollow\">Portail INPS<\/a>.<\/p>\n<p>En outre, le budget de l'\u00c9tat 2025 renforce l'engagement en faveur de l'inclusion et de l'\u00e9quit\u00e9, en allouant 4,17 milliards d'escudos au minist\u00e8re de la Famille, de l'Inclusion et du D\u00e9veloppement social, ce qui constitue l'investissement social le plus important de l'histoire du pays. Ce budget, align\u00e9 sur le Plan strat\u00e9gique pour le d\u00e9veloppement durable (PEDS II), vise non seulement \u00e0 r\u00e9duire la pauvret\u00e9 absolue, mais aussi \u00e0 promouvoir la diversification \u00e9conomique et la transition vers une \u00e9conomie verte et num\u00e9rique. De plus amples informations sur ces priorit\u00e9s sont disponibles \u00e0 l'adresse suivante\u00a0<a href=\"https:\/\/www.governo.cv\/orcamento-do-estado-2025-um-compromisso-com-a-inclusao-e-a-igualdade-de-oportunidades\/\" target=\"_blank\" rel=\"noopener noreferrer nofollow\">Site du gouvernement du Cap-Vert<\/a>.<\/p>\n<p>Dans ce contexte, le r\u00f4le des entreprises est tout aussi important. Le gouvernement a encourag\u00e9 les pratiques commerciales durables et l'adoption de mesures qui contribuent au d\u00e9veloppement \u00e9conomique et social. La r\u00e9duction du taux de l'imp\u00f4t sur le revenu des soci\u00e9t\u00e9s et les incitations fiscales \u00e0 la valorisation des salaires sont des exemples de politiques visant \u00e0 all\u00e9ger la charge fiscale des entreprises et \u00e0 stimuler l'innovation et la croissance. Ces initiatives sont d\u00e9taill\u00e9es dans des rapports tels que\u00a0<a href=\"https:\/\/consultoria.cv\/fr\/budget-de-letat-du-cap-vert-2025-ce-que-les-entreprises-doivent-savoir\/\">S&amp;D Consultancy<\/a>.<\/p>\n<p>Ce rapport explore donc en profondeur le paysage des pensions et des retraites au Cap-Vert, en mettant en lumi\u00e8re les politiques publiques, les d\u00e9fis \u00e0 relever et les opportunit\u00e9s pour le secteur des entreprises. L'objectif est de fournir une analyse d\u00e9taill\u00e9e qui nous permette de comprendre l'impact de ces mesures sur la soci\u00e9t\u00e9 et l'environnement des entreprises, afin de garantir un avenir plus inclusif et durable pour tous.<\/p>\n<h2 id=\"importnciadosplanosdepensesereformaparaasustentabilidadesocialemcaboverde\">L'importance des r\u00e9gimes de pension et de retraite pour la durabilit\u00e9 sociale au Cap-Vert<\/h2>\n<h3 id=\"enquadramentolegaleestruturaldosplanosdepenses\">Cadre juridique et structurel des r\u00e9gimes de pension<\/h3>\n<p>Le syst\u00e8me de retraite au Cap-Vert est compos\u00e9 de deux r\u00e9gimes principaux : le r\u00e9gime contributif, g\u00e9r\u00e9 par l'Institut national de s\u00e9curit\u00e9 sociale (INPS), et le r\u00e9gime non contributif, sous la responsabilit\u00e9 du Centre national des pensions sociales (CNPS). Ces r\u00e9gimes sont fondamentaux pour garantir la protection sociale et la viabilit\u00e9 \u00e9conomique de divers groupes de population, en particulier les plus vuln\u00e9rables. La l\u00e9gislation r\u00e9gissant le syst\u00e8me de protection sociale a \u00e9t\u00e9 renforc\u00e9e par les d\u00e9crets-lois 47-48-49\/2009, qui ont \u00e9tendu la couverture aux travailleurs ind\u00e9pendants et aux professionnels des services domestiques (<a href=\"https:\/\/www.governo.cv\/politicas-sociais-mais-proteccao-social\/\" target=\"_blank\" rel=\"noopener noreferrer nofollow\">Gouvernement du Cap-Vert<\/a>).<\/p>\n<p>En outre, l'introduction de r\u00e9formes dans le secteur de la s\u00e9curit\u00e9 sociale, telles que l'\u00e9limination de la diff\u00e9rence d'\u00e2ge de la retraite entre les sexes et la possibilit\u00e9 de prendre une retraite anticip\u00e9e, refl\u00e8te l'engagement du gouvernement \u00e0 cr\u00e9er un syst\u00e8me plus \u00e9quitable et plus accessible (<a href=\"https:\/\/www.governo.cv\/reformas-no-setor-de-trabalho-e-da-seguranca-social-marca-agenda-do-conselho-de-concertacao-social\/\" target=\"_blank\" rel=\"noopener noreferrer nofollow\">Gouvernement du Cap-Vert<\/a>).<\/p>\n<h3 id=\"impactoeconmicoesocialdosplanosdereforma\">Impact \u00e9conomique et social des r\u00e9gimes de retraite<\/h3>\n<p>Les r\u00e9gimes de retraite jouent un r\u00f4le crucial dans la r\u00e9duction de la pauvret\u00e9 et la promotion de l'\u00e9quit\u00e9 sociale. Au Cap-Vert, le r\u00e9gime non contributif financ\u00e9 par l'\u00c9tat fournit des pensions sociales aux personnes \u00e2g\u00e9es et aux personnes en situation de vuln\u00e9rabilit\u00e9, contribuant \u00e0 am\u00e9liorer les conditions de vie d'environ 64% de la population active, l'objectif \u00e9tant d'atteindre 66% (<a href=\"https:\/\/expressodasilhas.cv\/pais\/2024\/05\/18\/estudo-sobre-alargamento-da-seguranca-social-revela-desafios-e-propoe-solucoes\/\" target=\"_blank\" rel=\"noopener noreferrer nofollow\">Island Express<\/a>).<\/p>\n<p>L'impact \u00e9conomique est \u00e9galement important, car le syst\u00e8me de pension contribue \u00e0 la stabilit\u00e9 financi\u00e8re des m\u00e9nages, favorisant la consommation et, par cons\u00e9quent, la croissance \u00e9conomique. Des \u00e9tudes indiquent qu'il est essentiel d'\u00e9tendre le syst\u00e8me de protection sociale obligatoire aux travailleurs informels pour garantir une base de cotisations plus large et plus durable (<a href=\"https:\/\/www.worldbank.org\/pt\/country\/caboverde\/publication\/cabo-verde-s-path-to-sustainable-growth-reforms-to-boost-productivity-and-reduce-poverty\" target=\"_blank\" rel=\"noopener noreferrer nofollow\">Banque mondiale<\/a>).<\/p>\n<h3 id=\"desafioseoportunidadesnofinanciamentodaspenses\">D\u00e9fis et opportunit\u00e9s en mati\u00e8re de financement des retraites<\/h3>\n<p>L'un des principaux d\u00e9fis auxquels est confront\u00e9 le syst\u00e8me de retraite du Cap-Vert est sa viabilit\u00e9 financi\u00e8re. La forte d\u00e9pendance \u00e0 l'\u00e9gard des cotisations des travailleurs actifs pour financer les pensions des retrait\u00e9s rend le syst\u00e8me vuln\u00e9rable aux changements d\u00e9mographiques, tels que le vieillissement de la population. Pour att\u00e9nuer ce risque, le gouvernement a explor\u00e9 des strat\u00e9gies telles que la diversification des sources de financement, y compris les partenariats public-priv\u00e9 et les incitations fiscales pour promouvoir l'adh\u00e9sion au syst\u00e8me contributif (<a href=\"https:\/\/www.governo.cv\/politicas-sociais-mais-proteccao-social\/\" target=\"_blank\" rel=\"noopener noreferrer nofollow\">Gouvernement du Cap-Vert<\/a>).<\/p>\n<p>En outre, des initiatives telles que le Programme d'investissement de la diaspora cap-verdienne (PIDC) ont jou\u00e9 un r\u00f4le fondamental dans l'acheminement des ressources financi\u00e8res et techniques vers le syst\u00e8me de s\u00e9curit\u00e9 sociale, renfor\u00e7ant ainsi sa r\u00e9silience et sa capacit\u00e9 \u00e0 r\u00e9pondre aux besoins de la population (<a href=\"https:\/\/consultoria.cv\/fr\/financiamento-para-empresas-em-cabo-verde-guia-completo\/\">S&amp;D Consultancy<\/a>).<\/p>\n<h3 id=\"estratgiasdemodernizaoeincluso\">Strat\u00e9gies de modernisation et d'inclusion<\/h3>\n<p>La modernisation du syst\u00e8me de pension est une priorit\u00e9 pour le gouvernement du Cap-Vert, qui a investi dans la num\u00e9risation et la d\u00e9centralisation des services fournis par l'INPS. La cr\u00e9ation d'unit\u00e9s mobiles pour atteindre les travailleurs informels et la simplification du r\u00e9gime REMPE sont des exemples de mesures visant \u00e0 accro\u00eetre l'inclusion et l'efficacit\u00e9 du syst\u00e8me (<a href=\"https:\/\/expressodasilhas.cv\/pais\/2024\/05\/18\/estudo-sobre-alargamento-da-seguranca-social-revela-desafios-e-propoe-solucoes\/\" target=\"_blank\" rel=\"noopener noreferrer nofollow\">Island Express<\/a>).<\/p>\n<p>Dans le m\u00eame temps, la r\u00e9vision des allocations familiales pour les aligner sur le seuil de pauvret\u00e9 et l'introduction de prestations suppl\u00e9mentaires, telles que celles destin\u00e9es aux familles en d\u00e9but d'ann\u00e9e scolaire, refl\u00e8tent un effort continu pour aligner les politiques sociales sur les besoins \u00e9mergents de la population (<a href=\"https:\/\/www.governo.cv\/reformas-no-setor-de-trabalho-e-da-seguranca-social-marca-agenda-do-conselho-de-concertacao-social\/\" target=\"_blank\" rel=\"noopener noreferrer nofollow\">Gouvernement du Cap-Vert<\/a>).<\/p>\n<h3 id=\"contributoparaasustentabilidadesocialeeconmica\">Contribution \u00e0 la durabilit\u00e9 sociale et \u00e9conomique<\/h3>\n<p>Les r\u00e9gimes de pension et de retraite au Cap-Vert sont des piliers fondamentaux pour la construction d'une soci\u00e9t\u00e9 plus juste et plus r\u00e9siliente. En assurant une source de revenus stable aux retrait\u00e9s et en promouvant l'inclusion sociale, ces plans contribuent \u00e0 r\u00e9duire les in\u00e9galit\u00e9s et \u00e0 renforcer le tissu social. En outre, leur mise en \u0153uvre effective est essentielle pour atteindre les objectifs du Plan strat\u00e9gique de d\u00e9veloppement durable (PEDS II), qui vise \u00e0 \u00e9radiquer l'extr\u00eame pauvret\u00e9 et \u00e0 r\u00e9duire de mani\u00e8re significative la pauvret\u00e9 absolue dans le pays (<a href=\"https:\/\/www.governo.cv\/orcamento-do-estado-2025-um-compromisso-com-a-inclusao-e-a-igualdade-de-oportunidades\/\" target=\"_blank\" rel=\"noopener noreferrer nofollow\">Gouvernement du Cap-Vert<\/a>).<\/p>\n<p>La viabilit\u00e9 du syst\u00e8me de pension d\u00e9pend toutefois de r\u00e9formes continues et d'une gestion efficace, qui garantissent son adaptabilit\u00e9 aux changements \u00e9conomiques et d\u00e9mographiques. La collaboration entre le gouvernement, le secteur priv\u00e9 et la soci\u00e9t\u00e9 civile sera cruciale pour relever les d\u00e9fis futurs et assurer le bien-\u00eatre des g\u00e9n\u00e9rations actuelles et futures.<\/p>\n<h2 id=\"impactodasmedidasgovernamentaisnossistemasdeproteosocial\">Impact des mesures gouvernementales sur les syst\u00e8mes de protection sociale<\/h2>\n<h3 id=\"expansodacoberturadaproteosocial\">\u00c9largir la couverture de la protection sociale<\/h3>\n<p>Entre 2021 et 2023, le Cap-Vert a connu une augmentation significative de la couverture de la protection sociale, atteignant 60,31 % de la population, ce qui correspond \u00e0 307 219 personnes. Ce progr\u00e8s a \u00e9t\u00e9 particuli\u00e8rement remarquable dans le syst\u00e8me contributif, qui a couvert 91,6% des b\u00e9n\u00e9ficiaires. Ces progr\u00e8s ont \u00e9t\u00e9 r\u00e9alis\u00e9s gr\u00e2ce \u00e0 la collaboration entre les institutions nationales et internationales, telles que l'Organisation internationale du travail (OIT) et la coop\u00e9ration portugaise, qui ont jou\u00e9 un r\u00f4le strat\u00e9gique dans le renforcement du syst\u00e8me de protection sociale (<a href=\"https:\/\/mfids.gov.cv\/v2\/index.php\/noticias\/2024-12-04-17-28-46\" target=\"_blank\" rel=\"noopener noreferrer nofollow\">Gouvernement du Cap-Vert<\/a>).<\/p>\n<p>L'accent a \u00e9galement \u00e9t\u00e9 mis sur les femmes, qui repr\u00e9sentaient 62,21 % des b\u00e9n\u00e9ficiaires, et sur les groupes vuln\u00e9rables tels que les enfants et les personnes \u00e2g\u00e9es. Le taux de couverture des enfants (0-14 ans) s'est \u00e9lev\u00e9 \u00e0 47,81 TWD3T, tandis que la protection des personnes \u00e2g\u00e9es a atteint 76,71 TWD3T, avec 41 301 b\u00e9n\u00e9ficiaires de pensions de vieillesse, d'invalidit\u00e9 ou de survie. Ces chiffres soulignent l'importance des politiques mises en \u0153uvre pour promouvoir l'inclusion sociale et r\u00e9duire les in\u00e9galit\u00e9s (<a href=\"https:\/\/actionportugal.org\/2024\/12\/04\/lancamento-do-boletim-estatistico-sobre-protecao-social-em-cabo-verde-2021-2023\/\" target=\"_blank\" rel=\"noopener noreferrer nofollow\">Action Portugal<\/a>).<\/p>\n<h3 id=\"reformasnoregimedelicenasparentais\">R\u00e9formes du r\u00e9gime de cong\u00e9 parental<\/h3>\n<p>L'une des mesures les plus importantes a \u00e9t\u00e9 l'extension du cong\u00e9 de maternit\u00e9 de 60 \u00e0 90 jours et l'introduction d'un cong\u00e9 de paternit\u00e9 enti\u00e8rement subventionn\u00e9. Ces changements visent non seulement \u00e0 am\u00e9liorer le bien-\u00eatre des familles, mais aussi \u00e0 promouvoir l'\u00e9galit\u00e9 entre les hommes et les femmes. En outre, le gouvernement a annonc\u00e9 une augmentation du cong\u00e9 parental \u00e0 100 jours, ce qui permet de le partager entre les parents. Cette mesure renforce l'engagement en faveur de l'\u00e9galit\u00e9 des sexes et du d\u00e9veloppement de l'enfant (<a href=\"https:\/\/mfids.gov.cv\/v2\/index.php\/noticias\/2024-12-04-17-28-46\" target=\"_blank\" rel=\"noopener noreferrer nofollow\">Gouvernement du Cap-Vert<\/a>).<\/p>\n<p>Ces changements ne profitent pas seulement directement aux familles, mais ont \u00e9galement des implications \u00e9conomiques et sociales plus larges. En permettant aux deux parents de participer activement \u00e0 l'\u00e9ducation de leurs enfants, ces politiques peuvent contribuer \u00e0 une plus grande productivit\u00e9 au travail et \u00e0 la r\u00e9duction des in\u00e9galit\u00e9s entre les hommes et les femmes sur le march\u00e9 du travail.<\/p>\n<h3 id=\"benefciosparafamliaseeducao\">Avantages pour les familles et l'\u00e9ducation<\/h3>\n<p>Une autre mesure pertinente a \u00e9t\u00e9 l'introduction de l'allocation de rentr\u00e9e scolaire, qui vise \u00e0 soulager les familles du co\u00fbt du mat\u00e9riel scolaire. Cette initiative est particuli\u00e8rement importante dans un contexte o\u00f9 de nombreuses familles sont confront\u00e9es \u00e0 des difficult\u00e9s financi\u00e8res, en particulier celles qui vivent en dessous du seuil de pauvret\u00e9. La r\u00e9vision de l'allocation familiale pour l'aligner sur le seuil de pauvret\u00e9 a \u00e9galement \u00e9t\u00e9 discut\u00e9e, soulignant l'engagement du gouvernement \u00e0 aligner les politiques sociales sur les besoins \u00e9mergents de la population (<a href=\"https:\/\/expressodasilhas.cv\/pais\/2024\/05\/18\/estudo-sobre-alargamento-da-seguranca-social-revela-desafios-e-propoe-solucoes\/\" target=\"_blank\" rel=\"noopener noreferrer nofollow\">Island Express<\/a>).<\/p>\n<p>Ces mesures favorisent non seulement l'acc\u00e8s \u00e0 l'\u00e9ducation, mais ont \u00e9galement un impact positif sur la r\u00e9duction de la pauvret\u00e9 et la promotion de l'\u00e9galit\u00e9 des chances. En investissant dans l'\u00e9ducation, le gouvernement construit une base solide pour le d\u00e9veloppement durable du pays.<\/p>\n<h3 id=\"adaptaodoregimerempeeformalizaodotrabalhoinformal\">Adaptation du r\u00e9gime REMPE et formalisation du travail informel<\/h3>\n<p>Le gouvernement cap-verdien s'efforce d'adapter le r\u00e9gime REMPE (r\u00e9gime sp\u00e9cial pour les micro et petites entreprises) afin de faciliter la formalisation des travailleurs informels. Cette adaptation comprend la cr\u00e9ation d'unit\u00e9s mobiles de l'Institut national de s\u00e9curit\u00e9 sociale (INPS), destin\u00e9es \u00e0 atteindre les travailleurs informels et \u00e0 les int\u00e9grer dans le syst\u00e8me de s\u00e9curit\u00e9 sociale. Ces initiatives visent \u00e0 accro\u00eetre la couverture de la protection sociale et \u00e0 r\u00e9duire l'informalit\u00e9 sur le march\u00e9 du travail (<a href=\"https:\/\/expressodasilhas.cv\/pais\/2024\/05\/18\/estudo-sobre-alargamento-da-seguranca-social-revela-desafios-e-propoe-solucoes\/\" target=\"_blank\" rel=\"noopener noreferrer nofollow\">Island Express<\/a>).<\/p>\n<p>En int\u00e9grant les travailleurs informels dans le syst\u00e8me de s\u00e9curit\u00e9 sociale, le gouvernement promeut non seulement l'inclusion sociale, mais renforce \u00e9galement la viabilit\u00e9 financi\u00e8re du syst\u00e8me de pensions et de retraites. Cette strat\u00e9gie est essentielle pour garantir une protection sociale universelle et r\u00e9duire les in\u00e9galit\u00e9s sociales et r\u00e9gionales.<\/p>\n<h3 id=\"igualdadedegneronoacessospenses\">L'\u00e9galit\u00e9 entre les hommes et les femmes dans l'acc\u00e8s aux pensions<\/h3>\n<p>L'une des r\u00e9formes les plus importantes en cours de discussion est l'\u00e9limination de l'\u00e9cart entre l'\u00e2ge de la retraite des hommes et des femmes dans le syst\u00e8me INPS. Cette mesure vise \u00e0 garantir l'\u00e9galit\u00e9 des sexes dans l'acc\u00e8s aux pensions, en promouvant un syst\u00e8me plus juste et plus \u00e9quitable. En outre, l'introduction de la retraite anticip\u00e9e dans le syst\u00e8me de s\u00e9curit\u00e9 sociale est envisag\u00e9e, ce qui permettrait une plus grande flexibilit\u00e9 pour les travailleurs (<a href=\"https:\/\/www.governo.cv\/reformas-no-setor-de-trabalho-e-da-seguranca-social-marca-agenda-do-conselho-de-concertacao-social\/\" target=\"_blank\" rel=\"noopener noreferrer nofollow\">Gouvernement du Cap-Vert<\/a>).<\/p>\n<p>Ces r\u00e9formes refl\u00e8tent un engagement en faveur de la modernisation et de l'\u00e9quit\u00e9 du syst\u00e8me de s\u00e9curit\u00e9 sociale. En s'attaquant aux disparit\u00e9s entre les sexes et en offrant des options de retraite plus souples, le gouvernement cr\u00e9e un syst\u00e8me plus inclusif et adapt\u00e9 aux besoins de la population.<\/p>\n<h3 id=\"avaliaoemonitorizaodaspolticasimplementadas\">\u00c9valuation et suivi des politiques mises en \u0153uvre<\/h3>\n<p>Le Bulletin statistique sur la protection sociale, pr\u00e9sent\u00e9 en 2024, a jou\u00e9 un r\u00f4le crucial dans le suivi et l'\u00e9valuation des politiques mises en \u0153uvre. Ce document fournit une analyse d\u00e9taill\u00e9e des donn\u00e9es relatives aux r\u00e9gimes contributifs et non contributifs, ce qui permet d'ajuster les politiques publiques si n\u00e9cessaire. Une analyse rigoureuse des donn\u00e9es est essentielle pour garantir l'efficacit\u00e9 des mesures et identifier les domaines n\u00e9cessitant des am\u00e9liorations. (<a href=\"https:\/\/mfids.gov.cv\/v2\/index.php\/noticias\/2024-12-04-17-28-46\" target=\"_blank\" rel=\"noopener noreferrer nofollow\">Gouvernement du Cap-Vert<\/a>).<\/p>\n<p>L'utilisation d'outils tels que le bulletin statistique d\u00e9montre l'engagement du gouvernement en faveur de la transparence et de la responsabilit\u00e9. En mettant \u00e0 disposition des informations d\u00e9taill\u00e9es et actualis\u00e9es, le gouvernement permet aux d\u00e9cideurs politiques et aux agents sociaux de prendre des d\u00e9cisions \u00e9clair\u00e9es et fond\u00e9es sur des preuves.<\/p>\n<hr \/>\n<p>Ce rapport pr\u00e9sente une analyse d\u00e9taill\u00e9e des mesures gouvernementales mises en \u0153uvre au Cap-Vert dans le domaine de la protection sociale, en soulignant leur impact et les d\u00e9fis \u00e0 venir. Les politiques analys\u00e9es refl\u00e8tent un effort continu pour promouvoir l'inclusion sociale, r\u00e9duire les in\u00e9galit\u00e9s et assurer la durabilit\u00e9 du syst\u00e8me de pensions et de retraites.<\/p>\n<h2 id=\"desafioseperspectivasfuturasparaaseguranasocialeinclusoeconmica\">D\u00e9fis et perspectives pour la s\u00e9curit\u00e9 sociale et l'inclusion \u00e9conomique<\/h2>\n<h3 id=\"sustentabilidadedosistemadeseguranasocial\">Durabilit\u00e9 du syst\u00e8me de s\u00e9curit\u00e9 sociale<\/h3>\n<p>La viabilit\u00e9 du syst\u00e8me de s\u00e9curit\u00e9 sociale au Cap-Vert est confront\u00e9e \u00e0 des d\u00e9fis importants, notamment en raison du vieillissement d\u00e9mographique et de l'informalit\u00e9 de la main-d'\u0153uvre. D'apr\u00e8s le\u00a0<a href=\"https:\/\/ine.cv\/publicacoes\/estimativas-e-projecoes-demograficas-de-cabo-verde-2010-2040\/\" target=\"_blank\" rel=\"noopener noreferrer nofollow\">Estimations et projections d\u00e9mographiques pour le Cap-Vert 2010-2040<\/a>, La proportion de personnes \u00e2g\u00e9es dans la population augmente, ce qui p\u00e8se sur l'\u00e9quilibre financier du syst\u00e8me de retraite. Ce ph\u00e9nom\u00e8ne appelle des r\u00e9formes structurelles pour assurer la viabilit\u00e9 \u00e0 long terme, y compris la diversification des sources de financement et la promotion d'une plus grande adh\u00e9sion au syst\u00e8me contributif.<\/p>\n<p>En outre, le taux \u00e9lev\u00e9 d'informalit\u00e9 sur le march\u00e9 du travail limite l'assiette des cotisations. Selon les donn\u00e9es de l\u00a0<a href=\"https:\/\/www.mf.gov.cv\/-\/plano-estrat%C3%A9gico-de-desenvolvimento-sustent%C3%A1vel-2022-2026-peds-ii-\" target=\"_blank\" rel=\"noopener noreferrer nofollow\">Plan strat\u00e9gique pour le d\u00e9veloppement durable 2022-2026 (PEDS II)<\/a>, La formalisation du travail informel est une priorit\u00e9 strat\u00e9gique pour accro\u00eetre l'inclusion \u00e9conomique et renforcer le syst\u00e8me de s\u00e9curit\u00e9 sociale. La mise en \u0153uvre d'incitations fiscales et la simplification des processus d'inscription peuvent \u00eatre des mesures efficaces pour atteindre cet objectif.<\/p>\n<h3 id=\"inclusoeconmicaereduodedesigualdades\">Inclusion \u00e9conomique et r\u00e9duction des in\u00e9galit\u00e9s<\/h3>\n<p>L'inclusion \u00e9conomique est un pilier essentiel de la r\u00e9duction des in\u00e9galit\u00e9s sociales. O\u00a0<a href=\"https:\/\/www.governo.cv\/prioridades-do-orcamento-do-estado-de-cabo-verde-para-2025-coesao-sustentabilidade-e-inclusao\/\" target=\"_blank\" rel=\"noopener noreferrer nofollow\">Budget de l'\u00c9tat du Cap-Vert pour 2025<\/a>\u00a0donne la priorit\u00e9 \u00e0 la coh\u00e9sion et \u00e0 la durabilit\u00e9, en mettant l'accent sur les mesures qui favorisent un acc\u00e8s \u00e9quitable aux opportunit\u00e9s \u00e9conomiques. Ces mesures comprennent le soutien \u00e0 l'entrepreneuriat des jeunes et des femmes, ainsi que la cr\u00e9ation de programmes de formation professionnelle adapt\u00e9s aux besoins du march\u00e9.<\/p>\n<p>Toutefois, l'efficacit\u00e9 de ces initiatives d\u00e9pend de leur mise en \u0153uvre pratique et de la capacit\u00e9 \u00e0 contr\u00f4ler les r\u00e9sultats. La cr\u00e9ation d'indicateurs sp\u00e9cifiques pour mesurer l'impact des politiques d'inclusion \u00e9conomique est cruciale pour garantir que les ressources sont allou\u00e9es efficacement et que les objectifs de r\u00e9duction des in\u00e9galit\u00e9s sont atteints.<\/p>\n<h3 id=\"reformasnoregimedepenses\">R\u00e9formes des pensions<\/h3>\n<p>Alors que des efforts sont actuellement d\u00e9ploy\u00e9s pour moderniser le syst\u00e8me de retraite, comme indiqu\u00e9 dans les rapports pr\u00e9c\u00e9dents, ce th\u00e8me abordera des aspects compl\u00e9mentaires. Si l'\u00e9galit\u00e9 entre les hommes et les femmes dans l'acc\u00e8s aux pensions a d\u00e9j\u00e0 \u00e9t\u00e9 discut\u00e9e, l'introduction de m\u00e9canismes de retraite anticip\u00e9e et flexible doit \u00eatre explor\u00e9e. Ces m\u00e9canismes pourraient inclure des options telles que la possibilit\u00e9 d'une retraite partielle, permettant aux travailleurs de r\u00e9duire progressivement leur charge de travail tout en continuant \u00e0 cotiser au syst\u00e8me. Cette approche permet non seulement d'all\u00e9ger la pression sur le syst\u00e8me de pension, mais aussi de favoriser une transition plus douce vers la retraite.<\/p>\n<p>En outre, la diversification des investissements du fonds de pension est une strat\u00e9gie cruciale pour accro\u00eetre sa rentabilit\u00e9 et att\u00e9nuer les risques financiers. L'adoption de pratiques d'investissement durables conformes aux Objectifs de d\u00e9veloppement durable (ODD) peut contribuer \u00e0 la stabilit\u00e9 du syst\u00e8me et au d\u00e9veloppement \u00e9conomique du pays.<\/p>\n<h3 id=\"conectividadeemobilidadeeconmica\">Connectivit\u00e9 et mobilit\u00e9 \u00e9conomique<\/h3>\n<p>L'am\u00e9lioration de la connectivit\u00e9 interne et externe est un facteur d\u00e9terminant pour l'inclusion \u00e9conomique au Cap-Vert. D'apr\u00e8s le\u00a0<a href=\"https:\/\/www.governo.cv\/prioridades-do-orcamento-do-estado-de-cabo-verde-para-2025-coesao-sustentabilidade-e-inclusao\/\" target=\"_blank\" rel=\"noopener noreferrer nofollow\">Gouvernement du Cap-Vert<\/a>, L'augmentation des vols int\u00e9rieurs et internationaux, ainsi que la promotion des compagnies a\u00e9riennes \u00e0 bas prix, sont des strat\u00e9gies prioritaires pour 2025. Ces mesures visent non seulement \u00e0 stimuler le tourisme, mais aussi \u00e0 faciliter la mobilit\u00e9 de la main-d'\u0153uvre et l'acc\u00e8s aux march\u00e9s \u00e9trangers.<\/p>\n<p>Toutefois, il est essentiel de veiller \u00e0 ce que les b\u00e9n\u00e9fices de ces initiatives soient r\u00e9partis \u00e9quitablement entre les diff\u00e9rentes \u00eeles. La mise en \u0153uvre de politiques favorisant un d\u00e9veloppement \u00e9conomique \u00e9quilibr\u00e9 entre les r\u00e9gions est fondamentale pour \u00e9viter la concentration des opportunit\u00e9s dans des zones sp\u00e9cifiques et pour favoriser la coh\u00e9sion territoriale.<\/p>\n<h3 id=\"educaoecapacitaoparaainclusoeconmica\">\u00c9ducation et formation pour l'inclusion \u00e9conomique<\/h3>\n<p>L'\u00e9ducation joue un r\u00f4le central dans l'inclusion \u00e9conomique et dans la pr\u00e9paration de la main-d'\u0153uvre aux d\u00e9fis de l'avenir. Bien que l\u00a0<a href=\"https:\/\/www.mf.gov.cv\/-\/plano-estrat%C3%A9gico-de-desenvolvimento-sustent%C3%A1vel-2022-2026-peds-ii-\" target=\"_blank\" rel=\"noopener noreferrer nofollow\">Plan strat\u00e9gique pour le d\u00e9veloppement durable 2022-2026 (PEDS II)<\/a>\u00a0reconna\u00eet les progr\u00e8s r\u00e9alis\u00e9s dans le domaine de l'\u00e9ducation, il est urgent d'aligner les programmes scolaires et les programmes de formation professionnelle sur les exigences du march\u00e9 du travail.<\/p>\n<p>L'introduction de cours techniques et professionnels dans des domaines tels que la transition \u00e9nerg\u00e9tique et la num\u00e9risation peut accro\u00eetre l'employabilit\u00e9 des jeunes et contribuer \u00e0 une \u00e9conomie plus diversifi\u00e9e et plus r\u00e9siliente. En outre, le renforcement des partenariats entre les secteurs public et priv\u00e9 peut faciliter la cr\u00e9ation de stages et de programmes d'apprentissage qui pr\u00e9parent les \u00e9tudiants au march\u00e9 du travail.<\/p>\n<h3 id=\"perspetivasparaadigitalizaodosserviosdeseguranasocial\">Perspectives de num\u00e9risation des services de s\u00e9curit\u00e9 sociale<\/h3>\n<p>La num\u00e9risation des services de s\u00e9curit\u00e9 sociale est une occasion d'am\u00e9liorer l'efficacit\u00e9 et l'accessibilit\u00e9 du syst\u00e8me. La mise en place de plateformes num\u00e9riques permettant l'affiliation, le paiement des cotisations et l'acc\u00e8s \u00e0 l'information en temps r\u00e9el peut simplifier les processus administratifs et r\u00e9duire les co\u00fbts de fonctionnement.<\/p>\n<p>Toutefois, il est essentiel de veiller \u00e0 ce que la num\u00e9risation n'exclue pas les groupes vuln\u00e9rables, tels que les personnes \u00e2g\u00e9es et les populations rurales, qui peuvent avoir un acc\u00e8s limit\u00e9 \u00e0 la technologie. Les campagnes d'alphab\u00e9tisation num\u00e9rique et la mise en place de points d'acc\u00e8s communautaires sont des mesures qui peuvent att\u00e9nuer ce risque et promouvoir l'inclusion num\u00e9rique.<\/p>\n<h3 id=\"promoodaresilinciaeconmica\">Promouvoir la r\u00e9silience \u00e9conomique<\/h3>\n<p>Enfin, la promotion de la r\u00e9silience \u00e9conomique est essentielle pour faire face aux d\u00e9fis futurs. La diversification \u00e9conomique, la transition vers les \u00e9nergies renouvelables et la cr\u00e9ation d'un environnement d'investissement favorable sont des strat\u00e9gies cl\u00e9s pour accro\u00eetre la capacit\u00e9 du Cap-Vert \u00e0 r\u00e9sister aux chocs ext\u00e9rieurs. O\u00a0<a href=\"https:\/\/expressodasilhas.cv\/opiniao\/2024\/11\/11\/orcamento-do-estado-2025-um-marco-para-a-inclusao-crescimento-e-equidade-em-cabo-verde\/94143\" target=\"_blank\" rel=\"noopener noreferrer nofollow\">Budget de l'\u00c9tat 2025<\/a>\u00a0renforce cet engagement en soulignant l'importance d'une \u00e9conomie inclusive et durable.<\/p>\n<p>L'int\u00e9gration des pratiques de l'\u00e9conomie circulaire et la promotion des secteurs \u00e9mergents tels que l'\u00e9conomie bleue peuvent cr\u00e9er de nouvelles opportunit\u00e9s d'emploi et r\u00e9duire la d\u00e9pendance \u00e0 l'\u00e9gard des secteurs traditionnels. Ces initiatives ne renforcent pas seulement l'\u00e9conomie, mais contribuent \u00e9galement \u00e0 la durabilit\u00e9 environnementale et sociale du pays.<\/p>\n<h2 id=\"concluso\">Conclusion<\/h2>\n<p>L'\u00e9tude sur les r\u00e9gimes de pension et de retraite au Cap-Vert souligne leur importance en tant que piliers fondamentaux de la durabilit\u00e9 sociale et \u00e9conomique du pays. Le syst\u00e8me de protection sociale, compos\u00e9 de r\u00e9gimes contributifs et non contributifs, a connu des avanc\u00e9es significatives, telles que l'extension de la couverture des travailleurs informels et l'introduction de mesures favorisant l'\u00e9quit\u00e9 entre les sexes et l'inclusion sociale. Ces initiatives, combin\u00e9es \u00e0 la modernisation et \u00e0 la num\u00e9risation des services, refl\u00e8tent l'engagement du gouvernement \u00e0 garantir un syst\u00e8me plus accessible et plus efficace, conform\u00e9ment aux objectifs de la strat\u00e9gie de Lisbonne.\u00a0<a href=\"https:\/\/www.mf.gov.cv\/-\/plano-estrat%C3%A9gico-de-desenvolvimento-sustent%C3%A1vel-2022-2026-peds-ii-\" target=\"_blank\" rel=\"noopener noreferrer nofollow\">Plan strat\u00e9gique pour le d\u00e9veloppement durable (PEDS II)<\/a>.<\/p>\n<p>Toutefois, des d\u00e9fis structurels persistent, tels que le vieillissement d\u00e9mographique et le taux \u00e9lev\u00e9 d'informalit\u00e9 de la main-d'\u0153uvre, qui p\u00e8sent sur la viabilit\u00e9 financi\u00e8re du syst\u00e8me. La diversification des sources de financement, la formalisation du travail informel et l'introduction de m\u00e9canismes de retraite flexibles sont des strat\u00e9gies essentielles pour att\u00e9nuer ces risques. En outre, la promotion d'une plus grande inclusion \u00e9conomique, par le biais d'incitations \u00e0 l'entreprenariat et l'adaptation des programmes de formation aux exigences du march\u00e9, est essentielle pour r\u00e9duire les in\u00e9galit\u00e9s et renforcer l'assiette des cotisations. La mise en \u0153uvre de politiques fond\u00e9es sur des donn\u00e9es rigoureuses, telles que celles fournies par le\u00a0<a href=\"https:\/\/mfids.gov.cv\/v2\/index.php\/noticias\/2024-12-04-17-28-46\" target=\"_blank\" rel=\"noopener noreferrer nofollow\">Bulletin statistique sur la protection sociale<\/a>, sera d\u00e9cisive pour adapter les mesures aux nouveaux besoins.<\/p>\n<p>En r\u00e9sum\u00e9, le renforcement du syst\u00e8me de pension et de retraite du Cap-Vert n\u00e9cessite une approche int\u00e9gr\u00e9e qui allie innovation, inclusion et durabilit\u00e9. La collaboration entre le gouvernement, le secteur priv\u00e9 et la soci\u00e9t\u00e9 civile sera indispensable pour relever les d\u00e9fis futurs et assurer le bien-\u00eatre des g\u00e9n\u00e9rations actuelles et futures.<\/p>","protected":false},"excerpt":{"rendered":"<p>Les entreprises cap-verdiennes sont confront\u00e9es \u00e0 des d\u00e9fis uniques en mati\u00e8re de retraite, mais la planification strat\u00e9gique des pensions offre des avantages inattendus pour une r\u00e9ussite \u00e0 long terme.<\/p>","protected":false},"author":2,"featured_media":3119,"comment_status":"closed","ping_status":"closed","sticky":false,"template":"","format":"standard","meta":{"_breakdance_hide_in_design_set":false,"_breakdance_tags":"","footnotes":""},"categories":[1],"tags":[279,300,290],"class_list":["post-3120","post","type-post","status-publish","format-standard","has-post-thumbnail","hentry","category-blog","tag-cabo-verde","tag-pensoes","tag-reforma"],"_links":{"self":[{"href":"https:\/\/consultoria.cv\/fr\/wp-json\/wp\/v2\/posts\/3120","targetHints":{"allow":["GET"]}}],"collection":[{"href":"https:\/\/consultoria.cv\/fr\/wp-json\/wp\/v2\/posts"}],"about":[{"href":"https:\/\/consultoria.cv\/fr\/wp-json\/wp\/v2\/types\/post"}],"author":[{"embeddable":true,"href":"https:\/\/consultoria.cv\/fr\/wp-json\/wp\/v2\/users\/2"}],"replies":[{"embeddable":true,"href":"https:\/\/consultoria.cv\/fr\/wp-json\/wp\/v2\/comments?post=3120"}],"version-history":[{"count":2,"href":"https:\/\/consultoria.cv\/fr\/wp-json\/wp\/v2\/posts\/3120\/revisions"}],"predecessor-version":[{"id":3194,"href":"https:\/\/consultoria.cv\/fr\/wp-json\/wp\/v2\/posts\/3120\/revisions\/3194"}],"wp:featuredmedia":[{"embeddable":true,"href":"https:\/\/consultoria.cv\/fr\/wp-json\/wp\/v2\/media\/3119"}],"wp:attachment":[{"href":"https:\/\/consultoria.cv\/fr\/wp-json\/wp\/v2\/media?parent=3120"}],"wp:term":[{"taxonomy":"category","embeddable":true,"href":"https:\/\/consultoria.cv\/fr\/wp-json\/wp\/v2\/categories?post=3120"},{"taxonomy":"post_tag","embeddable":true,"href":"https:\/\/consultoria.cv\/fr\/wp-json\/wp\/v2\/tags?post=3120"}],"curies":[{"name":"wp","href":"https:\/\/api.w.org\/{rel}","templated":true}]}}