{"id":3062,"date":"2025-03-21T11:44:41","date_gmt":"2025-03-21T12:44:41","guid":{"rendered":"https:\/\/consultoria.cv\/a-inteligencia-artificial-traz-vantagens-em-eficiencia-inovacao-e-produtividade-mas-tambem-impoe-desafios-a-seguranca-e-aos-direitos-fundamentais-ulisses-correia-e-silva\/"},"modified":"2025-03-21T11:44:41","modified_gmt":"2025-03-21T12:44:41","slug":"a-inteligencia-artificial-traz-vantagens-em-eficiencia-inovacao-e-produtividade-mas-tambem-impoe-desafios-a-seguranca-e-aos-direitos-fundamentais-ulisses-correia-e-silva","status":"publish","type":"post","link":"https:\/\/consultoria.cv\/fr\/a-inteligencia-artificial-traz-vantagens-em-eficiencia-inovacao-e-produtividade-mas-tambem-impoe-desafios-a-seguranca-e-aos-direitos-fundamentais-ulisses-correia-e-silva\/","title":{"rendered":"\"L'intelligence artificielle pr\u00e9sente des avantages en termes d'efficacit\u00e9, d'innovation et de productivit\u00e9, mais elle pose \u00e9galement des d\u00e9fis en mati\u00e8re de s\u00e9curit\u00e9 et de droits fondamentaux\" - Ulisses Correia e Silva"},"content":{"rendered":"<div>\n<p>O Primeiro Ministro disse hoje, na Praia, que a Intelig\u00eancia Artificial (IA) \u201ctraz vantagens em efici\u00eancia, inova\u00e7\u00e3o e produtividade, mas tamb\u00e9m imp\u00f5e desafios \u00e0 seguran\u00e7a e aos direitos fundamentais\u201d. Ulisses Correia e Silva fez essas declara\u00e7\u00f5es na abertura da Confer\u00eancia Internacional sobre Prote\u00e7\u00e3o de Dados Pessoais na Era da Intelig\u00eancia Artificial, promovida pela Comiss\u00e3o Nacional de Protec\u00e7\u00e3o de Dados (CNDP), no \u00e2mbito da comemora\u00e7\u00e3o do 10\u00ba anivers\u00e1rio desta organiza\u00e7\u00e3o.<\/p>\n<p>\u201cDez anos \u00e9 pouco tempo, mas aquilo que tem sido a matura\u00e7\u00e3o desta institui\u00e7\u00e3o importante da Rep\u00fablica demonstra que foi e tem sido uma aposta ganha. Um desempenho com compet\u00eancia, profissionalismo e independ\u00eancia\u201d, disse.<\/p>\n<p>\u201cA intelig\u00eancia artificial pode entrar em todos os dom\u00ednios da vida de uma pessoa e pode ser usada para fins nefastos a n\u00edvel individual e a n\u00edvel da sociedade\u201d, por isso, \u201cgarantir a protec\u00e7\u00e3o de dados pessoais na era da intelig\u00eancia artificial \u00e9 um imperativo, face a limites necess\u00e1rios para garantir a seguran\u00e7a e o respeito por direitos fundamentais consagrados constitucionalmente\u201d.<\/p>\n<p>Segundo o Chefe do Governo, \u201co desafio de garantir a protec\u00e7\u00e3o de dados pessoais e a ciberseguran\u00e7a na era da IA e de r\u00e1pidos avan\u00e7os tecnol\u00f3gicos \u00e9 confrontado hoje com um mundo conturbado em termos geopol\u00edticos e de desenvolvimento da ideologia da p\u00f3s-verdade. Nenhum pa\u00eds est\u00e1 blindado a esta investida que acontece\u201d, alertou.<\/p>\n<p>\u201cEspero que esta confer\u00eancia contribua para fortalecer o nosso quadro regulat\u00f3rio e garantir um uso respons\u00e1vel e seguro da IA\u201d, conclui o Primeiro Ministro.<\/p>\n<p>Durante o evento, no qual participaram especialistas nacionais e internacionais,<\/p>\n<p>foram abordadas quest\u00f5es como o impacto da intelig\u00eancia artificial na prote\u00e7\u00e3o de dados pessoais, a regula\u00e7\u00e3o da IA, a sua aplica\u00e7\u00e3o em setores estrat\u00e9gicos como a sa\u00fade, a educa\u00e7\u00e3o e as finan\u00e7as, e os desafios da ciberseguran\u00e7a. O objectivo desta confer\u00eancia foi discutir solu\u00e7\u00f5es jur\u00eddicas e tecnol\u00f3gicas que garantam o respeito pelos direitos digitais, sem comprometer a inova\u00e7\u00e3o tecnol\u00f3gica.<\/p>\n<p>O post <a rel=\"nofollow\" href=\"https:\/\/www.governo.cv\/a-inteligencia-artificial-traz-vantagens-em-eficiencia-inovacao-e-produtividade-mas-tambem-impoe-desafios-a-seguranca-e-aos-direitos-fundamentais-ulisses-correia-e-silva\/\" target=\"_blank\">\"L'intelligence artificielle pr\u00e9sente des avantages en termes d'efficacit\u00e9, d'innovation et de productivit\u00e9, mais elle pose \u00e9galement des d\u00e9fis en mati\u00e8re de s\u00e9curit\u00e9 et de droits fondamentaux\" - Ulisses Correia e Silva<\/a> apareceu primeiro em <a rel=\"nofollow\" href=\"https:\/\/www.governo.cv\/\" target=\"_blank\">Gouvernement du Cap-Vert<\/a>.<\/p>\n<\/div>","protected":false},"excerpt":{"rendered":"<p>O Primeiro Ministro disse hoje, na Praia, que a Intelig\u00eancia Artificial (IA) \u201ctraz vantagens em efici\u00eancia, inova\u00e7\u00e3o e produtividade, mas tamb\u00e9m imp\u00f5e desafios \u00e0 seguran\u00e7a e aos direitos fundamentais\u201d. Ulisses Correia e Silva fez essas declara\u00e7\u00f5es na abertura da Confer\u00eancia Internacional sobre Prote\u00e7\u00e3o de Dados Pessoais na Era da Intelig\u00eancia Artificial, promovida pela Comiss\u00e3o Nacional [&hellip;]<\/p>\n","protected":false},"author":2,"featured_media":0,"comment_status":"closed","ping_status":"closed","sticky":false,"template":"","format":"standard","meta":{"_breakdance_hide_in_design_set":false,"_breakdance_tags":"","footnotes":""},"categories":[263],"tags":[264],"class_list":["post-3062","post","type-post","status-publish","format-standard","hentry","category-noticias","tag-noticias"],"_links":{"self":[{"href":"https:\/\/consultoria.cv\/fr\/wp-json\/wp\/v2\/posts\/3062","targetHints":{"allow":["GET"]}}],"collection":[{"href":"https:\/\/consultoria.cv\/fr\/wp-json\/wp\/v2\/posts"}],"about":[{"href":"https:\/\/consultoria.cv\/fr\/wp-json\/wp\/v2\/types\/post"}],"author":[{"embeddable":true,"href":"https:\/\/consultoria.cv\/fr\/wp-json\/wp\/v2\/users\/2"}],"replies":[{"embeddable":true,"href":"https:\/\/consultoria.cv\/fr\/wp-json\/wp\/v2\/comments?post=3062"}],"version-history":[{"count":0,"href":"https:\/\/consultoria.cv\/fr\/wp-json\/wp\/v2\/posts\/3062\/revisions"}],"wp:attachment":[{"href":"https:\/\/consultoria.cv\/fr\/wp-json\/wp\/v2\/media?parent=3062"}],"wp:term":[{"taxonomy":"category","embeddable":true,"href":"https:\/\/consultoria.cv\/fr\/wp-json\/wp\/v2\/categories?post=3062"},{"taxonomy":"post_tag","embeddable":true,"href":"https:\/\/consultoria.cv\/fr\/wp-json\/wp\/v2\/tags?post=3062"}],"curies":[{"name":"wp","href":"https:\/\/api.w.org\/{rel}","templated":true}]}}