{"id":3042,"date":"2025-03-14T12:23:00","date_gmt":"2025-03-14T13:23:00","guid":{"rendered":"https:\/\/consultoria.cv\/?p=3042"},"modified":"2025-03-26T19:21:38","modified_gmt":"2025-03-26T20:21:38","slug":"le-salaire-minimum-au-cap-vert-les-perspectives-economiques-et-les-defis-du-travail-en-2025","status":"publish","type":"post","link":"https:\/\/consultoria.cv\/fr\/salario-minimo-em-cabo-verde-o-panorama-economico-e-os-desafios-laborais-em-2025\/","title":{"rendered":"Salaire minimum au Cap-Vert : perspectives \u00e9conomiques et d\u00e9fis du travail en 2025"},"content":{"rendered":"<p>Le salaire minimum au Cap-Vert est un \u00e9l\u00e9ment essentiel pour la stabilit\u00e9 \u00e9conomique et sociale du pays. \u00c0 partir de janvier 2025, le salaire mensuel minimum a \u00e9t\u00e9 fix\u00e9 \u00e0 <strong>17.000$00<\/strong>Il s'agit d'une augmentation significative par rapport aux ann\u00e9es pr\u00e9c\u00e9dentes. Cette mise \u00e0 jour refl\u00e8te une politique salariale dynamique et adapt\u00e9e aux conditions \u00e9conomiques et sociales de l'archipel.<\/p>\n\n\n\n<p>Dans cet article, nous explorons l'\u00e9volution historique du salaire minimum, les facteurs qui influencent sa d\u00e9finition, les d\u00e9fis du march\u00e9 du travail et les perspectives d'avenir pour les travailleurs et les employeurs au Cap-Vert.<\/p>\n\n\n\n<h2 class=\"wp-block-heading\">L'\u00e9volution historique :<\/h2>\n\n\n\n<p>Le salaire minimum cap-verdien a connu des augmentations progressives au fil des ans, en fonction de l'\u00e9volution \u00e9conomique et des besoins des travailleurs :<\/p>\n\n\n\n<ul class=\"wp-block-list\">\n<li><strong>2014<\/strong>: 11.000$00<\/li>\n\n\n\n<li><strong>2018<\/strong>: 13.000$00<\/li>\n\n\n\n<li><strong>2024<\/strong>: 13.000$00<\/li>\n\n\n\n<li><strong>2025<\/strong>17.000$00 (augmentation de 54.5%)<\/li>\n<\/ul>\n\n\n\n<p>Cette croissance refl\u00e8te les efforts d\u00e9ploy\u00e9s par les autorit\u00e9s pour am\u00e9liorer les conditions de vie des travailleurs, en garantissant un \u00e9quilibre entre une r\u00e9mun\u00e9ration \u00e9quitable et la durabilit\u00e9 des entreprises.<\/p>\n\n\n\n<h2 class=\"wp-block-heading\">Le contexte \u00e9conomique :<\/h2>\n\n\n\n<p>a d\u00e9finition du salaire minimum au Cap-Vert est directement li\u00e9e \u00e0 divers facteurs \u00e9conomiques, notamment :<\/p>\n\n\n\n<ul class=\"wp-block-list\">\n<li><strong>Produit int\u00e9rieur brut (PIB)<\/strong>La croissance \u00e9conomique du pays influe sur la capacit\u00e9 \u00e0 r\u00e9viser les salaires.<\/li>\n\n\n\n<li><strong>Indices d'inflation<\/strong>Le co\u00fbt de la vie et les variations de prix ont un impact sur la n\u00e9cessit\u00e9 d'ajuster le salaire minimum.<\/li>\n\n\n\n<li><strong>March\u00e9 du travail<\/strong>Le taux de ch\u00f4mage et la structure de l'emploi formel et informel sont des facteurs d\u00e9terminants pour les d\u00e9cisions salariales.<\/li>\n<\/ul>\n\n\n\n<p>Le gouvernement du Cap-Vert s'efforce de trouver un \u00e9quilibre entre.. :<\/p>\n\n\n\n<ul class=\"wp-block-list\">\n<li>Garantir des salaires \u00e9quitables aux travailleurs.<\/li>\n\n\n\n<li>Maintenir la comp\u00e9titivit\u00e9 \u00e9conomique du pays et son attrait pour les investisseurs.<\/li>\n\n\n\n<li>Pr\u00e9server les niveaux d'emploi et \u00e9viter les effets n\u00e9gatifs sur l'employabilit\u00e9.<\/li>\n<\/ul>\n\n\n\n<h2 class=\"wp-block-heading\">R\u00e9glementation et droits du travail :<\/h2>\n\n\n\n<p>Le salaire minimum est r\u00e9glement\u00e9 par la <strong>Code du travail du Cap-Vert<\/strong>qui suit les lignes directrices de la <strong>Organisation internationale du travail (OIT)<\/strong>. Ce cadre juridique vise \u00e0<\/p>\n\n\n\n<ul class=\"wp-block-list\">\n<li>Garantir des pratiques de travail \u00e9quitables.<\/li>\n\n\n\n<li>D\u00e9finir les droits et les devoirs des employeurs et des travailleurs.<\/li>\n\n\n\n<li>Prot\u00e9ger les travailleurs contre l'exploitation salariale.<\/li>\n<\/ul>\n\n\n\n<p>En outre, le respect de ces r\u00e8gles est essentiel pour \u00e9viter les in\u00e9galit\u00e9s sur le march\u00e9 du travail et garantir la formalisation des relations de travail.<\/p>\n\n\n\n<h2 class=\"wp-block-heading\">Les d\u00e9fis du march\u00e9 du travail au Cap-Vert :<\/h2>\n\n\n\n<p>Malgr\u00e9 l'augmentation du salaire minimum, le Cap-Vert est confront\u00e9 \u00e0 des d\u00e9fis structurels sur le march\u00e9 du travail :<\/p>\n\n\n\n<ul class=\"wp-block-list\">\n<li><strong>Taux de ch\u00f4mage \u00e9lev\u00e9s<\/strong>en particulier chez les jeunes.<\/li>\n\n\n\n<li><strong>Pr\u00e9dominance du secteur informel<\/strong>Il est donc difficile d'appliquer efficacement les politiques salariales.<\/li>\n\n\n\n<li><strong>Faible niveau de qualification professionnelle<\/strong>Ce probl\u00e8me limite la croissance des secteurs \u00e0 plus forte valeur ajout\u00e9e.<\/li>\n<\/ul>\n\n\n\n<p>Pour att\u00e9nuer ces difficult\u00e9s, le gouvernement a encourag\u00e9 des initiatives strat\u00e9giques.<\/p>\n\n\n\n<h3 class=\"wp-block-heading\">Politiques et strat\u00e9gies gouvernementales :<\/h3>\n\n\n\n<p>L'augmentation du salaire minimum fait partie d'un ensemble plus large de politiques visant \u00e0 am\u00e9liorer le march\u00e9 du travail et l'\u00e9conomie. Parmi les mesures prises, on peut citer<\/p>\n\n\n\n<ul class=\"wp-block-list\">\n<li><strong>Promouvoir l'emploi formel<\/strong>encourager l'embauche r\u00e9guli\u00e8re et le respect des normes du travail.<\/li>\n\n\n\n<li><strong>Renforcer la formation professionnelle<\/strong>en pr\u00e9parant les travailleurs aux secteurs strat\u00e9giques de l'\u00e9conomie.<\/li>\n\n\n\n<li><strong>Stimuler l'esprit d'entreprise<\/strong>cr\u00e9er des conditions propices au d\u00e9veloppement d'entreprises durables.<\/li>\n<\/ul>\n\n\n\n<p>Ces strat\u00e9gies visent \u00e0 cr\u00e9er un environnement plus favorable \u00e0 la croissance \u00e9conomique et \u00e0 am\u00e9liorer la qualit\u00e9 de vie des citoyens.<\/p>\n\n\n\n<h2 class=\"wp-block-heading\">Les effets attendus de l'augmentation des salaires :<\/h2>\n\n\n\n<p>L'actualisation du salaire minimum peut avoir des effets \u00e0 la fois positifs et difficiles sur l'\u00e9conomie cap-verdienne :<\/p>\n\n\n\n<p><strong>Avantages :<\/strong><\/p>\n\n\n\n<ul class=\"wp-block-list\">\n<li><strong>Augmentation du pouvoir d'achat : <\/strong>les travailleurs pourront consommer davantage, ce qui stimulera le march\u00e9 int\u00e9rieur.<\/li>\n\n\n\n<li><strong>R\u00e9duction de la pauvret\u00e9<\/strong>L'am\u00e9lioration des revenus peut contribuer \u00e0 r\u00e9duire les in\u00e9galit\u00e9s sociales.<\/li>\n\n\n\n<li><strong>Stimuler l'\u00e9conomie<\/strong>Le secteur des entreprises peut b\u00e9n\u00e9ficier d'une hausse de la consommation, ce qui stimule la croissance.<\/li>\n<\/ul>\n\n\n\n<p><strong>D\u00e9fis :<\/strong><\/p>\n\n\n\n<ul class=\"wp-block-list\">\n<li><strong>Durabilit\u00e9 des entreprises : petites entreprises<\/strong>ertaines entreprises peuvent \u00e9prouver des difficult\u00e9s \u00e0 faire face aux co\u00fbts salariaux, ce qui affecte leur viabilit\u00e9.<\/li>\n\n\n\n<li><strong>Risque de hausse du ch\u00f4mage : en<\/strong>les entreprises ayant une capacit\u00e9 financi\u00e8re moindre peuvent r\u00e9duire leurs embauches ou se tourner vers le secteur informel.<\/li>\n<\/ul>\n\n\n\n<p>La cl\u00e9 du succ\u00e8s de cette mesure sera un suivi continu et des politiques compl\u00e9mentaires pour soutenir les entreprises et les travailleurs.<\/p>\n\n\n\n<h2 class=\"wp-block-heading\"><strong>Perspectives d'avenir du salaire minimum au Cap-Vert<\/strong><\/h2>\n\n\n\n<p>Dans les ann\u00e9es \u00e0 venir, le salaire minimum devrait continuer \u00e0 \u00e9voluer en fonction des tendances \u00e9conomiques et sociales du pays. <\/p>\n\n\n\n<p>Le gouvernement et les partenaires sociaux du Cap-Vert ont sign\u00e9 le deuxi\u00e8me accord de consultation strat\u00e9gique, qui pr\u00e9voit une augmentation du salaire minimum \u00e0 20,000$00 (181 euros) en 2027, ce qui repr\u00e9sente une augmentation de 81% depuis sa cr\u00e9ation en 2013.<\/p>\n\n\n\n<p>Toutefois, le gouvernement et les partenaires sociaux devraient :<\/p>\n\n\n\n<ul class=\"wp-block-list\">\n<li>Contr\u00f4ler l'impact des augmentations de salaires sur l'\u00e9conomie.<\/li>\n\n\n\n<li>Adapter les politiques d'emploi et de formation pour garantir un march\u00e9 du travail plus qualifi\u00e9.<\/li>\n\n\n\n<li>Cr\u00e9er des incitations \u00e0 la croissance des entreprises et \u00e0 la cr\u00e9ation de nouveaux emplois.<\/li>\n<\/ul>\n\n\n\n<p><\/p>\n\n\n\n<h2 class=\"wp-block-heading\">Conclusion :<\/h2>\n\n\n\n<p><br>L'augmentation du salaire minimum \u00e0 17,000$00 en 2025 repr\u00e9sente un pas important vers l'am\u00e9lioration des conditions de travail au Cap-Vert. Toutefois, le succ\u00e8s de cette mesure d\u00e9pendra d'une mise en \u0153uvre attentive, de politiques compl\u00e9mentaires efficaces et d'un dialogue continu entre le gouvernement, les entreprises et les travailleurs. <\/p>\n\n\n\n<p>Il sera essentiel de garantir une croissance \u00e9conomique durable et un environnement de travail \u00e9quitable pour consolider les avantages de cette actualisation salariale et promouvoir un d\u00e9veloppement inclusif dans le pays.<\/p>\n\n\n\n<p><\/p>\n\n\n\n<p>Sources : <\/p>\n\n\n\n<p><a href=\"https:\/\/www.governo.cv\/ajuste-salario-minimo-2025\/\" target=\"_blank\" rel=\"noopener noreferrer nofollow\">https:\/\/www.governo.cv\/ajuste-salario-minimo-2025\/<\/a><\/p>\n\n\n\n<p><a href=\"https:\/\/www.rtp.pt\/noticias\/economia\/salario-minimo-em-cabo-verde-podera-aumentar-81-em-14-anos_n1548642\" target=\"_blank\" rel=\"noopener noreferrer nofollow\">https:\/\/www.rtp.pt\/noticias\/economia\/salario-minimo-em-cabo-verde-podera-aumentar-81-em-14-anos_n1548642<\/a><\/p>\n\n\n\n<figure class=\"wp-block-embed is-type-wp-embed is-provider-governo-de-cabo-verde wp-block-embed-governo-de-cabo-verde\"><div class=\"wp-block-embed__wrapper\">\n<blockquote class=\"wp-embedded-content\" data-secret=\"WuHkxDZQgb\"><a href=\"https:\/\/www.governo.cv\/ajuste-salario-minimo-2025\/\" target=\"_blank\" rel=\"noopener noreferrer nofollow\">Augmentation du salaire minimum national et de l'administration publique<\/a><\/blockquote><iframe loading=\"lazy\" class=\"wp-embedded-content\" sandbox=\"allow-scripts\" security=\"restricted\" style=\"position: absolute; visibility: hidden;\" title=\"&quot;Augmentation du salaire minimum national et de l&#039;administration publique&quot; - Gouvernement du Cap-Vert\" src=\"https:\/\/www.governo.cv\/ajuste-salario-minimo-2025\/embed\/#?secret=0LrsAn8dD9#?secret=WuHkxDZQgb\" data-secret=\"WuHkxDZQgb\" width=\"500\" height=\"282\" frameborder=\"0\" marginwidth=\"0\" marginheight=\"0\" scrolling=\"no\"><\/iframe>\n<\/div><\/figure>","protected":false},"excerpt":{"rendered":"<p>O sal\u00e1rio m\u00ednimo em Cabo Verde \u00e9 um elemento essencial para a estabilidade econ\u00f3mica e social do pa\u00eds. A partir de janeiro de 2025, o valor m\u00ednimo de remunera\u00e7\u00e3o mensal foi fixado em 17.000$00, representando um aumento significativo face aos anos anteriores. Esta atualiza\u00e7\u00e3o reflete uma pol\u00edtica salarial din\u00e2mica e adaptada \u00e0s condi\u00e7\u00f5es econ\u00f3micas e [&hellip;]<\/p>\n","protected":false},"author":2,"featured_media":3128,"comment_status":"closed","ping_status":"closed","sticky":false,"template":"","format":"standard","meta":{"_breakdance_hide_in_design_set":false,"_breakdance_tags":"","footnotes":""},"categories":[1,172],"tags":[],"class_list":["post-3042","post","type-post","status-publish","format-standard","has-post-thumbnail","hentry","category-blog","category-gestao-financeira"],"_links":{"self":[{"href":"https:\/\/consultoria.cv\/fr\/wp-json\/wp\/v2\/posts\/3042","targetHints":{"allow":["GET"]}}],"collection":[{"href":"https:\/\/consultoria.cv\/fr\/wp-json\/wp\/v2\/posts"}],"about":[{"href":"https:\/\/consultoria.cv\/fr\/wp-json\/wp\/v2\/types\/post"}],"author":[{"embeddable":true,"href":"https:\/\/consultoria.cv\/fr\/wp-json\/wp\/v2\/users\/2"}],"replies":[{"embeddable":true,"href":"https:\/\/consultoria.cv\/fr\/wp-json\/wp\/v2\/comments?post=3042"}],"version-history":[{"count":2,"href":"https:\/\/consultoria.cv\/fr\/wp-json\/wp\/v2\/posts\/3042\/revisions"}],"predecessor-version":[{"id":3045,"href":"https:\/\/consultoria.cv\/fr\/wp-json\/wp\/v2\/posts\/3042\/revisions\/3045"}],"wp:featuredmedia":[{"embeddable":true,"href":"https:\/\/consultoria.cv\/fr\/wp-json\/wp\/v2\/media\/3128"}],"wp:attachment":[{"href":"https:\/\/consultoria.cv\/fr\/wp-json\/wp\/v2\/media?parent=3042"}],"wp:term":[{"taxonomy":"category","embeddable":true,"href":"https:\/\/consultoria.cv\/fr\/wp-json\/wp\/v2\/categories?post=3042"},{"taxonomy":"post_tag","embeddable":true,"href":"https:\/\/consultoria.cv\/fr\/wp-json\/wp\/v2\/tags?post=3042"}],"curies":[{"name":"wp","href":"https:\/\/api.w.org\/{rel}","templated":true}]}}