{"id":3002,"date":"2025-03-01T00:24:03","date_gmt":"2025-03-01T01:24:03","guid":{"rendered":"https:\/\/consultoria.cv\/remodelacao-no-governo-de-cabo-verde-separa-financas-e-fomento-empresarial-noticias-ao-minuto\/"},"modified":"2025-03-01T00:24:03","modified_gmt":"2025-03-01T01:24:03","slug":"remodelacao-no-governo-de-cabo-verde-separa-financas-e-fomento-empresarial-noticias-ao-minuto","status":"publish","type":"post","link":"https:\/\/consultoria.cv\/fr\/remodelacao-no-governo-de-cabo-verde-separa-financas-e-fomento-empresarial-noticias-ao-minuto\/","title":{"rendered":"Remodela\u00e7\u00e3o no Governo de Cabo Verde separa Finan\u00e7as e Fomento Empresarial &#8211; Not\u00edcias ao Minuto"},"content":{"rendered":"<div><a href=\"https:\/\/news.google.com\/rss\/articles\/CBMivgFBVV95cUxQbE5qU0hSMmowM0JXVnJVWHRtRFpSeUp6bDRzTzkzT0VXRjFSSFl0R1dQRHJYVkE3N1U2ZFdoejhDZzREelctVlhQN3U2TjkwU0JDa1AwbnRzM2dua2x6M1BjUF8zM293dEhwMkxfbnJNeVJBcUZmQ2dXRFF2QXBCWDRvSm92Tkh0SWY3NV90TTdfR2MwcG5IVDRoR1l2c2NvQjZELWVjYjg2ZExzaXNMTHFPZ3lkbWx5MFc0VWpR?oc=5\" target=\"_blank\" rel=\"noopener noreferrer nofollow\">Remodela\u00e7\u00e3o no Governo de Cabo Verde separa Finan\u00e7as e Fomento Empresarial<\/a>\u00a0\u00a0<font color=\"#6f6f6f\">Nouvelles du monde<\/font><\/div>","protected":false},"excerpt":{"rendered":"<p>Remodela\u00e7\u00e3o no Governo de Cabo Verde separa Finan\u00e7as e Fomento Empresarial\u00a0\u00a0Not\u00edcias ao Minuto<\/p>","protected":false},"author":2,"featured_media":0,"comment_status":"closed","ping_status":"closed","sticky":false,"template":"","format":"standard","meta":{"_breakdance_hide_in_design_set":false,"_breakdance_tags":"","footnotes":""},"categories":[263],"tags":[264],"class_list":["post-3002","post","type-post","status-publish","format-standard","hentry","category-noticias","tag-noticias"],"_links":{"self":[{"href":"https:\/\/consultoria.cv\/fr\/wp-json\/wp\/v2\/posts\/3002","targetHints":{"allow":["GET"]}}],"collection":[{"href":"https:\/\/consultoria.cv\/fr\/wp-json\/wp\/v2\/posts"}],"about":[{"href":"https:\/\/consultoria.cv\/fr\/wp-json\/wp\/v2\/types\/post"}],"author":[{"embeddable":true,"href":"https:\/\/consultoria.cv\/fr\/wp-json\/wp\/v2\/users\/2"}],"replies":[{"embeddable":true,"href":"https:\/\/consultoria.cv\/fr\/wp-json\/wp\/v2\/comments?post=3002"}],"version-history":[{"count":0,"href":"https:\/\/consultoria.cv\/fr\/wp-json\/wp\/v2\/posts\/3002\/revisions"}],"wp:attachment":[{"href":"https:\/\/consultoria.cv\/fr\/wp-json\/wp\/v2\/media?parent=3002"}],"wp:term":[{"taxonomy":"category","embeddable":true,"href":"https:\/\/consultoria.cv\/fr\/wp-json\/wp\/v2\/categories?post=3002"},{"taxonomy":"post_tag","embeddable":true,"href":"https:\/\/consultoria.cv\/fr\/wp-json\/wp\/v2\/tags?post=3002"}],"curies":[{"name":"wp","href":"https:\/\/api.w.org\/{rel}","templated":true}]}}