{"id":3001,"date":"2025-03-01T00:21:16","date_gmt":"2025-03-01T01:21:16","guid":{"rendered":"https:\/\/consultoria.cv\/remodelacao-no-governo-de-cabo-verde-separa-financas-e-fomento-empresarial-e-muda-nomes-impala\/"},"modified":"2025-03-01T00:21:16","modified_gmt":"2025-03-01T01:21:16","slug":"remodelacao-no-governo-de-cabo-verde-separa-financas-e-fomento-empresarial-e-muda-nomes-impala","status":"publish","type":"post","link":"https:\/\/consultoria.cv\/fr\/remodelacao-no-governo-de-cabo-verde-separa-financas-e-fomento-empresarial-e-muda-nomes-impala\/","title":{"rendered":"Remodela\u00e7\u00e3o no Governo de Cabo Verde separa Finan\u00e7as e Fomento Empresarial e muda nomes &#8211; Impala"},"content":{"rendered":"<div><a href=\"https:\/\/news.google.com\/rss\/articles\/CBMixwFBVV95cUxNSGY2UU55OFlaQ2RmdGpUM2RTWktWWXFWWUFmUk1fRUs1N1o0Qm1YX3ZlVFh0TFR6aW5LTmtfNHFtd05OVkhKbzVzY05NSWJOUzc2bkhxT3IzeGhNT2tmX0FwRFlVZS1TVGxVNzJoSXMtR0tmTWpBUzZPLXRqQkpMNWZSYlJGYUFMSVZKMlBJSUFvV25aODYxZ3lRNVpQTEdnSXFxbnJNZjRYU2JsLVlNZWRyWm9GSFpuUzlldHRUbHdnMnc4SWpN?oc=5\" target=\"_blank\" rel=\"noopener noreferrer nofollow\">Remodela\u00e7\u00e3o no Governo de Cabo Verde separa Finan\u00e7as e Fomento Empresarial e muda nomes<\/a>\u00a0\u00a0<font color=\"#6f6f6f\">Impala<\/font><\/div>","protected":false},"excerpt":{"rendered":"<p>Remodela\u00e7\u00e3o no Governo de Cabo Verde separa Finan\u00e7as e Fomento Empresarial e muda nomes\u00a0\u00a0Impala<\/p>","protected":false},"author":2,"featured_media":0,"comment_status":"closed","ping_status":"closed","sticky":false,"template":"","format":"standard","meta":{"_breakdance_hide_in_design_set":false,"_breakdance_tags":"","footnotes":""},"categories":[263],"tags":[264],"class_list":["post-3001","post","type-post","status-publish","format-standard","hentry","category-noticias","tag-noticias"],"_links":{"self":[{"href":"https:\/\/consultoria.cv\/fr\/wp-json\/wp\/v2\/posts\/3001","targetHints":{"allow":["GET"]}}],"collection":[{"href":"https:\/\/consultoria.cv\/fr\/wp-json\/wp\/v2\/posts"}],"about":[{"href":"https:\/\/consultoria.cv\/fr\/wp-json\/wp\/v2\/types\/post"}],"author":[{"embeddable":true,"href":"https:\/\/consultoria.cv\/fr\/wp-json\/wp\/v2\/users\/2"}],"replies":[{"embeddable":true,"href":"https:\/\/consultoria.cv\/fr\/wp-json\/wp\/v2\/comments?post=3001"}],"version-history":[{"count":0,"href":"https:\/\/consultoria.cv\/fr\/wp-json\/wp\/v2\/posts\/3001\/revisions"}],"wp:attachment":[{"href":"https:\/\/consultoria.cv\/fr\/wp-json\/wp\/v2\/media?parent=3001"}],"wp:term":[{"taxonomy":"category","embeddable":true,"href":"https:\/\/consultoria.cv\/fr\/wp-json\/wp\/v2\/categories?post=3001"},{"taxonomy":"post_tag","embeddable":true,"href":"https:\/\/consultoria.cv\/fr\/wp-json\/wp\/v2\/tags?post=3001"}],"curies":[{"name":"wp","href":"https:\/\/api.w.org\/{rel}","templated":true}]}}